{"id":141645,"date":"2026-01-14T01:21:16","date_gmt":"2026-01-14T01:21:16","guid":{"rendered":"https:\/\/www.europesays.com\/fi\/141645\/"},"modified":"2026-01-14T01:21:16","modified_gmt":"2026-01-14T01:21:16","slug":"lauri-raittila-tekee-retkeilyvarusteensa-itse-koska-sopivia-ei-saanut-kaupasta","status":"publish","type":"post","link":"https:\/\/www.europesays.com\/fi\/141645\/","title":{"rendered":"Lauri Raittila tekee retkeilyvarusteensa itse, koska sopivia ei saanut kaupasta"},"content":{"rendered":"<p class=\"article__paragraph\">\n      Lauri Raittila on valmistanut useimmat retkeilyvarusteensa itse. Varsinkin vaatteet, mutta my\u00f6s ahkiot, rinkat ja puukot.\n    <\/p>\n<p class=\"article__paragraph\">\n      \u2013 P\u00e4\u00e4motivaationi oli pitk\u00e4\u00e4n se, ett\u00e4 vastaavaa tuotetta ei saanut kaupasta, Raittila kertoo.\n    <\/p>\n<p class=\"article__paragraph\">\n      Kipin\u00e4 k\u00e4sit\u00f6ihin syttyi teini-i\u00e4ss\u00e4 1990-luvun lopulla, kun Raittila alkoi tehd\u00e4 py\u00f6r\u00e4retki\u00e4 eri puolille Suomea. Py\u00f6r\u00e4\u00e4n oli kiinnitetty kimpsuja ja kampsuja, ja paluumatkalla h\u00e4nest\u00e4 tuntui, ett\u00e4 tavaralastin kanssa on hankala matkustaa junassa.\n    <\/p>\n<p class=\"article__paragraph\">\n      Sitten Raittila luki netin uutisryhm\u00e4st\u00e4, ett\u00e4 joku retkeilyharrastaja oli tehnyt itselleen py\u00f6r\u00e4laukkurinkan. Siis tilavan rinkan, jonka voi tarvittaessa jakaa kahteen osaan, jolloin syntyy kaksi py\u00f6r\u00e4laukkua.<\/p>\n","protected":false},"excerpt":{"rendered":"Lauri Raittila on valmistanut useimmat retkeilyvarusteensa itse. Varsinkin vaatteet, mutta my\u00f6s ahkiot, rinkat ja puukot. \u2013 P\u00e4\u00e4motivaationi oli&hellip;\n","protected":false},"author":2,"featured_media":141646,"comment_status":"","ping_status":"","sticky":false,"template":"","format":"standard","meta":{"footnotes":""},"categories":[76],"tags":[79,77,33,31,30,32,78],"class_list":{"0":"post-141645","1":"post","2":"type-post","3":"status-publish","4":"format-standard","5":"has-post-thumbnail","7":"category-talous","8":"tag-business","9":"tag-economy","10":"tag-fi","11":"tag-finland","12":"tag-finnish","13":"tag-suomi","14":"tag-talous"},"share_on_mastodon":{"url":"https:\/\/pubeurope.com\/@fi\/115890833595324976","error":""},"_links":{"self":[{"href":"https:\/\/www.europesays.com\/fi\/wp-json\/wp\/v2\/posts\/141645","targetHints":{"allow":["GET"]}}],"collection":[{"href":"https:\/\/www.europesays.com\/fi\/wp-json\/wp\/v2\/posts"}],"about":[{"href":"https:\/\/www.europesays.com\/fi\/wp-json\/wp\/v2\/types\/post"}],"author":[{"embeddable":true,"href":"https:\/\/www.europesays.com\/fi\/wp-json\/wp\/v2\/users\/2"}],"replies":[{"embeddable":true,"href":"https:\/\/www.europesays.com\/fi\/wp-json\/wp\/v2\/comments?post=141645"}],"version-history":[{"count":0,"href":"https:\/\/www.europesays.com\/fi\/wp-json\/wp\/v2\/posts\/141645\/revisions"}],"wp:featuredmedia":[{"embeddable":true,"href":"https:\/\/www.europesays.com\/fi\/wp-json\/wp\/v2\/media\/141646"}],"wp:attachment":[{"href":"https:\/\/www.europesays.com\/fi\/wp-json\/wp\/v2\/media?parent=141645"}],"wp:term":[{"taxonomy":"category","embeddable":true,"href":"https:\/\/www.europesays.com\/fi\/wp-json\/wp\/v2\/categories?post=141645"},{"taxonomy":"post_tag","embeddable":true,"href":"https:\/\/www.europesays.com\/fi\/wp-json\/wp\/v2\/tags?post=141645"}],"curies":[{"name":"wp","href":"https:\/\/api.w.org\/{rel}","templated":true}]}}