{"id":141647,"date":"2026-01-14T01:22:13","date_gmt":"2026-01-14T01:22:13","guid":{"rendered":"https:\/\/www.europesays.com\/fi\/141647\/"},"modified":"2026-01-14T01:22:13","modified_gmt":"2026-01-14T01:22:13","slug":"pekka-toveri-vastaa-viestipalvelussa-kongressiedustajalle-gronlannista-napakasti","status":"publish","type":"post","link":"https:\/\/www.europesays.com\/fi\/141647\/","title":{"rendered":"Pekka Toveri vastaa viestipalvelussa kongressiedustajalle Gr\u00f6nlannista napakasti"},"content":{"rendered":"<p>Arktinen valtapeli Gr\u00f6nlannista jatkuu.<\/p>\n<p class=\"article-body mb-nof-24 px-nof-16\">Republikaanien kongressiedustaja <a class=\"font-bold underline-offset-[0.12em] [text-decoration:var(--person-link-text-decoration)] ![text-decoration-color:var(--person-link-text-decoration-color)]\" href=\"https:\/\/www.is.fi\/haku\/?query=Randy%20Fine\" rel=\"nofollow noopener\" target=\"_blank\">Randy Fine<\/a> esittelee <a class=\"underline underline-offset-[0.12em] [text-decoration-thickness:var(--generic-link-underline-thickness)] [text-decoration-color:var(--generic-link-underline-color)] [text-decoration-skip-ink:var(--generic-link-underline-skip-ink)] break-words\" href=\"https:\/\/x.com\/RepFine\/status\/2010901091244765478\" rel=\"nofollow\">viestipalvelu X:ss\u00e4 <\/a>lakialoitteen, jonka mukaan Yhdysvallat voisi tehd\u00e4 Gr\u00f6nlannista 51. osavaltionsa. Aloite antaisi presidentti<a class=\"font-bold underline-offset-[0.12em] [text-decoration:var(--person-link-text-decoration)] ![text-decoration-color:var(--person-link-text-decoration-color)]\" href=\"https:\/\/www.is.fi\/haku\/?query=%20Donald%20Trumpille\" rel=\"nofollow noopener\" target=\"_blank\"> Donald Trumpille<\/a> valtuuden ottaa saari Yhdysvaltojen haltuun. Lakialoite kulkee nimell\u00e4 Greenland Annexation and Statehood Act.<\/p>\n<p class=\"article-body mb-nof-24 px-nof-16\">\u2013 Haluan tehd\u00e4 selv\u00e4ksi, ett\u00e4 vastustajamme yritt\u00e4v\u00e4t saada jalansijaa Arktiksella, emmek\u00e4 voi antaa sen tapahtua, Fine kirjoittaa.<\/p>\n<p class=\"article-body mb-nof-24 px-nof-16\">H\u00e4n jatkaa, ett\u00e4 Yhdysvallat voi Gr\u00f6nlannissa turvata maailman pohjoista kylke\u00e4 Ven\u00e4j\u00e4lt\u00e4 ja Kiinalta.<\/p>\n<p><img decoding=\"async\" src=\"https:\/\/www.europesays.com\/fi\/wp-content\/uploads\/2026\/01\/1768353733_367_320.jpg\" alt=\"Euroopan parlamentin j\u00e4sen Pekka Toveri.\" class=\"_Img_1rerz_1\" style=\"aspect-ratio:1.5\" loading=\"eager\"\/><\/p>\n<p class=\"article-picture-caption\">Euroopan parlamentin j\u00e4sen Pekka Toveri. Kuva:\u00a0Seppo K\u00e4rki \/ IS<\/p>\n<p class=\"article-body mb-nof-24 px-nof-16\">Euroopan parlamentin j\u00e4sen <a class=\"font-bold underline-offset-[0.12em] [text-decoration:var(--person-link-text-decoration)] ![text-decoration-color:var(--person-link-text-decoration-color)]\" href=\"https:\/\/www.is.fi\/haku\/?query=Pekka%20Toveri\" rel=\"nofollow noopener\" target=\"_blank\">Pekka Toveri<\/a> (kok) vastaa Finelle:<\/p>\n<p class=\"article-body mb-nof-24 px-nof-16\">\u2013 Ole hyv\u00e4 ja lue sopimukset, joita USA on tehnyt Tanskan kanssa Gr\u00f6nlannista. USA on tunnustanut Tanskan omistuksen, ja Yhdysvaltojen on sallittu l\u00e4hett\u00e4\u00e4 joukkoja Gr\u00f6nlantiin. USA:ta voidaan puolustaa Gr\u00f6nlannissa liittolaisten kanssa. Nyt yrit\u00e4tte vain luoda lis\u00e4\u00e4 vihollisia. \u00c4l\u00e4 ole kuin <a class=\"font-bold underline-offset-[0.12em] [text-decoration:var(--person-link-text-decoration)] ![text-decoration-color:var(--person-link-text-decoration-color)]\" href=\"https:\/\/www.is.fi\/haku\/?query=Putin\" rel=\"nofollow noopener\" target=\"_blank\">Putin<\/a>, ole kuin <a class=\"font-bold underline-offset-[0.12em] [text-decoration:var(--person-link-text-decoration)] ![text-decoration-color:var(--person-link-text-decoration-color)]\" href=\"https:\/\/www.is.fi\/haku\/?query=Reagan\" rel=\"nofollow noopener\" target=\"_blank\">Reagan<\/a>.<\/p>\n","protected":false},"excerpt":{"rendered":"Arktinen valtapeli Gr\u00f6nlannista jatkuu. Republikaanien kongressiedustaja Randy Fine esittelee viestipalvelu X:ss\u00e4 lakialoitteen, jonka mukaan Yhdysvallat voisi tehd\u00e4 Gr\u00f6nlannista&hellip;\n","protected":false},"author":2,"featured_media":141648,"comment_status":"","ping_status":"","sticky":false,"template":"","format":"standard","meta":{"footnotes":""},"categories":[14],"tags":[22,23,26,27,33,31,30,17,34,24,25,28,29,15,18,21,32,19,20,56,16,59,60,61],"class_list":{"0":"post-141647","1":"post","2":"type-post","3":"status-publish","4":"format-standard","5":"has-post-thumbnail","7":"category-ulkomaat","8":"tag-breaking-news","9":"tag-breakingnews","10":"tag-featured-news","11":"tag-featurednews","12":"tag-fi","13":"tag-finland","14":"tag-finnish","15":"tag-headlines","16":"tag-ilta-sanomat","17":"tag-latest-news","18":"tag-latestnews","19":"tag-main-news","20":"tag-mainnews","21":"tag-news","22":"tag-otsikot","23":"tag-paauutiset","24":"tag-suomi","25":"tag-top-stories","26":"tag-topstories","27":"tag-ulkomaat","28":"tag-uutiset","29":"tag-world","30":"tag-world-news","31":"tag-worldnews"},"share_on_mastodon":{"url":"https:\/\/pubeurope.com\/@fi\/115890837500090096","error":""},"_links":{"self":[{"href":"https:\/\/www.europesays.com\/fi\/wp-json\/wp\/v2\/posts\/141647","targetHints":{"allow":["GET"]}}],"collection":[{"href":"https:\/\/www.europesays.com\/fi\/wp-json\/wp\/v2\/posts"}],"about":[{"href":"https:\/\/www.europesays.com\/fi\/wp-json\/wp\/v2\/types\/post"}],"author":[{"embeddable":true,"href":"https:\/\/www.europesays.com\/fi\/wp-json\/wp\/v2\/users\/2"}],"replies":[{"embeddable":true,"href":"https:\/\/www.europesays.com\/fi\/wp-json\/wp\/v2\/comments?post=141647"}],"version-history":[{"count":0,"href":"https:\/\/www.europesays.com\/fi\/wp-json\/wp\/v2\/posts\/141647\/revisions"}],"wp:featuredmedia":[{"embeddable":true,"href":"https:\/\/www.europesays.com\/fi\/wp-json\/wp\/v2\/media\/141648"}],"wp:attachment":[{"href":"https:\/\/www.europesays.com\/fi\/wp-json\/wp\/v2\/media?parent=141647"}],"wp:term":[{"taxonomy":"category","embeddable":true,"href":"https:\/\/www.europesays.com\/fi\/wp-json\/wp\/v2\/categories?post=141647"},{"taxonomy":"post_tag","embeddable":true,"href":"https:\/\/www.europesays.com\/fi\/wp-json\/wp\/v2\/tags?post=141647"}],"curies":[{"name":"wp","href":"https:\/\/api.w.org\/{rel}","templated":true}]}}