{"id":141649,"date":"2026-01-14T01:23:12","date_gmt":"2026-01-14T01:23:12","guid":{"rendered":"https:\/\/www.europesays.com\/fi\/141649\/"},"modified":"2026-01-14T01:23:12","modified_gmt":"2026-01-14T01:23:12","slug":"mauno-vahamaki-1939-2025-hs-fi","status":"publish","type":"post","link":"https:\/\/www.europesays.com\/fi\/141649\/","title":{"rendered":"Mauno V\u00e4h\u00e4m\u00e4ki 1939\u20132025 | HS.fi"},"content":{"rendered":"<p class=\"article-body mb-nof-24 px-nof-16\">Maanmittausinsin\u00f6\u00f6ri, geodeetti <a class=\"font-bold underline-offset-[0.12em] [text-decoration:var(--person-link-text-decoration)] ![text-decoration-color:var(--person-link-text-decoration-color)]\" href=\"https:\/\/www.hs.fi\/haku\/?query=Mauno%20V%C3%A4h%C3%A4m%C3%A4ki\" rel=\"nofollow noopener\" target=\"_blank\">Mauno V\u00e4h\u00e4m\u00e4ki <\/a>kuoli Lapuan terveyskeskuksen vuodeosastolla 28. marraskuuta 2025. H\u00e4n oli 86-vuotias, syntynyt Lapualla 2. marraskuuta 1939.<\/p>\n<p class=\"article-body mb-nof-24 px-nof-16\">Mauno vietti lapsuutensa viisilapsisessa perheess\u00e4 Lapuan Hellanmaassa. V\u00e4h\u00e4m\u00e4en perhe sai elantonsa maanviljelyksest\u00e4.<\/p>\n<p class=\"article-body mb-nof-24 px-nof-16\">Mauno valmistui Otaniemen teknillisest\u00e4 korkeakoulusta diplomi-insin\u00f6\u00f6riksi ja aloitti uransa Helsingiss\u00e4 maanmittauspiirin kaavoitustoimistossa ja suunnittelukeskuksessa. Sittemmin h\u00e4n muutti Lapualle ja toimi kaupungin geodeettina ja kaavoitusp\u00e4\u00e4llikk\u00f6n\u00e4. Geodeetin vastuulle kuuluivat niin kiinteist\u00f6toimitukset, kartastoasiat, kaavoitus, kuin maapolitiikkakin.<\/p>\n<p class=\"article-body mb-nof-24 px-nof-16\">Maunon aikana Lapuan keskusta muuttui kirkonkyl\u00e4st\u00e4 kaupungiksi. Nyky-Lapuassa monelta osin n\u00e4kyy h\u00e4nen k\u00e4denj\u00e4lkens\u00e4. Virassa h\u00e4n oli vuosikymmeni\u00e4.<\/p>\n<p class=\"article-body mb-nof-24 px-nof-16\">Ty\u00f6ns\u00e4 ohella Maunolla oli paljon harrastuksia, joista taide oli h\u00e4nelle erityisen t\u00e4rke\u00e4. H\u00e4n maalasi ja my\u00f6s piirsi tauluja.<\/p>\n<p class=\"article-body mb-nof-24 px-nof-16\">Mauno oli hyvin aktiivinen my\u00f6s monenlaisessa j\u00e4rjest\u00f6toiminnassa. H\u00e4n toimi Etel\u00e4-Pohjanmaan sotaveteraanien, taiteilijaseuran ja Lapuan puutarhatoiminnan puheenjohtajana. Sotaveteraanien auttaminen oli h\u00e4nelle syd\u00e4men asia.<\/p>\n<p class=\"article-body mb-nof-24 px-nof-16\">Melonnasta kiinnostuneiden lapualaisten kanssa Mauno perusti Lapuanjoen melojat -seuran. Monet melontareissut suuntautuivat Suomen koskien lis\u00e4ksi Ruotsiin ja Norjaan. Lis\u00e4ksi Mauno toimi Lapuan matemaattis-luonnontieteellisen seuran puheenjohtajana. Avaruustiede, matematiikka ja fysiikka olivat h\u00e4nen kiinnostuksensa kohteina. Mauno oli my\u00f6s Lapuan Round Tablen ja Rotarien pitk\u00e4-aikainen j\u00e4sen.<\/p>\n<p class=\"article-body mb-nof-24 px-nof-16\">T\u00e4m\u00e4n kaiken lis\u00e4ksi Mauno oli mukana perheen lasten harrastuksissa huoltajana.<\/p>\n<p class=\"article-body mb-nof-24 px-nof-16\">Mauno sai el\u00e4\u00e4 pitk\u00e4n el\u00e4m\u00e4n, vaikea pitk\u00e4-aikainen sairaus vei lopulta voimat.<\/p>\n<p class=\"article-body mb-nof-24 px-nof-16\">H\u00e4nen l\u00e4hipiiriins\u00e4 kuuluivat puoliso Pirkko, lapset Paula ja Risto sek\u00e4 lapsenlapset.<\/p>\n<p class=\"article-body mb-nof-24 px-nof-16\">Risto V\u00e4h\u00e4m\u00e4ki<\/p>\n<p class=\"article-body nof-ui-body-medium mb-nof-24 px-nof-16\">Mauno V\u00e4h\u00e4m\u00e4en poika<\/p>\n","protected":false},"excerpt":{"rendered":"Maanmittausinsin\u00f6\u00f6ri, geodeetti Mauno V\u00e4h\u00e4m\u00e4ki kuoli Lapuan terveyskeskuksen vuodeosastolla 28. marraskuuta 2025. H\u00e4n oli 86-vuotias, syntynyt Lapualla 2. marraskuuta&hellip;\n","protected":false},"author":2,"featured_media":141650,"comment_status":"","ping_status":"","sticky":false,"template":"","format":"standard","meta":{"footnotes":""},"categories":[12],"tags":[22,23,26,27,33,31,30,17,46,24,25,28,29,15,18,21,32,19,20,16],"class_list":{"0":"post-141649","1":"post","2":"type-post","3":"status-publish","4":"format-standard","5":"has-post-thumbnail","7":"category-suomi","8":"tag-breaking-news","9":"tag-breakingnews","10":"tag-featured-news","11":"tag-featurednews","12":"tag-fi","13":"tag-finland","14":"tag-finnish","15":"tag-headlines","16":"tag-helsingin-sanomat","17":"tag-latest-news","18":"tag-latestnews","19":"tag-main-news","20":"tag-mainnews","21":"tag-news","22":"tag-otsikot","23":"tag-paauutiset","24":"tag-suomi","25":"tag-top-stories","26":"tag-topstories","27":"tag-uutiset"},"share_on_mastodon":{"url":"https:\/\/pubeurope.com\/@fi\/115890841384910024","error":""},"_links":{"self":[{"href":"https:\/\/www.europesays.com\/fi\/wp-json\/wp\/v2\/posts\/141649","targetHints":{"allow":["GET"]}}],"collection":[{"href":"https:\/\/www.europesays.com\/fi\/wp-json\/wp\/v2\/posts"}],"about":[{"href":"https:\/\/www.europesays.com\/fi\/wp-json\/wp\/v2\/types\/post"}],"author":[{"embeddable":true,"href":"https:\/\/www.europesays.com\/fi\/wp-json\/wp\/v2\/users\/2"}],"replies":[{"embeddable":true,"href":"https:\/\/www.europesays.com\/fi\/wp-json\/wp\/v2\/comments?post=141649"}],"version-history":[{"count":0,"href":"https:\/\/www.europesays.com\/fi\/wp-json\/wp\/v2\/posts\/141649\/revisions"}],"wp:featuredmedia":[{"embeddable":true,"href":"https:\/\/www.europesays.com\/fi\/wp-json\/wp\/v2\/media\/141650"}],"wp:attachment":[{"href":"https:\/\/www.europesays.com\/fi\/wp-json\/wp\/v2\/media?parent=141649"}],"wp:term":[{"taxonomy":"category","embeddable":true,"href":"https:\/\/www.europesays.com\/fi\/wp-json\/wp\/v2\/categories?post=141649"},{"taxonomy":"post_tag","embeddable":true,"href":"https:\/\/www.europesays.com\/fi\/wp-json\/wp\/v2\/tags?post=141649"}],"curies":[{"name":"wp","href":"https:\/\/api.w.org\/{rel}","templated":true}]}}