{"id":141651,"date":"2026-01-14T01:24:13","date_gmt":"2026-01-14T01:24:13","guid":{"rendered":"https:\/\/www.europesays.com\/fi\/141651\/"},"modified":"2026-01-14T01:24:13","modified_gmt":"2026-01-14T01:24:13","slug":"kuivurirakennus-ilmiliekeissa-kuva-nayttaa-hurjat-tuhot","status":"publish","type":"post","link":"https:\/\/www.europesays.com\/fi\/141651\/","title":{"rendered":"Kuivurirakennus ilmiliekeiss\u00e4 \u2013 kuva n\u00e4ytt\u00e4\u00e4 hurjat tuhot"},"content":{"rendered":"<p>Tiedotteen mukaan savu levi\u00e4\u00e4 S\u00e4\u00e4st\u00f6kallion suuntaan.<\/p>\n<p>13.1. 23:29 | P\u00e4ivitetty 0:37<\/p>\n<p class=\"article-body mb-nof-24 px-nof-16\">Aurassa Turuntiell\u00e4 palaa noin 550 neli\u00f6n kuivurirakennus, kerrotaan Varsinais-Suomen pelastuslaitokselta.<\/p>\n<p class=\"article-body mb-nof-24 px-nof-16\">Sammutusty\u00f6t ovat kohteessa k\u00e4ynniss\u00e4 ja paikalla on pelastuslaitoksen viimeisimm\u00e4n tiedotteen mukaan 31 yksikk\u00f6\u00e4.<\/p>\n<p class=\"article-body mb-nof-24 px-nof-16\">\u2013 Palo on saatu rajattua, mutta sammutusty\u00f6t tulevat jatkumaan aamuun asti, tiedotteessa kerrotaan.<\/p>\n<p class=\"article-body mb-nof-24 px-nof-16\">Palosta annetun vaaratiedotteen mukaan savu levi\u00e4\u00e4 S\u00e4\u00e4st\u00f6kallion suuntaan. Alueen ihmisi\u00e4 kehotetaan pysym\u00e4\u00e4n sis\u00e4tiloissa ja sulkemaan ilmanvaihto sek\u00e4 odottamaan tiedotetta vaaratilanteen p\u00e4\u00e4ttymisest\u00e4.<\/p>\n<p class=\"article-body mb-nof-24 px-nof-16\">Palo ei uhkaa levit\u00e4 toisiin rakennuksiin.<\/p>\n<p><img decoding=\"async\" src=\"https:\/\/www.europesays.com\/fi\/wp-content\/uploads\/2026\/01\/1768353853_1_468.jpg\" alt=\"Rakennus n\u00e4ytt\u00e4\u00e4 tuhoutuvan palossa t\u00e4ysin.\" class=\"_Img_1rerz_1\" style=\"aspect-ratio:1.792717086834734\" loading=\"eager\"\/><\/p>\n<p class=\"article-picture-caption\">Rakennus n\u00e4ytt\u00e4\u00e4 tuhoutuvan palossa t\u00e4ysin. Kuva:\u00a0Lukijan kuva<\/p>\n<p class=\"article-body mb-nof-24 px-nof-16\">Noin 23.30 annetun pelastuslaitoksen jatkotiedotteen mukaan palosta ei ole aiheutunut henkil\u00f6vahinkoja.<\/p>\n<p class=\"article-body mb-nof-24 px-nof-16\">Pelastuslaitos kertoo, ett\u00e4 tulipalo aiheuttaa liikennehaittaa niin Turuntielle ett\u00e4 rataliikenteelle. Rakennus sijaitsee l\u00e4hell\u00e4 junaraiteita.<\/p>\n<p class=\"article-body mb-nof-24 px-nof-16\">Ennen puoltay\u00f6t\u00e4 my\u00f6s Fintraffic antoi paloon liittyen liikennetiedotteen. Sen mukaan palo vaikuttaa liikenteeseen tiell\u00e4 222 Auran kiertoliittym\u00e4st\u00e4 200 metri\u00e4 Karviaisten tienhaaran suuntaan.<\/p>\n<p class=\"article-body mb-nof-24 px-nof-16\">H\u00e4lytys teht\u00e4v\u00e4st\u00e4 tuli iltakymmenen aikoihin.<\/p>\n<p class=\"article-body mb-nof-24 px-nof-16\">Uutinen p\u00e4ivittyy. <\/p>\n","protected":false},"excerpt":{"rendered":"Tiedotteen mukaan savu levi\u00e4\u00e4 S\u00e4\u00e4st\u00f6kallion suuntaan. 13.1. 23:29 | P\u00e4ivitetty 0:37 Aurassa Turuntiell\u00e4 palaa noin 550 neli\u00f6n kuivurirakennus,&hellip;\n","protected":false},"author":2,"featured_media":141652,"comment_status":"","ping_status":"","sticky":false,"template":"","format":"standard","meta":{"footnotes":""},"categories":[5],"tags":[22,23,26,27,33,31,30,17,34,24,25,28,29,15,18,21,32,19,20,16],"class_list":{"0":"post-141651","1":"post","2":"type-post","3":"status-publish","4":"format-standard","5":"has-post-thumbnail","7":"category-otsikot","8":"tag-breaking-news","9":"tag-breakingnews","10":"tag-featured-news","11":"tag-featurednews","12":"tag-fi","13":"tag-finland","14":"tag-finnish","15":"tag-headlines","16":"tag-ilta-sanomat","17":"tag-latest-news","18":"tag-latestnews","19":"tag-main-news","20":"tag-mainnews","21":"tag-news","22":"tag-otsikot","23":"tag-paauutiset","24":"tag-suomi","25":"tag-top-stories","26":"tag-topstories","27":"tag-uutiset"},"share_on_mastodon":{"url":"https:\/\/pubeurope.com\/@fi\/115890845282201594","error":""},"_links":{"self":[{"href":"https:\/\/www.europesays.com\/fi\/wp-json\/wp\/v2\/posts\/141651","targetHints":{"allow":["GET"]}}],"collection":[{"href":"https:\/\/www.europesays.com\/fi\/wp-json\/wp\/v2\/posts"}],"about":[{"href":"https:\/\/www.europesays.com\/fi\/wp-json\/wp\/v2\/types\/post"}],"author":[{"embeddable":true,"href":"https:\/\/www.europesays.com\/fi\/wp-json\/wp\/v2\/users\/2"}],"replies":[{"embeddable":true,"href":"https:\/\/www.europesays.com\/fi\/wp-json\/wp\/v2\/comments?post=141651"}],"version-history":[{"count":0,"href":"https:\/\/www.europesays.com\/fi\/wp-json\/wp\/v2\/posts\/141651\/revisions"}],"wp:featuredmedia":[{"embeddable":true,"href":"https:\/\/www.europesays.com\/fi\/wp-json\/wp\/v2\/media\/141652"}],"wp:attachment":[{"href":"https:\/\/www.europesays.com\/fi\/wp-json\/wp\/v2\/media?parent=141651"}],"wp:term":[{"taxonomy":"category","embeddable":true,"href":"https:\/\/www.europesays.com\/fi\/wp-json\/wp\/v2\/categories?post=141651"},{"taxonomy":"post_tag","embeddable":true,"href":"https:\/\/www.europesays.com\/fi\/wp-json\/wp\/v2\/tags?post=141651"}],"curies":[{"name":"wp","href":"https:\/\/api.w.org\/{rel}","templated":true}]}}