{"id":141653,"date":"2026-01-14T01:36:12","date_gmt":"2026-01-14T01:36:12","guid":{"rendered":"https:\/\/www.europesays.com\/fi\/141653\/"},"modified":"2026-01-14T01:36:12","modified_gmt":"2026-01-14T01:36:12","slug":"katri-riihilahti-taytti-40-vuotta-aki-riihilahdelta-kauniit-sanat-puolisostaan","status":"publish","type":"post","link":"https:\/\/www.europesays.com\/fi\/141653\/","title":{"rendered":"Katri Riihilahti t\u00e4ytti 40 vuotta \u2013 Aki Riihilahdelta kauniit sanat puolisostaan"},"content":{"rendered":"<p>TTK-opettajana tunnettu Katri Riihilahti t\u00e4ytti 40 vuotta.<\/p>\n<p><img decoding=\"async\" class=\"image image-show image-preview\" src=\"https:\/\/www.europesays.com\/fi\/wp-content\/uploads\/2026\/01\/3dbd610831f8d8e7ac5b3b015bf7dc250c2f99e9239033c008a0db7ee5390b38.jpg\" alt=\"\"\/><img decoding=\"async\" class=\"image image-show\" src=\"https:\/\/www.europesays.com\/fi\/wp-content\/uploads\/2026\/01\/1768354572_526_3dbd610831f8d8e7ac5b3b015bf7dc250c2f99e9239033c008a0db7ee5390b38.jpg\" alt=\"\"\/><\/p>\n<p>40-vuotias Katri Riihilahti kertoo olevansa onnellinen. Jenni G\u00e4stgivar<\/p>\n<p class=\"paragraph\">TTK:n tanssiopettajanakin tunnettu <strong>Katri Riihilahti<\/strong> t\u00e4ytti maanantaina 40 vuotta.<\/p>\n<p class=\"paragraph\">Katri jakoi syntym\u00e4p\u00e4iv\u00e4n\u00e4\u00e4n Instagramiin kuvia, joissa h\u00e4n esiintyy hymyillen.<\/p>\n<p class=\"paragraph\">\u2013 Olen 40 vuotta t\u00e4n\u00e4\u00e4n. Minulla on hyv\u00e4 olla. Olen onnellinen, Katri kirjoitti.<\/p>\n<p class=\"paragraph\">Jos julkaisu ei n\u00e4y, voit katsoa sen <a href=\"https:\/\/www.instagram.com\/p\/DTZo_v3DWKs\/?img_index=1\" rel=\"noopener nofollow\" target=\"_blank\">t\u00e4st\u00e4 linkist\u00e4<\/a>.<\/p>\n<p class=\"paragraph\">Katri on saanut julkaisuunsa paljon onnitteluja. Niit\u00e4 esitt\u00e4v\u00e4t esimerkiksi juontajat <a href=\"https:\/\/www.iltalehti.fi\/henkilot\/Vappu Pimi\u00e4\" class=\"article-link-person-page\" rel=\"nofollow noopener\" target=\"_blank\">Vappu Pimi\u00e4<\/a>, <a href=\"https:\/\/www.iltalehti.fi\/henkilot\/Jaana Pelkonen\" class=\"article-link-person-page\" rel=\"nofollow noopener\" target=\"_blank\">Jaana Pelkonen<\/a> ja <a href=\"https:\/\/www.iltalehti.fi\/henkilot\/Veronica Verho\" class=\"article-link-person-page\" rel=\"nofollow noopener\" target=\"_blank\">Veronica Verho<\/a> sek\u00e4 laulajat <a href=\"https:\/\/www.iltalehti.fi\/henkilot\/Paula Vesala\" class=\"article-link-person-page\" rel=\"nofollow noopener\" target=\"_blank\">Paula Vesala<\/a>, <a href=\"https:\/\/www.iltalehti.fi\/henkilot\/Mira Luoti\" class=\"article-link-person-page\" rel=\"nofollow noopener\" target=\"_blank\">Mira Luoti<\/a>, <a href=\"https:\/\/www.iltalehti.fi\/henkilot\/Krista Siegfrids\" class=\"article-link-person-page\" rel=\"nofollow noopener\" target=\"_blank\">Krista Siegfrids<\/a> ja <a href=\"https:\/\/www.iltalehti.fi\/henkilot\/Erika Vikman\" class=\"article-link-person-page\" rel=\"nofollow noopener\" target=\"_blank\">Erika Vikman<\/a>.<\/p>\n<p class=\"paragraph\">My\u00f6s Katrin puoliso <a href=\"https:\/\/www.iltalehti.fi\/henkilot\/Aki Riihilahti\" class=\"article-link-person-page\" rel=\"nofollow noopener\" target=\"_blank\">Aki Riihilahti<\/a> on jakanut rakkaastaan julkaisun syntym\u00e4p\u00e4iv\u00e4n\u00e4. Aki jakoi Instagram-tililleen kuvan, jossa pariskunta poseeraa rantahiekalla auringonlaskua katsellen.<\/p>\n<p class=\"paragraph\">\u2013 Ihan parhautta kuinka p\u00e4iv\u00e4 p\u00e4iv\u00e4lt\u00e4 kukoistat enemm\u00e4n. Ja jokainen p\u00e4iv\u00e4 olet juhlan arvoinen. Mutta gregoriaanisen ajanlaskun ja kalenterin mukaan erityisesti t\u00e4n\u00e4<\/p>\n<p><script async src=\"\/\/www.instagram.com\/embed.js\"><\/script><\/p>\n","protected":false},"excerpt":{"rendered":"TTK-opettajana tunnettu Katri Riihilahti t\u00e4ytti 40 vuotta. 40-vuotias Katri Riihilahti kertoo olevansa onnellinen. Jenni G\u00e4stgivar TTK:n tanssiopettajanakin tunnettu&hellip;\n","protected":false},"author":2,"featured_media":141654,"comment_status":"","ping_status":"","sticky":false,"template":"","format":"standard","meta":{"footnotes":""},"categories":[136],"tags":[35,407,137,33,31,30,408,47,1999,32,2140,140,139,109],"class_list":{"0":"post-141653","1":"post","2":"type-post","3":"status-publish","4":"format-standard","5":"has-post-thumbnail","7":"category-julkkikset","8":"tag-24h","9":"tag-celebrities","10":"tag-entertainment","11":"tag-fi","12":"tag-finland","13":"tag-finnish","14":"tag-julkkikset","15":"tag-musiikki","16":"tag-suomalaiset-tv-ohjelmat","17":"tag-suomi","18":"tag-tosi-tv-ohjelmat","19":"tag-tv-ja-elokuvat","20":"tag-tv-ohjelmat","21":"tag-viihde"},"share_on_mastodon":{"url":"https:\/\/pubeurope.com\/@fi\/115890892458571702","error":""},"_links":{"self":[{"href":"https:\/\/www.europesays.com\/fi\/wp-json\/wp\/v2\/posts\/141653","targetHints":{"allow":["GET"]}}],"collection":[{"href":"https:\/\/www.europesays.com\/fi\/wp-json\/wp\/v2\/posts"}],"about":[{"href":"https:\/\/www.europesays.com\/fi\/wp-json\/wp\/v2\/types\/post"}],"author":[{"embeddable":true,"href":"https:\/\/www.europesays.com\/fi\/wp-json\/wp\/v2\/users\/2"}],"replies":[{"embeddable":true,"href":"https:\/\/www.europesays.com\/fi\/wp-json\/wp\/v2\/comments?post=141653"}],"version-history":[{"count":0,"href":"https:\/\/www.europesays.com\/fi\/wp-json\/wp\/v2\/posts\/141653\/revisions"}],"wp:featuredmedia":[{"embeddable":true,"href":"https:\/\/www.europesays.com\/fi\/wp-json\/wp\/v2\/media\/141654"}],"wp:attachment":[{"href":"https:\/\/www.europesays.com\/fi\/wp-json\/wp\/v2\/media?parent=141653"}],"wp:term":[{"taxonomy":"category","embeddable":true,"href":"https:\/\/www.europesays.com\/fi\/wp-json\/wp\/v2\/categories?post=141653"},{"taxonomy":"post_tag","embeddable":true,"href":"https:\/\/www.europesays.com\/fi\/wp-json\/wp\/v2\/tags?post=141653"}],"curies":[{"name":"wp","href":"https:\/\/api.w.org\/{rel}","templated":true}]}}