{"id":141662,"date":"2026-01-14T01:49:22","date_gmt":"2026-01-14T01:49:22","guid":{"rendered":"https:\/\/www.europesays.com\/fi\/141662\/"},"modified":"2026-01-14T01:49:22","modified_gmt":"2026-01-14T01:49:22","slug":"jahti-paattyi-satakunnassa-kun-kankaanpaassa-ammuttiin-kiintion-viimeinen-susi-katso-kartalta-missa-satakunnan-kymmenen-sutta-ammuttiin","status":"publish","type":"post","link":"https:\/\/www.europesays.com\/fi\/141662\/","title":{"rendered":"Jahti p\u00e4\u00e4ttyi Satakunnassa, kun Kankaanp\u00e4\u00e4ss\u00e4 ammuttiin kiinti\u00f6n viimeinen susi \u2013 Katso kartalta, miss\u00e4 Satakunnan kymmenen sutta ammuttiin"},"content":{"rendered":"<p>Kankaanp\u00e4\u00e4n Honkajoella tiistaina ammuttu susi p\u00e4\u00e4tti vuodenvaihteessa alkaneen suden\u00admets\u00e4styksen Satakunnassa.<\/p>\n<p>13.1. 18:53<\/p>\n<p class=\"article-body mb-nof-24 px-nof-16\">Satakunta<\/p>\n<p class=\"article-body mb-nof-24 px-nof-16\">Vuodenvaihteessa alkanut susijahti p\u00e4\u00e4ttyi Satakunnassa tiistaina, kun maakunnan kymmenes ja t\u00e4ll\u00e4 er\u00e4\u00e4 viimeinen susi ammuttiin Kankaanp\u00e4\u00e4n Honkajoella.<\/p>\n<p class=\"article-body mb-nof-24 px-nof-16\">Tiistaina ammuttu susi Lauhanvuoren reviirille my\u00f6nnetyn kiinti\u00f6n kuudes ja viimeinen. Reviirin aiemmat viisi sutta ammuttiin aiemmin Etel\u00e4-Pohjanmaan puolella Kauhajoella.<\/p>\n","protected":false},"excerpt":{"rendered":"Kankaanp\u00e4\u00e4n Honkajoella tiistaina ammuttu susi p\u00e4\u00e4tti vuodenvaihteessa alkaneen suden\u00admets\u00e4styksen Satakunnassa. 13.1. 18:53 Satakunta Vuodenvaihteessa alkanut susijahti p\u00e4\u00e4ttyi Satakunnassa&hellip;\n","protected":false},"author":2,"featured_media":141663,"comment_status":"","ping_status":"","sticky":false,"template":"","format":"standard","meta":{"footnotes":""},"categories":[12],"tags":[22,23,26,27,33,31,30,17,24,25,28,29,15,18,21,80,32,19,20,16],"class_list":{"0":"post-141662","1":"post","2":"type-post","3":"status-publish","4":"format-standard","5":"has-post-thumbnail","7":"category-suomi","8":"tag-breaking-news","9":"tag-breakingnews","10":"tag-featured-news","11":"tag-featurednews","12":"tag-fi","13":"tag-finland","14":"tag-finnish","15":"tag-headlines","16":"tag-latest-news","17":"tag-latestnews","18":"tag-main-news","19":"tag-mainnews","20":"tag-news","21":"tag-otsikot","22":"tag-paauutiset","23":"tag-satakunnan-kansa","24":"tag-suomi","25":"tag-top-stories","26":"tag-topstories","27":"tag-uutiset"},"share_on_mastodon":{"url":"https:\/\/pubeurope.com\/@fi\/115890943673216094","error":""},"_links":{"self":[{"href":"https:\/\/www.europesays.com\/fi\/wp-json\/wp\/v2\/posts\/141662","targetHints":{"allow":["GET"]}}],"collection":[{"href":"https:\/\/www.europesays.com\/fi\/wp-json\/wp\/v2\/posts"}],"about":[{"href":"https:\/\/www.europesays.com\/fi\/wp-json\/wp\/v2\/types\/post"}],"author":[{"embeddable":true,"href":"https:\/\/www.europesays.com\/fi\/wp-json\/wp\/v2\/users\/2"}],"replies":[{"embeddable":true,"href":"https:\/\/www.europesays.com\/fi\/wp-json\/wp\/v2\/comments?post=141662"}],"version-history":[{"count":0,"href":"https:\/\/www.europesays.com\/fi\/wp-json\/wp\/v2\/posts\/141662\/revisions"}],"wp:featuredmedia":[{"embeddable":true,"href":"https:\/\/www.europesays.com\/fi\/wp-json\/wp\/v2\/media\/141663"}],"wp:attachment":[{"href":"https:\/\/www.europesays.com\/fi\/wp-json\/wp\/v2\/media?parent=141662"}],"wp:term":[{"taxonomy":"category","embeddable":true,"href":"https:\/\/www.europesays.com\/fi\/wp-json\/wp\/v2\/categories?post=141662"},{"taxonomy":"post_tag","embeddable":true,"href":"https:\/\/www.europesays.com\/fi\/wp-json\/wp\/v2\/tags?post=141662"}],"curies":[{"name":"wp","href":"https:\/\/api.w.org\/{rel}","templated":true}]}}