{"id":141664,"date":"2026-01-14T01:50:10","date_gmt":"2026-01-14T01:50:10","guid":{"rendered":"https:\/\/www.europesays.com\/fi\/141664\/"},"modified":"2026-01-14T01:50:10","modified_gmt":"2026-01-14T01:50:10","slug":"yhdysvallat-pollytti-suomen-naisjaakiekkojunioreita-mm-kisoissa-14-0-urheilua-lyhyesti","status":"publish","type":"post","link":"https:\/\/www.europesays.com\/fi\/141664\/","title":{"rendered":"Yhdysvallat p\u00f6llytti Suomen naisj\u00e4\u00e4kiekkojunioreita MM-kisoissa 14-0 | Urheilua lyhyesti"},"content":{"rendered":"<p class=\"aw-1gybjub aw-5vja16 kEtdKx kmuxyA yle__article__paragraph\">Suomen alle 18-vuotiaiden tytt\u00f6jen j\u00e4\u00e4kiekkomaajoukkue h\u00e4visi Kanadan Membertoussa B-alkulohkon kaikki kolme otteluaan.<\/p>\n<p><img decoding=\"async\" alt=\"Yhdysvallat oli ylivoimainen Suomen tytt\u00f6leijonia vastaan MM-alkusarjassa.\" src=\"https:\/\/www.europesays.com\/fi\/wp-content\/uploads\/2026\/01\/39-15807786966afb72b497.jpeg\" class=\"aw-1l9m598 hKVVvP\"\/><\/p>\n<p>Avaa kuvien katselu<\/p>\n<p>Yhdysvallat oli ylivoimainen Suomen tytt\u00f6leijonia vastaan MM-alkusarjassa. Kuvassa Suomen Tuulianna Artti (nro 19). Kuva: Andr\u00c3\u00a9 Ringuette\/IIHF<\/p>\n<p class=\"aw-1gybjub aw-1p7kakr kEtdKx cEmitX yle__article__paragraph\">Tytt\u00f6leijonat k\u00e4rsi tiistaina MM-alkusarjassa murskaavan 0-14-tappioon Yhdysvalloille.<\/p>\n<p class=\"aw-1gybjub aw-1p7kakr kEtdKx cEmitX yle__article__paragraph\">Viime vuoden MM-kakkosen Yhdysvaltojen <strong class=\"aw-ak79eh KyCXm yle__article__strong\">Jane Daley<\/strong> teki kolme maalia. H\u00e4n oli tehnyt hattutemput my\u00f6s kahdessa ensimm\u00e4isess\u00e4 ottelussaan. Yhdysvallat osui Suomea vastaan ylivoimalla nelj\u00e4 kertaa.<\/p>\n<p class=\"aw-1gybjub aw-1p7kakr kEtdKx cEmitX yle__article__paragraph\">Avauser\u00e4n 0-6 h\u00e4vinnyt Suomi vaihtoi ensimm\u00e4isell\u00e4 er\u00e4tauolla maalivahtia, kun <strong class=\"aw-ak79eh KyCXm yle__article__strong\">Saimi Pesola<\/strong> korvasi <strong class=\"aw-ak79eh KyCXm yle__article__strong\">Pihla Ikosen<\/strong>.<\/p>\n<p class=\"aw-1gybjub aw-1p7kakr kEtdKx cEmitX yle__article__paragraph\">Varsinkin mailapelill\u00e4\u00e4n vakuuttanut Pesola oli rumista tappiolukemista huolimatta Suomen paras pelaaja.<\/p>\n<p class=\"aw-1gybjub aw-1p7kakr kEtdKx cEmitX yle__article__paragraph\">Suomi h\u00e4visi aiemmin turnauksessa Tshekille ja Slovakialle.<\/p>\n<p class=\"aw-1gybjub aw-1p7kakr kEtdKx cEmitX yle__article__paragraph\">Suomen vastustajaksi MM-pudotuspelien puoliv\u00e4lieriss\u00e4 on tulossa t\u00e4ll\u00e4 menolla viime vuoden maailmanmestari Kanada.<\/p>\n","protected":false},"excerpt":{"rendered":"Suomen alle 18-vuotiaiden tytt\u00f6jen j\u00e4\u00e4kiekkomaajoukkue h\u00e4visi Kanadan Membertoussa B-alkulohkon kaikki kolme otteluaan. Avaa kuvien katselu Yhdysvallat oli ylivoimainen&hellip;\n","protected":false},"author":2,"featured_media":141665,"comment_status":"","ping_status":"","sticky":false,"template":"","format":"standard","meta":{"footnotes":""},"categories":[5],"tags":[22,23,26,27,33,31,30,17,1143,24,25,28,29,6838,15,18,21,4686,24387,32,19,20,160,16],"class_list":{"0":"post-141664","1":"post","2":"type-post","3":"status-publish","4":"format-standard","5":"has-post-thumbnail","7":"category-otsikot","8":"tag-breaking-news","9":"tag-breakingnews","10":"tag-featured-news","11":"tag-featurednews","12":"tag-fi","13":"tag-finland","14":"tag-finnish","15":"tag-headlines","16":"tag-jaakiekko","17":"tag-latest-news","18":"tag-latestnews","19":"tag-main-news","20":"tag-mainnews","21":"tag-naisten-jaakiekko","22":"tag-news","23":"tag-otsikot","24":"tag-paauutiset","25":"tag-suomen-jaakiekko","26":"tag-suomen-naisten-jaakiekko","27":"tag-suomi","28":"tag-top-stories","29":"tag-topstories","30":"tag-urheilu","31":"tag-uutiset"},"share_on_mastodon":{"url":"https:\/\/pubeurope.com\/@fi\/115890947536612846","error":""},"_links":{"self":[{"href":"https:\/\/www.europesays.com\/fi\/wp-json\/wp\/v2\/posts\/141664","targetHints":{"allow":["GET"]}}],"collection":[{"href":"https:\/\/www.europesays.com\/fi\/wp-json\/wp\/v2\/posts"}],"about":[{"href":"https:\/\/www.europesays.com\/fi\/wp-json\/wp\/v2\/types\/post"}],"author":[{"embeddable":true,"href":"https:\/\/www.europesays.com\/fi\/wp-json\/wp\/v2\/users\/2"}],"replies":[{"embeddable":true,"href":"https:\/\/www.europesays.com\/fi\/wp-json\/wp\/v2\/comments?post=141664"}],"version-history":[{"count":0,"href":"https:\/\/www.europesays.com\/fi\/wp-json\/wp\/v2\/posts\/141664\/revisions"}],"wp:featuredmedia":[{"embeddable":true,"href":"https:\/\/www.europesays.com\/fi\/wp-json\/wp\/v2\/media\/141665"}],"wp:attachment":[{"href":"https:\/\/www.europesays.com\/fi\/wp-json\/wp\/v2\/media?parent=141664"}],"wp:term":[{"taxonomy":"category","embeddable":true,"href":"https:\/\/www.europesays.com\/fi\/wp-json\/wp\/v2\/categories?post=141664"},{"taxonomy":"post_tag","embeddable":true,"href":"https:\/\/www.europesays.com\/fi\/wp-json\/wp\/v2\/tags?post=141664"}],"curies":[{"name":"wp","href":"https:\/\/api.w.org\/{rel}","templated":true}]}}