{"id":141666,"date":"2026-01-14T02:02:11","date_gmt":"2026-01-14T02:02:11","guid":{"rendered":"https:\/\/www.europesays.com\/fi\/141666\/"},"modified":"2026-01-14T02:02:11","modified_gmt":"2026-01-14T02:02:11","slug":"laulaja-nelli-matula-ilouutinen-seiska","status":"publish","type":"post","link":"https:\/\/www.europesays.com\/fi\/141666\/","title":{"rendered":"Laulaja Nelli Matula: Ilouutinen! | Seiska"},"content":{"rendered":"<p>            Timo Korhonen\n        <\/p>\n<p class=\"subtitle \">Nellill\u00e4 on mahtavia uutisia kerrottavanaan.<\/p>\n<p class=\"article-content article-content-width !bg-background\">Laulaja  on takanaan merkitt\u00e4v\u00e4 vuosi.\u00a0<\/p>\n<p class=\"font-weight-bold m-font-weight-bold article-content article-content-width !bg-background\">Video: UMK 2025 -kisaajat kertovat suosikkiviisunsa:<\/p>\n<p class=\"article-content article-content-width !bg-background\">Kes\u00e4ll\u00e4 2024 artistikollegansa  kanssa avioitunut kaunotar juhlisti 18. joulukuuta syntym\u00e4p\u00e4iv\u00e4\u00e4ns\u00e4. T\u00e4ll\u00e4 kertaa vuorossa olikin melkoinen juhlavuosi, sill\u00e4 Nelli t\u00e4ytti py\u00f6re\u00e4t 30 vuotta.\u00a0<\/p>\n<p>        <a itemprop=\"url\" href=\"https:\/\/www.seiska.fi\/kotimaa\/mika-sopoliini-talta-laulaja-nelli-matula-naytti-pikkukisuna-kuva\/2026308\" rel=\"nofollow noopener\" target=\"_blank\"><\/p>\n<p>\nKuva!\n<\/p>\n<p class=\"section-date\">\n        <strong class=\"article-section\" data-section=\"kotimaa\"><br \/>\n            kotimaa<br \/>\n        <\/strong><br \/>\n        20.12.2025 19:00\n    <\/p>\n<p>Mik\u00e4 s\u00f6p\u00f6liini! T\u00e4lt\u00e4 laulaja Nelli Matula n\u00e4ytti pikkukisuna \u2013 kuva\n    <\/p>\n<p itemprop=\"description\" class=\"subtitle \">\n    Nelli t\u00e4ytti 30 vuotta. Merkkip\u00e4iv\u00e4n kunniaksi h\u00e4n julkaisi s\u00e4h\u00e4k\u00e4n lapsuuskuvan.\n<\/p>\n<p>        <\/a><\/p>\n<p class=\"article-content article-content-width !bg-background\"><a href=\"https:\/\/www.seiska.fi\/kotimaa\/vau-mika-meno-kuvat-nelli-matulan-yllatyssynttareita\/2036466\" target=\"_blank\" rel=\"nofollow noopener\">Varsinaiset syntt\u00e4rikemut koittivat kuitenkin vasta uudenvuodenaattona<\/a>. Nelli paljasti l\u00e4hipiirins\u00e4 j\u00e4rjest\u00e4neen h\u00e4nelle yll\u00e4tysjuhlat.\u00a0<\/p>\n<p>                <img decoding=\"async\" src=\"https:\/\/www.europesays.com\/fi\/wp-content\/uploads\/2026\/01\/2045035.webp.jpeg\" width=\"576\" height=\"720\" alt=\"Nelli oli yksi viime vuoden UMK-suosikeista.\" loading=\"lazy\" \/>            <\/p>\n<p>\n            Nelli oli yksi viime vuoden UMK-suosikeista.<br \/>\n            Timo Korhonen\n        <\/p>\n<p class=\"article-content article-content-width !bg-background\">\u2013\u00a0Vitsi mik\u00e4 vuodenvaihde. Mun rakkaimmat ja yst\u00e4v\u00e4t j\u00e4rjesti mulle yll\u00e4tyssyntt\u00e4rit uudenvuoden aattona!!! Nelli iloitsi sosiaalisessa mediassa alkuvuodesta.\u00a0<\/p>\n<p>Vuoden kovin korvamato<\/p>\n<p class=\"article-content article-content-width !bg-background\">J\u00e4lleen yhden t\u00e4yden vuosikymmenen saavuttamisen lis\u00e4ksi Nellin vuoteen mahtui muitakin j\u00e4nnitt\u00e4vi\u00e4 hetki\u00e4. Laulajatar oli yksi Uuden musiikin kilpailun osallistujista.\u00a0<\/p>\n<p>        <a itemprop=\"url\" href=\"https:\/\/www.seiska.fi\/katso\/jenni-poikelus-tunnustaa-pahan-tapansa\/1908579\" rel=\"nofollow noopener\" target=\"_blank\"><\/p>\n<p>\nJenni Poikelus\n<\/p>\n<p class=\"section-date\">\n        <strong class=\"article-section\" data-section=\"katso\"><br \/>\n            katso<br \/>\n        <\/strong><br \/>\n        6.9.2025 10:14\n    <\/p>\n<p>Jenni Poikelus tunnustaa pahan tapansa\n    <\/p>\n<p itemprop=\"description\" class=\"subtitle \">\n    Jenni Poikelus n\u00e4hd\u00e4\u00e4n j\u00e4lleen Masked Singer Suomen etsiv\u00e4n\u00e4.\n<\/p>\n<p>        <\/a><\/p>\n<p class=\"article-content article-content-width !bg-background\">Kuten kaikki tiet\u00e4v\u00e4t, viisuedustajan paikan nappasi  r\u00e4v\u00e4k\u00e4ll\u00e4 Ich komme -kipaleellaan. Nellin kisakappale Hitaammin hautaan teki kuitenkin suuren vaikutuksen yleis\u00f6\u00f6n. Menev\u00e4 korvamato onkin soikin radiossa kiitett\u00e4v\u00e4sti\u00a0\u2013 itseasiassa enemm\u00e4n kuin mik\u00e4\u00e4n muu laulu viime vuonna.\u00a0<\/p>\n<p class=\"article-content article-content-width !bg-background\">\u2013\u00a0Sain just kuulla, ett\u00e4 Hitaammin hautaan on vuoden soitetuin radiobiisi! <a href=\"https:\/\/www.instagram.com\/p\/DTcxjZ3DVWt\/?img_index=1\" target=\"_blank\" rel=\"nofollow noopener\">Nelli ilmoittaa tuoreessa somep\u00e4ivityksess\u00e4\u00e4n<\/a>.\u00a0<\/p>\n<p>Yll\u00e4tti itsens\u00e4<\/p>\n<p class=\"article-content article-content-width !bg-background\">Saavutus olisi huima artistille kuin artistille. Nellille se on kuitenkin erityisen merkityksellinen.\u00a0<\/p>\n<p>        <a itemprop=\"url\" href=\"https:\/\/www.seiska.fi\/kotimaa\/uskomaton-kuva-nelli-matulasta-ja-johannes-brotheruksesta-ihastuttaa\/1713429\" rel=\"nofollow noopener\" target=\"_blank\"><\/p>\n<p>\nVau, mit\u00e4 s\u00f6p\u00f6l\u00e4isi\u00e4!\n<\/p>\n<p class=\"section-date\">\n        <strong class=\"article-section\" data-section=\"kotimaa\"><br \/>\n            kotimaa<br \/>\n        <\/strong><br \/>\n        25.5.2025 18:30\n    <\/p>\n<p>Uskomaton kuva Nelli Matulasta ja Johannes Brotheruksesta ihastuttaa\n    <\/p>\n<p itemprop=\"description\" class=\"subtitle \">\n    Kaksikolla on pitk\u00e4 yhteinen historia.\n<\/p>\n<p>        <\/a><\/p>\n<p class=\"article-content article-content-width !bg-background\">\u2013\u00a0T\u00e4\u00e4 on mun eka biisi koskaan, joka on edes k\u00e4ynyt listojen ykk\u00f6sen\u00e4, enk\u00e4 osannu kuvitellakkaan, ett\u00e4 se vois j\u00e4\u00e4d\u00e4 sinne, laulaja kirjoittaa.\u00a0<\/p>\n<p class=\"article-content article-content-width !bg-background\">Jos vuosi 2025 oli Nellille j\u00e4ttil\u00e4ism\u00e4inen, niin sit\u00e4 on my\u00f6s alkanut 12 kuukauden periodi. Laulajan sijaan py\u00f6reit\u00e4 t\u00e4ytt\u00e4\u00e4 nimitt\u00e4in h\u00e4nen musiikkiuransa.\u00a0<\/p>\n<p class=\"article-content article-content-width !bg-background\">\u2013\u00a0Nyt alkanut vuosi on mun kymmenes vuosi artistina, aikamoinen startti juhlavuodelle, Nelli toteaa iloisesti.\u00a0<\/p>\n<p>        <a itemprop=\"url\" href=\"https:\/\/www.seiska.fi\/kotimaa\/nelli-matulan-umk-mekon-alta-paljastui-karu-naky\/1624089\" rel=\"nofollow noopener\" target=\"_blank\"><\/p>\n<p>\nNelli Matula\n<\/p>\n<p class=\"section-date\">\n        <strong class=\"article-section\" data-section=\"kotimaa\"><br \/>\n            kotimaa<br \/>\n        <\/strong><br \/>\n        25.2.2025 13:03\n    <\/p>\n<p>Nelli Matulan UMK-mekon alta paljastui karu n\u00e4ky\n    <\/p>\n<p itemprop=\"description\" class=\"subtitle \">\n    Laulaja on pukeutujanakin aivan pist\u00e4m\u00e4t\u00f6n.\n<\/p>\n<p>        <\/a><\/p>\n<p><script async src=\"\/\/www.instagram.com\/embed.js\"><\/script><\/p>\n","protected":false},"excerpt":{"rendered":"Timo Korhonen Nellill\u00e4 on mahtavia uutisia kerrottavanaan. Laulaja on takanaan merkitt\u00e4v\u00e4 vuosi.\u00a0 Video: UMK 2025 -kisaajat kertovat suosikkiviisunsa:&hellip;\n","protected":false},"author":2,"featured_media":141667,"comment_status":"","ping_status":"","sticky":false,"template":"","format":"standard","meta":{"footnotes":""},"categories":[136],"tags":[407,9399,137,11144,33,31,30,24388,408,2841,32,1667,24389,109],"class_list":{"0":"post-141666","1":"post","2":"type-post","3":"status-publish","4":"format-standard","5":"has-post-thumbnail","7":"category-julkkikset","8":"tag-celebrities","9":"tag-elias-kaskinen","10":"tag-entertainment","11":"tag-erika-vikman","12":"tag-fi","13":"tag-finland","14":"tag-finnish","15":"tag-hitaammin-hautaan","16":"tag-julkkikset","17":"tag-nelli-matula","18":"tag-suomi","19":"tag-tapahtumat","20":"tag-umk-2025","21":"tag-viihde"},"share_on_mastodon":{"url":"https:\/\/pubeurope.com\/@fi\/115890994754338107","error":""},"_links":{"self":[{"href":"https:\/\/www.europesays.com\/fi\/wp-json\/wp\/v2\/posts\/141666","targetHints":{"allow":["GET"]}}],"collection":[{"href":"https:\/\/www.europesays.com\/fi\/wp-json\/wp\/v2\/posts"}],"about":[{"href":"https:\/\/www.europesays.com\/fi\/wp-json\/wp\/v2\/types\/post"}],"author":[{"embeddable":true,"href":"https:\/\/www.europesays.com\/fi\/wp-json\/wp\/v2\/users\/2"}],"replies":[{"embeddable":true,"href":"https:\/\/www.europesays.com\/fi\/wp-json\/wp\/v2\/comments?post=141666"}],"version-history":[{"count":0,"href":"https:\/\/www.europesays.com\/fi\/wp-json\/wp\/v2\/posts\/141666\/revisions"}],"wp:featuredmedia":[{"embeddable":true,"href":"https:\/\/www.europesays.com\/fi\/wp-json\/wp\/v2\/media\/141667"}],"wp:attachment":[{"href":"https:\/\/www.europesays.com\/fi\/wp-json\/wp\/v2\/media?parent=141666"}],"wp:term":[{"taxonomy":"category","embeddable":true,"href":"https:\/\/www.europesays.com\/fi\/wp-json\/wp\/v2\/categories?post=141666"},{"taxonomy":"post_tag","embeddable":true,"href":"https:\/\/www.europesays.com\/fi\/wp-json\/wp\/v2\/tags?post=141666"}],"curies":[{"name":"wp","href":"https:\/\/api.w.org\/{rel}","templated":true}]}}