{"id":141672,"date":"2026-01-14T02:13:13","date_gmt":"2026-01-14T02:13:13","guid":{"rendered":"https:\/\/www.europesays.com\/fi\/141672\/"},"modified":"2026-01-14T02:13:13","modified_gmt":"2026-01-14T02:13:13","slug":"kilpailu-ja-kuluttajavirasto-otti-blcn-ja-loihteen-yrityskaupan-tarkempaan-syyniin-pelkona-kilpailun-vaheneminen-etela-savo","status":"publish","type":"post","link":"https:\/\/www.europesays.com\/fi\/141672\/","title":{"rendered":"Kilpailu- ja kuluttaja\u00advirasto otti BLC:n ja Loihteen yrityskaupan tarkempaan syyniin \u2013 pelkona kilpailun v\u00e4heneminen | Etel\u00e4-Savo"},"content":{"rendered":"<p class=\"aw-1gybjub aw-5vja16 kEtdKx kmuxyA yle__article__paragraph\">KKV aloittaa jatkok\u00e4sittelyn yrityskaupassa, jossa savonlinna\u00adlaisesta BLC-osuuskunnasta tulisi it-yhti\u00f6 Loihteen suurin osakkeen\u00adomistaja.<\/p>\n<p><img decoding=\"async\" alt=\"BLC-turvan toimipisteen pihassa on yhti\u00f6n pakettiauto.\" src=\"https:\/\/www.europesays.com\/fi\/wp-content\/uploads\/2026\/01\/39-1414820679c994fe47d8.jpeg\" class=\"aw-1l9m598 hKVVvP\"\/><\/p>\n<p>Avaa kuvien katselu<\/p>\n<p>BLC Turva Oy tarjoaa muun muassa kulunvalvonta- ja lukitusj\u00e4rjestelmi\u00e4. Kuva: Esa Huuhko \/ Yle<\/p>\n<p class=\"aw-1gybjub aw-1p7kakr kEtdKx cEmitX yle__article__paragraph\">Kilpailu- ja kuluttajavirasto (KKV) ilmoitti tiistaina aloittavansa jatkok\u00e4sittelyn yrityskaupassa, jossa p\u00f6rssilistattu Loihde oyj hankkii savonlinnalaisen BLC Turva oy:n koko osakekannan.<\/p>\n<p class=\"aw-1gybjub aw-1p7kakr kEtdKx cEmitX yle__article__paragraph\">Osana kauppaa savonlinnalaisesta BLC-osuuskunnasta tulisi Loihteen suurin yksitt\u00e4inen osakkeenomistaja. Kaupan toteutumisen aikataulu riippuu kilpailuviranomaisten hyv\u00e4ksynn\u00e4st\u00e4.<\/p>\n<p class=\"aw-1gybjub aw-1p7kakr kEtdKx cEmitX yle__article__paragraph\"><a class=\"aw-iao6s4 iHOxEa yle__article__link\" href=\"https:\/\/yle.fi\/a\/74-20192409\" role=\"link\" rel=\"nofollow noopener\" target=\"_blank\">Loihde ja Savonlinnan BLC-osuuskunta ilmoittivat yrityskaupasta<\/a> viime marraskuussa. BLC-osuuskunnan hallituksen puheenjohtaja <strong class=\"aw-ak79eh KyCXm yle__article__strong\">Jari Suomalainen<\/strong> kommentoi tuolloin Ylelle, ett\u00e4 j\u00e4rjestelyn tavoitteena on hakea laajempaa osaamista muun muassa kyberturvallisuuden saralta.<\/p>\n<p class=\"aw-1gybjub aw-1p7kakr kEtdKx cEmitX yle__article__paragraph\">KKV:n alustavan arvion mukaan yrityskauppa saattaa aiheuttaa haitallisia kilpailuvaikutuksia erityisesti alueellisilla markkinoilla. Molemmat yhti\u00f6t tarjoavat fyysisen turvallisuuden ratkaisuja, kuten murtoh\u00e4lytys-, kulunvalvonta- ja lukitusj\u00e4rjestelmi\u00e4.<\/p>\n<p class=\"aw-1gybjub aw-1p7kakr kEtdKx cEmitX yle__article__paragraph\">Virasto tutkii nyt, est\u00e4\u00e4k\u00f6 kauppa olennaisesti tehokasta kilpailua.<\/p>\n<p class=\"aw-1gybjub aw-1p7kakr kEtdKx cEmitX yle__article__paragraph\">Jatkok\u00e4sittely voi johtaa kaupan hyv\u00e4ksymiseen sellaisenaan, ehtojen asettamiseen kaupalle tai markkinaoikeudelle teht\u00e4v\u00e4\u00e4n esitykseen kaupan kielt\u00e4misest\u00e4. Viraston jatkok\u00e4sittely kest\u00e4\u00e4 enint\u00e4\u00e4n 69 ty\u00f6p\u00e4iv\u00e4\u00e4.<\/p>\n","protected":false},"excerpt":{"rendered":"KKV aloittaa jatkok\u00e4sittelyn yrityskaupassa, jossa savonlinna\u00adlaisesta BLC-osuuskunnasta tulisi it-yhti\u00f6 Loihteen suurin osakkeen\u00adomistaja. Avaa kuvien katselu BLC Turva Oy&hellip;\n","protected":false},"author":2,"featured_media":141673,"comment_status":"","ping_status":"","sticky":false,"template":"","format":"standard","meta":{"footnotes":""},"categories":[76],"tags":[79,77,184,33,31,30,3541,24397,1000,32,78,3323],"class_list":{"0":"post-141672","1":"post","2":"type-post","3":"status-publish","4":"format-standard","5":"has-post-thumbnail","7":"category-talous","8":"tag-business","9":"tag-economy","10":"tag-etela-savo","11":"tag-fi","12":"tag-finland","13":"tag-finnish","14":"tag-kilpailu-ja-kuluttajavirasto","15":"tag-kilpailuoikeus","16":"tag-savonlinna","17":"tag-suomi","18":"tag-talous","19":"tag-yrityskaupat"},"share_on_mastodon":{"url":"https:\/\/pubeurope.com\/@fi\/115891038060213832","error":""},"_links":{"self":[{"href":"https:\/\/www.europesays.com\/fi\/wp-json\/wp\/v2\/posts\/141672","targetHints":{"allow":["GET"]}}],"collection":[{"href":"https:\/\/www.europesays.com\/fi\/wp-json\/wp\/v2\/posts"}],"about":[{"href":"https:\/\/www.europesays.com\/fi\/wp-json\/wp\/v2\/types\/post"}],"author":[{"embeddable":true,"href":"https:\/\/www.europesays.com\/fi\/wp-json\/wp\/v2\/users\/2"}],"replies":[{"embeddable":true,"href":"https:\/\/www.europesays.com\/fi\/wp-json\/wp\/v2\/comments?post=141672"}],"version-history":[{"count":0,"href":"https:\/\/www.europesays.com\/fi\/wp-json\/wp\/v2\/posts\/141672\/revisions"}],"wp:featuredmedia":[{"embeddable":true,"href":"https:\/\/www.europesays.com\/fi\/wp-json\/wp\/v2\/media\/141673"}],"wp:attachment":[{"href":"https:\/\/www.europesays.com\/fi\/wp-json\/wp\/v2\/media?parent=141672"}],"wp:term":[{"taxonomy":"category","embeddable":true,"href":"https:\/\/www.europesays.com\/fi\/wp-json\/wp\/v2\/categories?post=141672"},{"taxonomy":"post_tag","embeddable":true,"href":"https:\/\/www.europesays.com\/fi\/wp-json\/wp\/v2\/tags?post=141672"}],"curies":[{"name":"wp","href":"https:\/\/api.w.org\/{rel}","templated":true}]}}