{"id":141676,"date":"2026-01-14T02:15:14","date_gmt":"2026-01-14T02:15:14","guid":{"rendered":"https:\/\/www.europesays.com\/fi\/141676\/"},"modified":"2026-01-14T02:15:14","modified_gmt":"2026-01-14T02:15:14","slug":"tunnelisotajutut-jattivat-venalaisen-sotateoreetikonkin-sanattomaksi-kertoivat-vapan-kaksoset-poliisille-uutissuomalainen","status":"publish","type":"post","link":"https:\/\/www.europesays.com\/fi\/141676\/","title":{"rendered":"Tunnelisotajutut j\u00e4ttiv\u00e4t ven\u00e4l\u00e4isen sotateoreetikonkin sanattomaksi, kertoivat Vapan kaksoset poliisille | Uutissuomalainen"},"content":{"rendered":"<p>Mikko Vapa, toinen turvallisuussalaisuuden paljastamisesta syytetyist\u00e4 kaksosveljeksist\u00e4 niin sanotussa tunnelisotajutussa, kertoo tulleensa &#8221;tunnelitietoiseksi&#8221; vuonna 2019. Esitutkintap\u00f6yt\u00e4kirjan mukaan Vapa ryhtyi ensin seuraamaan kansainv\u00e4lisi\u00e4 tunnelibloggaajia.<\/p>\n<p>\u2013\u2009Olen jo pikkupojasta eli noin 15-vuotiaasta saakka ihmetellyt mets\u00e4ss\u00e4 kulkevaa maahan p\u00e4\u00e4ttyv\u00e4\u00e4 s\u00e4hk\u00f6linjaa ja noin nelj\u00e4 vuotta sitten l\u00f6ysin tunneleihin liittyv\u00e4t tunnelibloggausvideot sek\u00e4 Twitterin asiaan liittyv\u00e4t hashtagit (aihetunnisteet). N\u00e4iden perusteella ymm\u00e4rsin, ett\u00e4 miten maanalainen toiminta py\u00f6rii ulkomailla. Samalla havaitsin, ett\u00e4 tunneliverkostosta tehdyt kartat ovat huonoja, Vapa, 48, sanoi poliisin kuulusteluissa.<\/p>\n<p>Vapa kertoi, ett\u00e4 &#8221;ihmiset alkoivat kyselem\u00e4\u00e4n ja vaatimaan tietoa Suomen tunneliverkostosta&#8221;, jolloin h\u00e4n p\u00e4\u00e4tti veljens\u00e4 Marko Vapan kanssa ryhty\u00e4 kartoittamaan sit\u00e4.<\/p>\n<p>\u2013\u2009Kartoitimme ensimm\u00e4isen\u00e4 Lapin tunnelikartan veljeni Markon kanssa. T\u00e4m\u00e4 ensimm\u00e4inen tunnelikartta julkaistiin Rovaniemen Jukolan viestiss\u00e4 vuonna 2021. N\u00e4it\u00e4 karttoja painettiin muistaakseni sata kappaletta.<\/p>\n<p>\t\t\t\tVanha valta, valkohatut, korona<\/p>\n<p>Marko Vapa kertoi, ett\u00e4 h\u00e4nen veljens\u00e4 mainitsi sanan &#8221;tunnelisota&#8221; ensimm\u00e4isen kerran joulukuussa 2019.<\/p>\n<p>\u2013\u2009On olemassa vanha valta eli Deep State eli mustahatut, jotka ovat hallinnoineet t\u00e4t\u00e4 tunnelij\u00e4rjestelm\u00e4\u00e4. My\u00f6hemmin on tullut allianssi ja ns. valkohatut. N\u00e4m\u00e4 edell\u00e4 mainitut ovat taistelleet tunneliverkoston hallinnasta. T\u00e4h\u00e4n on tarvittu esimerkiksi koronaa, jotta sotaa voidaan k\u00e4yd\u00e4 niin, ett\u00e4 v\u00e4ltyt\u00e4\u00e4n siviiliuhreilta, Marko Vapa selitti poliisille.<\/p>\n<p>H\u00e4n kertoi aloittaneensa oman tunnelisotatuotantonsa toukokuussa 2020.<\/p>\n<p>\u2013\u2009L\u00e4hestulkoon aina, kun olen ladannut videon Youtubeen, niin aina videoita on alettu kommentoida, joka on ollut minulle merkki siit\u00e4, ett\u00e4 asia mit\u00e4 teen on validi.<\/p>\n<p>Veljekset sanoivat kuulusteluissa, ett\u00e4 heid\u00e4n tarkoituksenaan on ollut antaa kansalaisille tietoa tunnelij\u00e4rjestelm\u00e4n olemassaolosta, eiv\u00e4tk\u00e4 he ole salailleet toimintaansa. Molemmat kiistiv\u00e4t my\u00f6s saaneensa toiminnasta taloudellista hy\u00f6ty\u00e4.<\/p>\n<p>\u2013\u2009Jos meid\u00e4n toiminta olisi haluttu est\u00e4\u00e4, niin olemme olleet useassa valvontakamerassa, emme ole pimitt\u00e4neet toimintaamme, vaan olemme ajaneet automme niin, ett\u00e4 se on j\u00e4\u00e4nyt valvontakameroihin ja on tunnistettavissa &#8212; kokonaisuutena ajattelen, ett\u00e4 Suomen kansalaisilla pit\u00e4isi olla selke\u00e4mpi k\u00e4sitys tunneleista, koska niiden luonnollisen paljastumisen aika on jo tullut, Marko Vapa sanoi.<\/p>\n<p>\t\t\t\tEsiintyiv\u00e4t Johan B\u00e4ckmanin kanssa<\/p>\n<p>Veljeksilt\u00e4 kysyttiin my\u00f6s esiintymisist\u00e4 samoissa nettil\u00e4hetyksiss\u00e4 Ven\u00e4j\u00e4n propagandan levitt\u00e4j\u00e4n\u00e4 tunnetun Johan B\u00e4ckmanin kanssa. Marko Vapan mukaan B\u00e4ckman oli pyyt\u00e4nyt heit\u00e4 kertomaan allianssista ja tunnelisodasta Youtube-kanavallaan.<\/p>\n<p>\u2013\u2009L\u00e4hetyksess\u00e4 oli mukana Igor Panarin -niminen henkil\u00f6, joka on ven\u00e4l\u00e4inen sotateoreetikko. L\u00e4hetyksess\u00e4 oli silloin puhetta siit\u00e4, ett\u00e4 korona on taisteluvirus, jolloin otin kantaa siihen, ett\u00e4 kyse ei ole koronasta, vaan kerroin, ett\u00e4 kyse on maailmanlaajuisesta tunnelisodasta. Igor Panarin j\u00e4i silloin sanattomaksi ja muistan, ett\u00e4 t\u00e4m\u00e4 oli merkitt\u00e4v\u00e4 nytk\u00e4hdys siin\u00e4, ett\u00e4 huomasimme, ett\u00e4 t\u00e4llainen korkean tason sotateoreetikko ei pystynyt vastaamaan t\u00e4h\u00e4n asiaan. T\u00e4m\u00e4 johti mielest\u00e4ni siihen, ett\u00e4 Johan alkoi pyyt\u00e4m\u00e4\u00e4n minua ja Mikkoa enemm\u00e4n l\u00e4hetyksiin vieraiksi, h\u00e4n sanoi.<\/p>\n<p>Mikko Vapa kertoi my\u00f6s k\u00e4yneens\u00e4 kerran B\u00e4ckmanin kotona.<\/p>\n<p>Oikeudenk\u00e4ynti turvallisuussalaisuuden paljastamisesta alkoi tiistaina Marko Vapan osalta. Mikko Vapa ei saapunut k\u00e4sittelyyn ja h\u00e4net vangittiin poissaolevana. Veljekset ovat kiist\u00e4neet syytteen.<\/p>\n<p>STT julkaisee syytettyjen nimet poikkeuksellisesti jo k\u00e4r\u00e4j\u00e4k\u00e4sittelyn aikana, koska heit\u00e4 on ep\u00e4ilty maanpetosrikoksiin rikoslaissa kuuluvasta teosta sin\u00e4 aikana, kun he olivat ehdolla eduskuntavaaleissa. Mikko Vapa oli vuoden 2023 vaaleissa Kristallipuolueen ehdokas ja Marko Vapa Valta kuuluu kansalle (VKK) -puolueen ehdokas.<\/p>\n","protected":false},"excerpt":{"rendered":"Mikko Vapa, toinen turvallisuussalaisuuden paljastamisesta syytetyist\u00e4 kaksosveljeksist\u00e4 niin sanotussa tunnelisotajutussa, kertoo tulleensa &#8221;tunnelitietoiseksi&#8221; vuonna 2019. Esitutkintap\u00f6yt\u00e4kirjan mukaan Vapa&hellip;\n","protected":false},"author":2,"featured_media":141677,"comment_status":"","ping_status":"","sticky":false,"template":"","format":"standard","meta":{"footnotes":""},"categories":[12],"tags":[22,23,26,27,33,31,30,17,667,24,25,24398,28,29,15,18,21,54,52,32,19,20,12466,21377,16],"class_list":{"0":"post-141676","1":"post","2":"type-post","3":"status-publish","4":"format-standard","5":"has-post-thumbnail","7":"category-suomi","8":"tag-breaking-news","9":"tag-breakingnews","10":"tag-featured-news","11":"tag-featurednews","12":"tag-fi","13":"tag-finland","14":"tag-finnish","15":"tag-headlines","16":"tag-lappi","17":"tag-latest-news","18":"tag-latestnews","19":"tag-maanpetos","20":"tag-main-news","21":"tag-mainnews","22":"tag-news","23":"tag-otsikot","24":"tag-paauutiset","25":"tag-pelastuspalvelut","26":"tag-poliisi","27":"tag-suomi","28":"tag-top-stories","29":"tag-topstories","30":"tag-twitter","31":"tag-ukrainan-kriisi","32":"tag-uutiset"},"share_on_mastodon":{"url":"https:\/\/pubeurope.com\/@fi\/115891045934234837","error":""},"_links":{"self":[{"href":"https:\/\/www.europesays.com\/fi\/wp-json\/wp\/v2\/posts\/141676","targetHints":{"allow":["GET"]}}],"collection":[{"href":"https:\/\/www.europesays.com\/fi\/wp-json\/wp\/v2\/posts"}],"about":[{"href":"https:\/\/www.europesays.com\/fi\/wp-json\/wp\/v2\/types\/post"}],"author":[{"embeddable":true,"href":"https:\/\/www.europesays.com\/fi\/wp-json\/wp\/v2\/users\/2"}],"replies":[{"embeddable":true,"href":"https:\/\/www.europesays.com\/fi\/wp-json\/wp\/v2\/comments?post=141676"}],"version-history":[{"count":0,"href":"https:\/\/www.europesays.com\/fi\/wp-json\/wp\/v2\/posts\/141676\/revisions"}],"wp:featuredmedia":[{"embeddable":true,"href":"https:\/\/www.europesays.com\/fi\/wp-json\/wp\/v2\/media\/141677"}],"wp:attachment":[{"href":"https:\/\/www.europesays.com\/fi\/wp-json\/wp\/v2\/media?parent=141676"}],"wp:term":[{"taxonomy":"category","embeddable":true,"href":"https:\/\/www.europesays.com\/fi\/wp-json\/wp\/v2\/categories?post=141676"},{"taxonomy":"post_tag","embeddable":true,"href":"https:\/\/www.europesays.com\/fi\/wp-json\/wp\/v2\/tags?post=141676"}],"curies":[{"name":"wp","href":"https:\/\/api.w.org\/{rel}","templated":true}]}}