{"id":141678,"date":"2026-01-14T02:16:11","date_gmt":"2026-01-14T02:16:11","guid":{"rendered":"https:\/\/www.europesays.com\/fi\/141678\/"},"modified":"2026-01-14T02:16:11","modified_gmt":"2026-01-14T02:16:11","slug":"kaarinassa-oli-laaja-sahkokatko-mtv-uutiset","status":"publish","type":"post","link":"https:\/\/www.europesays.com\/fi\/141678\/","title":{"rendered":"Kaarinassa oli laaja s\u00e4hk\u00f6katko | MTV Uutiset"},"content":{"rendered":"<p><strong class=\"typography-bold\">Kaarinassa Varsinais-Suomessa on ollut tiistaina laaja s\u00e4hk\u00f6katko.<\/strong><\/p>\n<p><a class=\"underline\" data-testid=\"external-link\" href=\"https:\/\/sahkokatkokartta.fi\/\" rel=\"noopener noreferrer nofollow\" data-sentry-component=\"ExternalLink\" data-sentry-source-file=\"ExternalLink.tsx\" target=\"_blank\">Energiateollisuuden s\u00e4hk\u00f6katkokartan<\/a>\u00a0mukaan Kaarinassa oli tiistaina enimmill\u00e4\u00e4n s\u00e4hk\u00f6tt\u00e4 yli 8 400 taloutta. V\u00e4h\u00e4n ennen puolta y\u00f6t\u00e4 s\u00e4hk\u00f6t olivat poikki noin 50 kaarinalaistaloudelta.\u00a0<\/p>\n<p>Kaarinassa asuu noin 36\u00a0600 ihmist\u00e4.<\/p>\n<p><a class=\"underline\" data-testid=\"external-link\" href=\"https:\/\/yle.fi\/a\/74-20204112?origin=rss\" rel=\"noopener noreferrer nofollow\" data-sentry-component=\"ExternalLink\" data-sentry-source-file=\"ExternalLink.tsx\" target=\"_blank\">Yle<\/a>n mukaan katko johtui Piispanristin s\u00e4hk\u00f6asemalla olevasta s\u00e4hk\u00f6asemaviasta, jonka piiriss\u00e4 on noin 5 200 s\u00e4hk\u00f6yhti\u00f6 Carunan asiakasta.<\/p>\n<p>Varsinais-Suomen pelastuslaitos kertoi illalla tiedotteessaan k\u00e4yneens\u00e4 tarkastamassa s\u00e4hk\u00f6keskuksessa Saukonkadulla havaitun savun muodostuksen. Pelastuslaitos savutuuletti tilat.<\/p>\n<p>K\u00e4ytt\u00f6p\u00e4\u00e4llikk\u00f6\u00a0<strong class=\"typography-bold\">Jarmo Str\u00f6m<\/strong>\u00a0Carunalta kertoi Ylelle, ett\u00e4 vikaa saatiin rajatuksi varayhteyksill\u00e4.<\/p>\n<p>H\u00e4n arvioi, ett\u00e4 s\u00e4hk\u00f6t saadaan parhaimmillaan palautetuksi asiakkaille viel\u00e4 tiistain puolella. Arvio oli ep\u00e4varma, koska vian laadusta ei ollut varmuutta.<\/p>\n<p>Str\u00f6min mukaan vian aiheuttaja ei todenn\u00e4k\u00f6isesti ollut mik\u00e4\u00e4n ulkopuolinen tekij\u00e4, vaan sen syy oli laitoksen sis\u00e4inen.<\/p>\n<p>Juttua p\u00e4ivitetty 13.1.2026 kello 23.49.<\/p>\n","protected":false},"excerpt":{"rendered":"Kaarinassa Varsinais-Suomessa on ollut tiistaina laaja s\u00e4hk\u00f6katko. Energiateollisuuden s\u00e4hk\u00f6katkokartan\u00a0mukaan Kaarinassa oli tiistaina enimmill\u00e4\u00e4n s\u00e4hk\u00f6tt\u00e4 yli 8 400 taloutta.&hellip;\n","protected":false},"author":2,"featured_media":141679,"comment_status":"","ping_status":"","sticky":false,"template":"","format":"standard","meta":{"footnotes":""},"categories":[5],"tags":[22,23,26,27,33,31,30,17,24,25,28,29,15,18,21,32,19,20,16],"class_list":{"0":"post-141678","1":"post","2":"type-post","3":"status-publish","4":"format-standard","5":"has-post-thumbnail","7":"category-otsikot","8":"tag-breaking-news","9":"tag-breakingnews","10":"tag-featured-news","11":"tag-featurednews","12":"tag-fi","13":"tag-finland","14":"tag-finnish","15":"tag-headlines","16":"tag-latest-news","17":"tag-latestnews","18":"tag-main-news","19":"tag-mainnews","20":"tag-news","21":"tag-otsikot","22":"tag-paauutiset","23":"tag-suomi","24":"tag-top-stories","25":"tag-topstories","26":"tag-uutiset"},"share_on_mastodon":{"url":"https:\/\/pubeurope.com\/@fi\/115891049757435480","error":""},"_links":{"self":[{"href":"https:\/\/www.europesays.com\/fi\/wp-json\/wp\/v2\/posts\/141678","targetHints":{"allow":["GET"]}}],"collection":[{"href":"https:\/\/www.europesays.com\/fi\/wp-json\/wp\/v2\/posts"}],"about":[{"href":"https:\/\/www.europesays.com\/fi\/wp-json\/wp\/v2\/types\/post"}],"author":[{"embeddable":true,"href":"https:\/\/www.europesays.com\/fi\/wp-json\/wp\/v2\/users\/2"}],"replies":[{"embeddable":true,"href":"https:\/\/www.europesays.com\/fi\/wp-json\/wp\/v2\/comments?post=141678"}],"version-history":[{"count":0,"href":"https:\/\/www.europesays.com\/fi\/wp-json\/wp\/v2\/posts\/141678\/revisions"}],"wp:featuredmedia":[{"embeddable":true,"href":"https:\/\/www.europesays.com\/fi\/wp-json\/wp\/v2\/media\/141679"}],"wp:attachment":[{"href":"https:\/\/www.europesays.com\/fi\/wp-json\/wp\/v2\/media?parent=141678"}],"wp:term":[{"taxonomy":"category","embeddable":true,"href":"https:\/\/www.europesays.com\/fi\/wp-json\/wp\/v2\/categories?post=141678"},{"taxonomy":"post_tag","embeddable":true,"href":"https:\/\/www.europesays.com\/fi\/wp-json\/wp\/v2\/tags?post=141678"}],"curies":[{"name":"wp","href":"https:\/\/api.w.org\/{rel}","templated":true}]}}