{"id":141680,"date":"2026-01-14T02:28:16","date_gmt":"2026-01-14T02:28:16","guid":{"rendered":"https:\/\/www.europesays.com\/fi\/141680\/"},"modified":"2026-01-14T02:28:16","modified_gmt":"2026-01-14T02:28:16","slug":"harvialassa-asuva-ville-vuorinen-aloitti-hameenlinnan-legendaarisen-kesakeitaan-yrittajana","status":"publish","type":"post","link":"https:\/\/www.europesays.com\/fi\/141680\/","title":{"rendered":"Harvialassa asuva Ville Vuorinen aloitti H\u00e4meenlinnan legendaarisen kes\u00e4keitaan yritt\u00e4j\u00e4n\u00e4"},"content":{"rendered":"<p class=\"article-ingress--medium\">Harvialassa asuva Ville Vuorinen eli tubettaja R\u00e4pfaija voitti yhdess\u00e4 yrityskumppaniensa kanssa H\u00e4meenlinnan Apparasta k\u00e4ydyn tarjouskilpailun.<\/p>\n<p><img decoding=\"async\" src=\"https:\/\/www.europesays.com\/fi\/wp-content\/uploads\/2026\/01\/1768357696_595_468.jpg\" alt=\"Ville Vuorinen perusti yhdess\u00e4 Mikko Vuorisen sek\u00e4 Henna Sorrin kanssa Apparan El\u00e4myskeskus oy:n.\" class=\"_Img_1rerz_1\" style=\"aspect-ratio:1.5\" loading=\"eager\"\/><\/p>\n<p class=\"article-picture-caption\">Ville Vuorinen perusti yhdess\u00e4 Mikko Vuorisen sek\u00e4 Henna Sorrin kanssa Apparan El\u00e4myskeskus oy:n. Kuva:\u00a0Aatu Tr\u00e4ff<\/p>\n<p><a href=\"https:\/\/www.janakkalansanomat.fi\/haku\/?query=Veera+Visap%C3%A4%C3%A4\" rel=\"nofollow noopener\" target=\"_blank\"><\/p>\n<p>Veera Visap\u00e4\u00e4<\/p>\n<p><\/a><\/p>\n<p>13.1. 15:03<\/p>\n<p class=\"article-body mb-nof-24 px-nof-16\">Harvialassa asuva tubettaja R\u00e4pfaija eli <a class=\"font-bold underline-offset-[0.12em] [text-decoration:var(--person-link-text-decoration)] ![text-decoration-color:var(--person-link-text-decoration-color)]\" href=\"https:\/\/www.janakkalansanomat.fi\/haku\/?query=Ville%20Vuorinen\" rel=\"nofollow noopener\" target=\"_blank\">Ville Vuorinen<\/a> on yksi H\u00e4meenlinnan Ahveniston olympiapuiston uusista yritt\u00e4jist\u00e4. Vuorinen perusti yhdess\u00e4 veljens\u00e4 <a class=\"font-bold underline-offset-[0.12em] [text-decoration:var(--person-link-text-decoration)] ![text-decoration-color:var(--person-link-text-decoration-color)]\" href=\"https:\/\/www.janakkalansanomat.fi\/haku\/?query=Mikko%20Vuorisen\" rel=\"nofollow noopener\" target=\"_blank\">Mikko Vuorisen<\/a> sek\u00e4 heid\u00e4n pitk\u00e4aikaisen yst\u00e4v\u00e4ns\u00e4 <a class=\"font-bold underline-offset-[0.12em] [text-decoration:var(--person-link-text-decoration)] ![text-decoration-color:var(--person-link-text-decoration-color)]\" href=\"https:\/\/www.janakkalansanomat.fi\/haku\/?query=Henna%20Sorrin\" rel=\"nofollow noopener\" target=\"_blank\">Henna Sorrin<\/a> kanssa Apparan El\u00e4myskeskus oy:n, joka aikoo tuoda uutta virtaa alueelle.<\/p>\n<p>KommentoiIlmoita asiavirheest\u00e4KommentoiIlmoita asiavirheest\u00e4<\/p>\n","protected":false},"excerpt":{"rendered":"Harvialassa asuva Ville Vuorinen eli tubettaja R\u00e4pfaija voitti yhdess\u00e4 yrityskumppaniensa kanssa H\u00e4meenlinnan Apparasta k\u00e4ydyn tarjouskilpailun. Ville Vuorinen perusti&hellip;\n","protected":false},"author":2,"featured_media":141681,"comment_status":"","ping_status":"","sticky":false,"template":"","format":"standard","meta":{"footnotes":""},"categories":[136],"tags":[407,137,33,31,30,1689,408,32,109],"class_list":{"0":"post-141680","1":"post","2":"type-post","3":"status-publish","4":"format-standard","5":"has-post-thumbnail","7":"category-julkkikset","8":"tag-celebrities","9":"tag-entertainment","10":"tag-fi","11":"tag-finland","12":"tag-finnish","13":"tag-janakkalan-sanomat","14":"tag-julkkikset","15":"tag-suomi","16":"tag-viihde"},"share_on_mastodon":{"url":"https:\/\/pubeurope.com\/@fi\/115891096962948677","error":""},"_links":{"self":[{"href":"https:\/\/www.europesays.com\/fi\/wp-json\/wp\/v2\/posts\/141680","targetHints":{"allow":["GET"]}}],"collection":[{"href":"https:\/\/www.europesays.com\/fi\/wp-json\/wp\/v2\/posts"}],"about":[{"href":"https:\/\/www.europesays.com\/fi\/wp-json\/wp\/v2\/types\/post"}],"author":[{"embeddable":true,"href":"https:\/\/www.europesays.com\/fi\/wp-json\/wp\/v2\/users\/2"}],"replies":[{"embeddable":true,"href":"https:\/\/www.europesays.com\/fi\/wp-json\/wp\/v2\/comments?post=141680"}],"version-history":[{"count":0,"href":"https:\/\/www.europesays.com\/fi\/wp-json\/wp\/v2\/posts\/141680\/revisions"}],"wp:featuredmedia":[{"embeddable":true,"href":"https:\/\/www.europesays.com\/fi\/wp-json\/wp\/v2\/media\/141681"}],"wp:attachment":[{"href":"https:\/\/www.europesays.com\/fi\/wp-json\/wp\/v2\/media?parent=141680"}],"wp:term":[{"taxonomy":"category","embeddable":true,"href":"https:\/\/www.europesays.com\/fi\/wp-json\/wp\/v2\/categories?post=141680"},{"taxonomy":"post_tag","embeddable":true,"href":"https:\/\/www.europesays.com\/fi\/wp-json\/wp\/v2\/tags?post=141680"}],"curies":[{"name":"wp","href":"https:\/\/api.w.org\/{rel}","templated":true}]}}