{"id":141686,"date":"2026-01-14T02:39:15","date_gmt":"2026-01-14T02:39:15","guid":{"rendered":"https:\/\/www.europesays.com\/fi\/141686\/"},"modified":"2026-01-14T02:39:15","modified_gmt":"2026-01-14T02:39:15","slug":"mita-tapahtuu-porssikursseille-2026-taloustaito-fi","status":"publish","type":"post","link":"https:\/\/www.europesays.com\/fi\/141686\/","title":{"rendered":"Mit\u00e4 tapahtuu p\u00f6rssikursseille 2026? &#8211; Taloustaito.fi"},"content":{"rendered":"<p class=\"ingress\">Vuosi 2025 oli Helsingin p\u00f6rssiss\u00e4 reippaan kasvun vuosi. Mit\u00e4 kursseille tapahtuu vuonna 2026? Jatkuuko AI-vetoinen ralli Atlantin takana vai joko nousuk\u00e4rke\u00e4 on l\u00e4hdett\u00e4v\u00e4 mets\u00e4st\u00e4m\u00e4\u00e4n muilta toimialoilta? Taloustaito LIVEn vieraana on Inderesin analyytikko Sauli Vil\u00e9n, jonka kanssa pureudumme alkaneen sijoitusvuoden keskeisiin teemoihin.  <\/p>\n<p>Onko k\u00e4sill\u00e4 AI-kupla? L\u00e4hteek\u00f6 Euroopan talous vihdoin porskuttamaan? Mit\u00e4 tapahtuu korkorintamalla, ent\u00e4 onko Atlantin takaa odotettavissa t\u00e4n\u00e4kin vuonna yll\u00e4tyksi\u00e4, jotka voivat v\u00e4\u00e4nt\u00e4\u00e4 p\u00f6rssikursseja mutkalle? L\u00e4hde mukaan katsastamaan vuoden 2026 p\u00f6rssin keskeisi\u00e4 teemoja ja miettim\u00e4\u00e4n, mihin rahoja kannattaisi t\u00e4n\u00e4 vuonna sijoittaa. Taloustaito LIVEn vieraana Inderesin analyytikko <strong>Sauli Vil\u00e9n<\/strong>. L\u00e4hetyksen juontaa <strong>Outi Airaksinen<\/strong>.<\/p>\n","protected":false},"excerpt":{"rendered":"Vuosi 2025 oli Helsingin p\u00f6rssiss\u00e4 reippaan kasvun vuosi. Mit\u00e4 kursseille tapahtuu vuonna 2026? Jatkuuko AI-vetoinen ralli Atlantin takana&hellip;\n","protected":false},"author":2,"featured_media":141687,"comment_status":"","ping_status":"","sticky":false,"template":"","format":"standard","meta":{"footnotes":""},"categories":[76],"tags":[79,77,33,31,30,32,78],"class_list":{"0":"post-141686","1":"post","2":"type-post","3":"status-publish","4":"format-standard","5":"has-post-thumbnail","7":"category-talous","8":"tag-business","9":"tag-economy","10":"tag-fi","11":"tag-finland","12":"tag-finnish","13":"tag-suomi","14":"tag-talous"},"share_on_mastodon":{"url":"https:\/\/pubeurope.com\/@fi\/115891140333778339","error":""},"_links":{"self":[{"href":"https:\/\/www.europesays.com\/fi\/wp-json\/wp\/v2\/posts\/141686","targetHints":{"allow":["GET"]}}],"collection":[{"href":"https:\/\/www.europesays.com\/fi\/wp-json\/wp\/v2\/posts"}],"about":[{"href":"https:\/\/www.europesays.com\/fi\/wp-json\/wp\/v2\/types\/post"}],"author":[{"embeddable":true,"href":"https:\/\/www.europesays.com\/fi\/wp-json\/wp\/v2\/users\/2"}],"replies":[{"embeddable":true,"href":"https:\/\/www.europesays.com\/fi\/wp-json\/wp\/v2\/comments?post=141686"}],"version-history":[{"count":0,"href":"https:\/\/www.europesays.com\/fi\/wp-json\/wp\/v2\/posts\/141686\/revisions"}],"wp:featuredmedia":[{"embeddable":true,"href":"https:\/\/www.europesays.com\/fi\/wp-json\/wp\/v2\/media\/141687"}],"wp:attachment":[{"href":"https:\/\/www.europesays.com\/fi\/wp-json\/wp\/v2\/media?parent=141686"}],"wp:term":[{"taxonomy":"category","embeddable":true,"href":"https:\/\/www.europesays.com\/fi\/wp-json\/wp\/v2\/categories?post=141686"},{"taxonomy":"post_tag","embeddable":true,"href":"https:\/\/www.europesays.com\/fi\/wp-json\/wp\/v2\/tags?post=141686"}],"curies":[{"name":"wp","href":"https:\/\/api.w.org\/{rel}","templated":true}]}}