{"id":141688,"date":"2026-01-14T02:40:11","date_gmt":"2026-01-14T02:40:11","guid":{"rendered":"https:\/\/www.europesays.com\/fi\/141688\/"},"modified":"2026-01-14T02:40:11","modified_gmt":"2026-01-14T02:40:11","slug":"valkoisen-talon-julkaisema-trump-kuva-herattaa-huolta","status":"publish","type":"post","link":"https:\/\/www.europesays.com\/fi\/141688\/","title":{"rendered":"Valkoisen talon julkaisema Trump-kuva her\u00e4tt\u00e4\u00e4 huolta"},"content":{"rendered":"<p>K\u00e4sitelty ja provokatiivinen kuvajulkaisu on her\u00e4tt\u00e4nyt keskustelua sosiaalisessa mediassa. Osa kommentoijista on huolissaan, osa puolestaan teki Trumpista uusia meemej\u00e4.<\/p>\n<p><img decoding=\"async\" class=\"image image-show image-preview\" src=\"https:\/\/www.europesays.com\/fi\/wp-content\/uploads\/2026\/01\/e1a15dcd7f8b045e533acbd050cd598bf62408f4911828fde3fbeda10cac56f2.png\" alt=\"\"\/><img decoding=\"async\" class=\"image image-show\" src=\"https:\/\/www.europesays.com\/fi\/wp-content\/uploads\/2026\/01\/1768358411_642_e1a15dcd7f8b045e533acbd050cd598bf62408f4911828fde3fbeda10cac56f2.png\" alt=\"\"\/><\/p>\n<p>Kuva Trumpista ikkunan \u00e4\u00e4rell\u00e4 on per\u00e4isin perjantaina j\u00e4rjestetyst\u00e4 hallituksen ja suurimpien \u00f6ljy-yhti\u00f6iden toimitusjohtajien kokouksesta. Valkoisen talon sosiaalisen median julkaisu<\/p>\n<p class=\"paragraph\">Valkoinen talo julkaisi tiistaina sosiaalisessa mediassa kuvan, jossa Yhdysvaltain presidentti <strong>Donald Trump<\/strong> katsoo ikkunasta \u201dmaisemaa\u201d Gr\u00f6nlannin kartasta.<\/p>\n<p class=\"paragraph\">\u2013 Tilannetta tarkkailemassa, kuvatekstiss\u00e4 lukee.<\/p>\n<p class=\"paragraph\">Trump on toistuvasti uhkaillut liitt\u00e4\u00e4 Tanskan itsehallintoalueen Gr\u00f6nlannin osaksi Yhdysvaltoja, ja h\u00e4nen puheensa asiasta ovat ottaneet uusia kierroksia.<\/p>\n<p class=\"paragraph\">\u2013 Tarvitsemme Gr\u00f6nlannin. [&#8211;] Se on niin strateginen t\u00e4ll\u00e4 hetkell\u00e4, Trump sanoi viime viikolla.<\/p>\n<p class=\"paragraph\">K\u00e4sitelty ja provokatiivinen kuvajulkaisu on her\u00e4tt\u00e4nyt huomiota ja keskustelua sosiaalisessa mediassa. Osa kommentoijista on huolissaan, osa puolestaan vitsaili ja teki Trumpista uusia meemej\u00e4.<\/p>\n<p class=\"paragraph\">Kuva Trumpista ikkunan \u00e4\u00e4rell\u00e4 on per\u00e4isin perjantaina j\u00e4rjestetyst\u00e4 hallituksen ja suurimpien \u00f6ljy-yhti\u00f6iden toimitusjohtajien kokouksesta.<\/p>\n<p class=\"paragraph\">Kokouksen aikana Trump siirtyi yht\u00e4kki\u00e4 ikkunan luo ja katseli ulos ty\u00f6maalle, jossa Valkoisen talon it\u00e4siiven paikalle rakennetaan juhlasalia.<\/p>\n<p class=\"paragraph\">\u2013 Vau! Mik\u00e4 n\u00e4kym\u00e4, Trump kommentoi ty\u00f6maata katsellessaan.<\/p>\n<p class=\"paragraph\">Muut paikalla olleet vaikuttivat h\u00e4mmentyneilt\u00e4 tilanteen \u00e4killisest\u00e4 k\u00e4\u00e4nteest\u00e4, ja pian presidentti palasi p\u00f6yd\u00e4n \u00e4\u00e4reen.<\/p>\n<p class=\"paragraph\">\u2013 Ep\u00e4tavallinen aika katsella, mutta ajattelin, ett\u00e4 voisin ihan hyvin tehd\u00e4 sen. Jos valeuutiset haluavat katsoa eritt\u00e4in isoja perustuksia, voitte tehd\u00e4 sen. Olemme edell\u00e4 aikataulusta ja alle budjetin, h\u00e4n jatkoi<\/p>\n<p class=\"paragraph\">Jotkut pit\u00e4v\u00e4t Trumpin yll\u00e4tt\u00e4v\u00e4\u00e4 maisemien katseluhetke\u00e4 j\u00e4lleen yhten\u00e4 merkkin\u00e4 presidentin terveyden ja henkisen tilan heikkenemisest\u00e4.<\/p>\n<p class=\"paragraph\">Valkoinen talo ei tiett\u00e4v\u00e4sti ole kommentoinut viime perjantaina j\u00e4rjestetyn kokouksen tapahtumia muutoin kuin meemein.<\/p>\n<p>\u201dPahin on vasta edess\u00e4\u201d<\/p>\n<p class=\"paragraph\">Tanskan ja Gr\u00f6nlannin johtajat kommentoivat Yhdysvaltain uhkaa <a href=\"https:\/\/www.iltalehti.fi\/ulkomaat\/db294e1d-179e-4a9e-9cf3-be7c21ab009f\" rel=\"nofollow noopener\" target=\"_blank\">aiemmin<\/a> t\u00e4n\u00e4\u00e4n.<\/p>\n<p class=\"paragraph\">\u2013 On monia merkkej\u00e4 siit\u00e4, ett\u00e4 pahin on vasta edess\u00e4, Tanskan p\u00e4\u00e4ministeri <a href=\"https:\/\/www.iltalehti.fi\/henkilot\/Mette Frederiksen\" class=\"article-link-person-page\" rel=\"nofollow noopener\" target=\"_blank\">Mette Frederiksen<\/a> sanoi.<\/p>\n<p class=\"paragraph\">\u2013 Mutta viestimme on selv\u00e4: Gr\u00f6nlanti ei ole myyt\u00e4v\u00e4n\u00e4, h\u00e4n jatkoi.<\/p>\n<p class=\"paragraph\">Gr\u00f6nlannin p\u00e4\u00e4ministerill\u00e4 <strong>Jens-Frederik Nielsenill\u00e4<\/strong> oli tiistain lehdist\u00f6tilaisuudessa lyhyt vastaus Trumpille.<\/p>\n<p class=\"paragraph\">\u2013 Vastaukseni ei ole kovin pitk\u00e4. Gr\u00f6nlanti seisoo Tanskan rinnalla, h\u00e4n sanoi.<\/p>\n<p class=\"paragraph\">Yhdysvaltain varapresidentti <a href=\"https:\/\/www.iltalehti.fi\/henkilot\/J. D. Vance\" class=\"article-link-person-page\" rel=\"nofollow noopener\" target=\"_blank\">J. D. Vance<\/a> osallistuu keskiviikkona Tanskan ja Gr\u00f6nlannin ulkoministerien tapaamiseen yhdess\u00e4 Yhdysvaltain ulkoministerin <a href=\"https:\/\/www.iltalehti.fi\/henkilot\/Marco Rubio\" class=\"article-link-person-page\" rel=\"nofollow noopener\" target=\"_blank\">Marco Rubion<\/a> kanssa.<\/p>\n","protected":false},"excerpt":{"rendered":"K\u00e4sitelty ja provokatiivinen kuvajulkaisu on her\u00e4tt\u00e4nyt keskustelua sosiaalisessa mediassa. Osa kommentoijista on huolissaan, osa puolestaan teki Trumpista uusia&hellip;\n","protected":false},"author":2,"featured_media":141689,"comment_status":"","ping_status":"","sticky":false,"template":"","format":"standard","meta":{"footnotes":""},"categories":[14],"tags":[35,22,23,26,27,33,31,30,17,24,25,28,29,15,18,21,142,637,144,32,19,20,56,16,638,59,60,61,143],"class_list":{"0":"post-141688","1":"post","2":"type-post","3":"status-publish","4":"format-standard","5":"has-post-thumbnail","7":"category-ulkomaat","8":"tag-24h","9":"tag-breaking-news","10":"tag-breakingnews","11":"tag-featured-news","12":"tag-featurednews","13":"tag-fi","14":"tag-finland","15":"tag-finnish","16":"tag-headlines","17":"tag-latest-news","18":"tag-latestnews","19":"tag-main-news","20":"tag-mainnews","21":"tag-news","22":"tag-otsikot","23":"tag-paauutiset","24":"tag-poliitikot","25":"tag-politiikka","26":"tag-presidentti","27":"tag-suomi","28":"tag-top-stories","29":"tag-topstories","30":"tag-ulkomaat","31":"tag-uutiset","32":"tag-valtiovalta","33":"tag-world","34":"tag-world-news","35":"tag-worldnews","36":"tag-yhdysvaltain-politiikka"},"share_on_mastodon":{"url":"https:\/\/pubeurope.com\/@fi\/115891144281633222","error":""},"_links":{"self":[{"href":"https:\/\/www.europesays.com\/fi\/wp-json\/wp\/v2\/posts\/141688","targetHints":{"allow":["GET"]}}],"collection":[{"href":"https:\/\/www.europesays.com\/fi\/wp-json\/wp\/v2\/posts"}],"about":[{"href":"https:\/\/www.europesays.com\/fi\/wp-json\/wp\/v2\/types\/post"}],"author":[{"embeddable":true,"href":"https:\/\/www.europesays.com\/fi\/wp-json\/wp\/v2\/users\/2"}],"replies":[{"embeddable":true,"href":"https:\/\/www.europesays.com\/fi\/wp-json\/wp\/v2\/comments?post=141688"}],"version-history":[{"count":0,"href":"https:\/\/www.europesays.com\/fi\/wp-json\/wp\/v2\/posts\/141688\/revisions"}],"wp:featuredmedia":[{"embeddable":true,"href":"https:\/\/www.europesays.com\/fi\/wp-json\/wp\/v2\/media\/141689"}],"wp:attachment":[{"href":"https:\/\/www.europesays.com\/fi\/wp-json\/wp\/v2\/media?parent=141688"}],"wp:term":[{"taxonomy":"category","embeddable":true,"href":"https:\/\/www.europesays.com\/fi\/wp-json\/wp\/v2\/categories?post=141688"},{"taxonomy":"post_tag","embeddable":true,"href":"https:\/\/www.europesays.com\/fi\/wp-json\/wp\/v2\/tags?post=141688"}],"curies":[{"name":"wp","href":"https:\/\/api.w.org\/{rel}","templated":true}]}}