{"id":141690,"date":"2026-01-14T02:41:13","date_gmt":"2026-01-14T02:41:13","guid":{"rendered":"https:\/\/www.europesays.com\/fi\/141690\/"},"modified":"2026-01-14T02:41:13","modified_gmt":"2026-01-14T02:41:13","slug":"muumit-lahtevat-taas-yhdysvaltoihin-tampere-lainaa-kaksi-nayttelya-seattleen-haisuli-ei-mukana-pirkanmaa","status":"publish","type":"post","link":"https:\/\/www.europesays.com\/fi\/141690\/","title":{"rendered":"Muumit l\u00e4htev\u00e4t taas Yhdysvaltoihin \u2013 Tampere lainaa kaksi n\u00e4yttely\u00e4 Seattleen, Haisuli ei mukana | Pirkanmaa"},"content":{"rendered":"<p class=\"aw-1gybjub aw-5vja16 kEtdKx kmuxyA yle__article__paragraph\">N\u00e4yttelyiden on tarkoitus vied\u00e4 kaupunkia maailmalle. Tampereella sijaitsee maailman ainoa Muumimuseo.<\/p>\n<p><img decoding=\"async\" alt=\"Muumi 80-juhlavuoden suurn\u00e4yttely Brooklyn Public Library -kirjastossa. Tilan sein\u00e4\u00e4 koristaa muumien ja Tove Janssonin kuvat, ihmisi\u00e4 k\u00e4velee kirjastossa ja istuu p\u00f6yt\u00e4ryhmien \u00e4\u00e4ress\u00e4.\" src=\"https:\/\/www.europesays.com\/fi\/wp-content\/uploads\/2026\/01\/39-1489023686651f6b5aaf.jpeg\" class=\"aw-1l9m598 hKVVvP\"\/><\/p>\n<p>Avaa kuvien katselu<\/p>\n<p>Kes\u00e4ll\u00e4 New Yorkissa Brooklynin julkisessa kirjastossa oli esill\u00e4 muumin\u00e4yttely, joka toteutettiin yhteisty\u00f6ss\u00e4 Moomin Charactersin, Moomin Arabian, Finnairin sek\u00e4 Tampereen kaupungin kanssa. Kuva: Charles Roussel \/ Brooklyn Public Library \u00a9 Moomin Characters \u2122<\/p>\n<ul class=\"aw-1jjocuh iJTSwP yle__article__list yle__article__list--ul\">\n<li class=\"aw-1j7gwms gNYKfi\">Tampereen kaupunki lainaa kaksi muumiaiheista pop up -n\u00e4yttely\u00e4 Seattleen National Nordic Museumiin.<\/li>\n<li class=\"aw-1j7gwms gNYKfi\">Lainojen tavoite on markkinoida Tamperetta Muumimuseon kotikaupunkina ja lis\u00e4t\u00e4 kansainv\u00e4list\u00e4 matkailua.<\/li>\n<li class=\"aw-1j7gwms gNYKfi\">N\u00e4yttelyt eiv\u00e4t sis\u00e4ll\u00e4 alkuper\u00e4isi\u00e4 teoksia, mik\u00e4 helpottaa niiden lainaamista ulkomaille.<\/li>\n<\/ul>\n<p class=\"aw-1gybjub aw-1p7kakr kEtdKx cEmitX yle__article__paragraph\">Muumeja voidaan n\u00e4hd\u00e4 taas Yhdysvalloissa, kun Tampereen kaupunki on lainaamassa kaksi muumiaiheista pop up -n\u00e4yttely\u00e4 Seattleen.<\/p>\n<p class=\"aw-1gybjub aw-1p7kakr kEtdKx cEmitX yle__article__paragraph\">Pohjoista taidetta ja kulttuuria esittelev\u00e4 National Nordic Museum otti yhteytt\u00e4 Tampereen kaupunkiin ja esitti pyynn\u00f6n n\u00e4yttelyiden lainaamisesta.<\/p>\n<p class=\"aw-1gybjub aw-1p7kakr kEtdKx cEmitX yle__article__paragraph\">Kaupunki lainaa n\u00e4yttelyt maaliskuun ja lokakuun v\u00e4liseksi ajaksi.<\/p>\n<p class=\"aw-1gybjub aw-1p7kakr kEtdKx cEmitX yle__article__paragraph\">\u2013 National Nordic Museum otti ensimm\u00e4isen kerran yhteytt\u00e4 Muumimuseoon jo vuonna 2021, jolloin asiasta keskusteltiin. Nyt t\u00e4m\u00e4 tuli sitten uudelleen ajankohtaiseksi, kertoo Tampereen kaupungin tuottaja <strong class=\"aw-ak79eh KyCXm yle__article__strong\">Minna Honkasalo<\/strong>.<\/p>\n<p><img decoding=\"async\" alt=\"N\u00e4kym\u00e4 Muumimuseon yl\u00e4tasanteelta alas. Etualalla on pyrst\u00f6t\u00e4hte\u00e4 esitt\u00e4v\u00e4 helmiteos ja alhaalla n\u00e4kyy pienoismaailmoja lasikuvuissaan.\" src=\"https:\/\/www.europesays.com\/fi\/wp-content\/uploads\/2026\/01\/39-6598855e83398a890e1.jpeg\" loading=\"lazy\" class=\"aw-1l9m598 hKVVvP\"\/><\/p>\n<p>Avaa kuvien katselu<\/p>\n<p>Tampere-talossa sijaitsevassa Muumimuseossa on esill\u00e4 muumitaiteen kokoelma, jonka Tove Jansson lahjoitti Tampereen kaupungille vuonna 1986. Arkistokuva. Kuva: Anna Sir\u00e9n \/ YleHaisulia ei pidetty soveliaana<\/p>\n<p class=\"aw-1gybjub aw-1p7kakr kEtdKx cEmitX yle__article__paragraph\">Viime kes\u00e4n\u00e4 New Yorkissa oli esill\u00e4 <strong class=\"aw-ak79eh KyCXm yle__article__strong\">Tove Janssonia<\/strong> ja muumeja k\u00e4sittelev\u00e4 n\u00e4yttely Brooklynin julkisessa kirjastossa. Tuolloin Haisuli poistettiin n\u00e4kyvist\u00e4, koska <a class=\"aw-iao6s4 iHOxEa yle__article__link\" href=\"https:\/\/yle.fi\/a\/74-20175415\" role=\"link\" rel=\"nofollow noopener\" target=\"_blank\">yksi kirjaston tukijoista piti hahmoa rasistisena<\/a>.<\/p>\n<p class=\"aw-1gybjub aw-1p7kakr kEtdKx cEmitX yle__article__paragraph\">Muumi 80 -juhlavuoden n\u00e4yttely oli ensimm\u00e4inen laajasti Janssonin el\u00e4m\u00e4\u00e4 ja muumeja Yhdysvalloissa esitellyt n\u00e4yttely. Tampereen kaupunki oli mukana my\u00f6s t\u00e4m\u00e4n n\u00e4yttelyn j\u00e4rjest\u00e4misess\u00e4.<\/p>\n<p class=\"aw-1gybjub aw-1p7kakr kEtdKx cEmitX yle__article__paragraph\">Seattleen l\u00e4hteviss\u00e4 n\u00e4yttelyiss\u00e4 Haisuli ei ole esill\u00e4, mutta Tampereella ei ole tehty mit\u00e4\u00e4n p\u00e4\u00e4t\u00f6st\u00e4 Haisulin sulkemiseksi ulos pop up -n\u00e4yttelyist\u00e4.<\/p>\n<p class=\"aw-1gybjub aw-1p7kakr kEtdKx cEmitX yle__article__paragraph\">Viime vuonna kaupunki solmi muumien 80-vuotisjuhlavuoden kunniaksi kolmevuotisen <a class=\"aw-iao6s4 iHOxEa yle__article__link\" href=\"https:\/\/yle.fi\/a\/74-20122896\" role=\"link\" rel=\"nofollow noopener\" target=\"_blank\">yhteisty\u00f6sopimuksen Moomin Charactersin kanssa<\/a>.<\/p>\n<p class=\"aw-1gybjub aw-1p7kakr kEtdKx cEmitX yle__article__paragraph\">Kumppanuuden tavoitteena on nostaa Tamperetta esiin maailman ainoan Muumimuseon kotikaupunkina. Lis\u00e4ksi Tampereen kaupunki aikoo <a class=\"aw-iao6s4 iHOxEa yle__article__link\" href=\"https:\/\/yle.fi\/a\/74-20190022\" role=\"link\" rel=\"nofollow noopener\" target=\"_blank\">nostaa muumit yhdeksi kansainv\u00e4lisen matkailun k\u00e4rjeksi<\/a>.<\/p>\n<p><img decoding=\"async\" alt=\"Kerrostalon sein\u00e4\u00e4n on heijastettu valotaideteos, joka esitt\u00e4\u00e4 muumihahmoa puun oksalla tulvan keskell\u00e4.\" src=\"https:\/\/www.europesays.com\/fi\/wp-content\/uploads\/2026\/01\/39-154364868fc6d8506405.jpeg\" class=\"aw-1l9m598 hKVVvP\"\/><\/p>\n<p class=\"aw-1gybjub aw-1p7kakr kEtdKx cEmitX yle__article__paragraph\">Muumimuseo on tehnyt pop up -n\u00e4yttelyit\u00e4 aiemminkin.<\/p>\n<p class=\"aw-1gybjub aw-1p7kakr kEtdKx cEmitX yle__article__paragraph\">\u2013 Ensimm\u00e4inen pop up -n\u00e4yttely Yhdysvalloissa on ollut jo 2021, jolloin National Children\u2019s Museumissa Washington DC:ss\u00e4 oli muumianimaation\u00e4yttely, Honkasalo kertoo.<\/p>\n<p>N\u00e4yttelyit\u00e4 ulkomaiseen kiertoon<\/p>\n<p class=\"aw-1gybjub aw-1p7kakr kEtdKx cEmitX yle__article__paragraph\">Tampere lainaa Seattleen kaksi pop up -n\u00e4yttely\u00e4, koko perheelle suunnatun Moomin\u2019s Sea Adventuren ja sit\u00e4 t\u00e4ydent\u00e4v\u00e4n Tove and the Sean.<\/p>\n<p class=\"aw-1gybjub aw-1p7kakr kEtdKx cEmitX yle__article__paragraph\">N\u00e4yttelyt perustuvat Tampereella sijaitsevan Muumimuseon kokoelmiin, mutta ne eiv\u00e4t sis\u00e4ll\u00e4 alkuper\u00e4isi\u00e4 teoksia, vaan printtej\u00e4. T\u00e4llaisia n\u00e4yttelyit\u00e4 on kehitetty, koska Muumimuseolle tulee maailmalta paljon lainapyynt\u00f6j\u00e4, mutta kokoelmat ovat rajalliset.<\/p>\n<p class=\"aw-1gybjub aw-1p7kakr kEtdKx cEmitX yle__article__paragraph\">Pop up-n\u00e4yttelyt ovat Honkasalon mukaan helppoja ja nopeita lainata ja niit\u00e4 voidaan esitt\u00e4\u00e4 my\u00f6s muissa kuin museotiloissa.<\/p>\n<p class=\"aw-1gybjub aw-1p7kakr kEtdKx cEmitX yle__article__paragraph\">N\u00e4yttelyiden lainamaksuilla Tampere saa lis\u00e4resursseja toiminnan kehitt\u00e4miseen.<\/p>\n<p class=\"aw-1gybjub aw-1p7kakr kEtdKx cEmitX yle__article__paragraph\">T\u00e4st\u00e4 eteenp\u00e4in Tampere haluaa tehd\u00e4 itse\u00e4\u00e4n maailmalla tunnetuksi aiempaa enemm\u00e4n muumien avulla. Pop up -n\u00e4yttelyt ovat yksi osa t\u00e4t\u00e4 kehityst\u00e4. Niit\u00e4 tehd\u00e4\u00e4n jatkossa kaupunkibr\u00e4ndi- ja tapahtumayksik\u00f6ss\u00e4.<\/p>\n<p class=\"aw-1gybjub aw-1p7kakr kEtdKx cEmitX yle__article__paragraph\">\u2013 Aika n\u00e4ytt\u00e4\u00e4 sen, miten paljon n\u00e4it\u00e4 pystyt\u00e4\u00e4n tulevaisuudessa maailmalle viem\u00e4\u00e4n, Honkasalo sanoo.<\/p>\n","protected":false},"excerpt":{"rendered":"N\u00e4yttelyiden on tarkoitus vied\u00e4 kaupunkia maailmalle. Tampereella sijaitsee maailman ainoa Muumimuseo. Avaa kuvien katselu Kes\u00e4ll\u00e4 New Yorkissa Brooklynin&hellip;\n","protected":false},"author":2,"featured_media":141691,"comment_status":"","ping_status":"","sticky":false,"template":"","format":"standard","meta":{"footnotes":""},"categories":[12],"tags":[22,23,26,27,33,31,30,17,71,108,24,25,28,29,23307,399,967,15,18,21,553,32,551,19,20,565,16],"class_list":{"0":"post-141690","1":"post","2":"type-post","3":"status-publish","4":"format-standard","5":"has-post-thumbnail","7":"category-suomi","8":"tag-breaking-news","9":"tag-breakingnews","10":"tag-featured-news","11":"tag-featurednews","12":"tag-fi","13":"tag-finland","14":"tag-finnish","15":"tag-headlines","16":"tag-kotimaa","17":"tag-kulttuuri","18":"tag-latest-news","19":"tag-latestnews","20":"tag-main-news","21":"tag-mainnews","22":"tag-muumimuseo","23":"tag-muumit","24":"tag-nayttelyt","25":"tag-news","26":"tag-otsikot","27":"tag-paauutiset","28":"tag-pirkanmaa","29":"tag-suomi","30":"tag-tampere","31":"tag-top-stories","32":"tag-topstories","33":"tag-tove-jansson","34":"tag-uutiset"},"share_on_mastodon":{"url":"https:\/\/pubeurope.com\/@fi\/115891148167212874","error":""},"_links":{"self":[{"href":"https:\/\/www.europesays.com\/fi\/wp-json\/wp\/v2\/posts\/141690","targetHints":{"allow":["GET"]}}],"collection":[{"href":"https:\/\/www.europesays.com\/fi\/wp-json\/wp\/v2\/posts"}],"about":[{"href":"https:\/\/www.europesays.com\/fi\/wp-json\/wp\/v2\/types\/post"}],"author":[{"embeddable":true,"href":"https:\/\/www.europesays.com\/fi\/wp-json\/wp\/v2\/users\/2"}],"replies":[{"embeddable":true,"href":"https:\/\/www.europesays.com\/fi\/wp-json\/wp\/v2\/comments?post=141690"}],"version-history":[{"count":0,"href":"https:\/\/www.europesays.com\/fi\/wp-json\/wp\/v2\/posts\/141690\/revisions"}],"wp:featuredmedia":[{"embeddable":true,"href":"https:\/\/www.europesays.com\/fi\/wp-json\/wp\/v2\/media\/141691"}],"wp:attachment":[{"href":"https:\/\/www.europesays.com\/fi\/wp-json\/wp\/v2\/media?parent=141690"}],"wp:term":[{"taxonomy":"category","embeddable":true,"href":"https:\/\/www.europesays.com\/fi\/wp-json\/wp\/v2\/categories?post=141690"},{"taxonomy":"post_tag","embeddable":true,"href":"https:\/\/www.europesays.com\/fi\/wp-json\/wp\/v2\/tags?post=141690"}],"curies":[{"name":"wp","href":"https:\/\/api.w.org\/{rel}","templated":true}]}}