{"id":141693,"date":"2026-01-14T02:54:10","date_gmt":"2026-01-14T02:54:10","guid":{"rendered":"https:\/\/www.europesays.com\/fi\/141693\/"},"modified":"2026-01-14T02:54:10","modified_gmt":"2026-01-14T02:54:10","slug":"tom-cruisen-uutta-elokuvaa-verrattiin-stanley-kubrickin-klassikkoon","status":"publish","type":"post","link":"https:\/\/www.europesays.com\/fi\/141693\/","title":{"rendered":"Tom Cruisen uutta elokuvaa verrattiin Stanley Kubrickin klassikkoon"},"content":{"rendered":"<p>Kuva: \u00a9 Warner Bros.<\/p>\n<p>Digger saa ensi-iltansa lokakuussa 2026.<\/p>\n<p>Tom Cruise esitt\u00e4\u00e4 p\u00e4\u00e4osaa Alejandro Gonzales I\u00f1arritun tulevassa elokuvassa <a href=\"https:\/\/muropaketti.com\/avainsana\/digger\/\" rel=\"nofollow noopener\" target=\"_blank\">Digger<\/a>. Mukana n\u00e4yttelee my\u00f6s <a href=\"https:\/\/muropaketti.com\/avainsana\/jesse-plemons\/\" rel=\"nofollow noopener\" target=\"_blank\">Jesse Plemons<\/a>, joka <a href=\"https:\/\/variety.com\/2026\/film\/awards\/jesse-plemons-bugonia-tom-cruise-digger-emma-stone-1236626963\/\" target=\"_blank\" rel=\"noreferrer noopener nofollow\">Varietyn<\/a> haastattelussa vertaa tulevaa elokuvaa Stanley Kubrickin klassikkoon.<\/p>\n<p>\u201dSe on yksi omituisimmista, hauskimmista ja traagisimmista k\u00e4sikirjoituksista, joita olen lukenut. Siin\u00e4 on jonkinlainen nykyajan Tohtori Outolempi -juttu, ja sitten siit\u00e4 tuleekin jotain aivan muuta\u201d, Plemons kertoo.<\/p>\n<p>H\u00e4n ei paljasta enemp\u00e4\u00e4, mutta Cruisea h\u00e4n selv\u00e4sti ihailee.<\/p>\n<p>\u201dOli j\u00e4nn\u00e4\u00e4 n\u00e4hd\u00e4 Tomin heitt\u00e4ytyv\u00e4n siihen \u2013 ei miss\u00e4\u00e4n kuolemaa uhmaavassa toiminnassa, vaan osoittavan t\u00e4ysin, kuinka uskomaton n\u00e4yttelij\u00e4 h\u00e4n on.\u201d<\/p>\n<p>Vapaasti suomennettuna Diggerin synopsis kuuluu n\u00e4in:<\/p>\n<p>\u201cMaailman vaikutusvaltaisin mies pyrkii kiihke\u00e4sti todistamaan olevansa ihmiskunnan pelastaja, ennen kuin h\u00e4nen laukaisemansa katastrofi tuhoaa kaiken.\u201d<\/p>\n<p>Cruisen ja Plemonsin lis\u00e4ksi mukana n\u00e4hd\u00e4\u00e4n muun muassa Riz Ahmed, Emma D\u2019Arcy, John Goodman, Sandra H\u00fcller ja Burn Gorman. Elokuvan ensi-ilta on n\u00e4ill\u00e4 n\u00e4kymin 2. lokakuuta 2026.<\/p>\n","protected":false},"excerpt":{"rendered":"Kuva: \u00a9 Warner Bros. Digger saa ensi-iltansa lokakuussa 2026. Tom Cruise esitt\u00e4\u00e4 p\u00e4\u00e4osaa Alejandro Gonzales I\u00f1arritun tulevassa elokuvassa&hellip;\n","protected":false},"author":2,"featured_media":141694,"comment_status":"","ping_status":"","sticky":false,"template":"","format":"standard","meta":{"footnotes":""},"categories":[136],"tags":[18550,407,24400,137,33,31,30,267,408,32,4380,109],"class_list":{"0":"post-141693","1":"post","2":"type-post","3":"status-publish","4":"format-standard","5":"has-post-thumbnail","7":"category-julkkikset","8":"tag-alejandro-gonzalez-inarritu","9":"tag-celebrities","10":"tag-digger","11":"tag-entertainment","12":"tag-fi","13":"tag-finland","14":"tag-finnish","15":"tag-jesse-plemons","16":"tag-julkkikset","17":"tag-suomi","18":"tag-tom-cruise","19":"tag-viihde"},"share_on_mastodon":{"url":"https:\/\/pubeurope.com\/@fi\/115891199180408189","error":""},"_links":{"self":[{"href":"https:\/\/www.europesays.com\/fi\/wp-json\/wp\/v2\/posts\/141693","targetHints":{"allow":["GET"]}}],"collection":[{"href":"https:\/\/www.europesays.com\/fi\/wp-json\/wp\/v2\/posts"}],"about":[{"href":"https:\/\/www.europesays.com\/fi\/wp-json\/wp\/v2\/types\/post"}],"author":[{"embeddable":true,"href":"https:\/\/www.europesays.com\/fi\/wp-json\/wp\/v2\/users\/2"}],"replies":[{"embeddable":true,"href":"https:\/\/www.europesays.com\/fi\/wp-json\/wp\/v2\/comments?post=141693"}],"version-history":[{"count":0,"href":"https:\/\/www.europesays.com\/fi\/wp-json\/wp\/v2\/posts\/141693\/revisions"}],"wp:featuredmedia":[{"embeddable":true,"href":"https:\/\/www.europesays.com\/fi\/wp-json\/wp\/v2\/media\/141694"}],"wp:attachment":[{"href":"https:\/\/www.europesays.com\/fi\/wp-json\/wp\/v2\/media?parent=141693"}],"wp:term":[{"taxonomy":"category","embeddable":true,"href":"https:\/\/www.europesays.com\/fi\/wp-json\/wp\/v2\/categories?post=141693"},{"taxonomy":"post_tag","embeddable":true,"href":"https:\/\/www.europesays.com\/fi\/wp-json\/wp\/v2\/tags?post=141693"}],"curies":[{"name":"wp","href":"https:\/\/api.w.org\/{rel}","templated":true}]}}