{"id":141695,"date":"2026-01-14T03:01:17","date_gmt":"2026-01-14T03:01:17","guid":{"rendered":"https:\/\/www.europesays.com\/fi\/141695\/"},"modified":"2026-01-14T03:01:17","modified_gmt":"2026-01-14T03:01:17","slug":"milanon-olympia-areena-mikael-saha-kertoo-ensimmaisesta-ottelusta-2","status":"publish","type":"post","link":"https:\/\/www.europesays.com\/fi\/141695\/","title":{"rendered":"Milanon olympia-areena: Mikael Saha kertoo ensimm\u00e4isest\u00e4 ottelusta"},"content":{"rendered":"<p>Milanon pahasti viiv\u00e4styneess\u00e4 olympia-areenassa pelattiin perjantai-iltana ensimm\u00e4inen virallinen ottelu. Siin\u00e4 mukana ollut ex-\u00c4ss\u00e4t Mikael Saha kertoo, mit\u00e4 n\u00e4ki ja koki.<\/p>\n<p>13.1. 20:00<\/p>\n<p class=\"article-body mb-nof-24 px-nof-16\">Olympiakiekon putoamiseen on aikaa reilut kolme viikkoa. Viime viikolla perjantai-iltana olympiaturnauksen p\u00e4\u00e4n\u00e4ytt\u00e4m\u00f6ll\u00e4, Milanon Santa Giulia -areenassa, p\u00e4\u00e4stiin vihdoin kokeilemaan j\u00e4\u00e4kiekon pelaamista.<\/p>\n<p class=\"article-body mb-nof-24 px-nof-16\">Areenan ensimm\u00e4isen\u00e4 virallisena otteluna toimi Italian Cupin v\u00e4lier\u00e4 Kaltern\u2013Varese, joka p\u00e4\u00e4ttyi Kalternin 8\u20133-voittoon. Mukana kaukalossa oli Kalternin suomalaishy\u00f6kk\u00e4\u00e4j\u00e4 <a class=\"font-bold underline-offset-[0.12em] [text-decoration:var(--person-link-text-decoration)] ![text-decoration-color:var(--person-link-text-decoration-color)]\" href=\"https:\/\/www.satakunnankansa.fi\/haku\/?query=Mikael%20Saha\" rel=\"nofollow noopener\" target=\"_blank\">Mikael Saha<\/a>. \u00c4ssiss\u00e4 aikoinaan seitsem\u00e4n kautta pelanneesta Sahasta tuli my\u00f6s ensimm\u00e4inen Santa Giuliassa maalinteossa onnistunut suomalainen.<\/p>\n<p class=\"article-body mb-nof-24 px-nof-16\">\u201dKyll\u00e4 se areena v\u00e4h\u00e4n viel\u00e4 vaiheessa on. Tiukille menee\u201d, Saha naurahtaa.<\/p>\n<p class=\"article-body mb-nof-24 px-nof-16\">SM-liigassa yli 200 ottelua \u00c4ssien ja Jukurien riveiss\u00e4 pelannut Saha kertoo yll\u00e4ttyneens\u00e4 astuttuaan kohuareenan ovista sis\u00e4\u00e4n.<\/p>\n<p class=\"article-body mb-nof-24 px-nof-16\">\u201dAjattelin, ett\u00e4 se olisi jo enemm\u00e4n valmis. Hallin ymp\u00e4rist\u00f6kin oli viel\u00e4 aika ty\u00f6maata.\u201d<\/p>\n<p class=\"article-body mb-nof-24 px-nof-16\">Santa Giuliassa oli m\u00e4\u00e4r\u00e4 j\u00e4rjest\u00e4\u00e4 virallinen testitapahtuma jo joulukuun puoliv\u00e4liss\u00e4, mutta siihen rakennusty\u00f6t eiv\u00e4t taipuneet.<\/p>\n<p><img decoding=\"async\" src=\"https:\/\/www.europesays.com\/fi\/wp-content\/uploads\/2026\/01\/1768204088_975_468.jpg\" alt=\"Kaltern ja Varese korkkasivat Santa Giulia -areenan perjantai-iltana Italian Cupin v\u00e4lier\u00e4ss\u00e4.\" class=\"_Img_1rerz_1\" style=\"aspect-ratio:1.5\" loading=\"eager\"\/><\/p>\n<p class=\"article-picture-caption\">Kaltern ja Varese korkkasivat Santa Giulia -areenan perjantai-iltana Italian Cupin v\u00e4lier\u00e4ss\u00e4. Kuva:\u00a0REUTERS\/Claudia Greco<\/p>\n<p class=\"article-body mb-nof-24 px-nof-16\">Itse ottelu sujui Sahan mukaan varsin hyvin. T\u00e4ysin ongelmitta tulikaste ei kuitenkaan edennyt.<\/p>\n<p class=\"article-body mb-nof-24 px-nof-16\">\u201dJ\u00e4\u00e4h\u00e4n tuli pelin alkupuolella kaksi pient\u00e4 reik\u00e4\u00e4, mutta ne saatiin paikattua ja j\u00e4\u00e4 kesti sen j\u00e4lkeen hyvin.\u201d<\/p>\n<p class=\"article-body mb-nof-24 px-nof-16\">Pohjois-Amerikan mediassa ilmoille ehti ottelun aikaan levit\u00e4 uutisia farssimaisen suurista j\u00e4\u00e4ongelmista ja \u201dvaltavasta\u201d rei\u00e4st\u00e4 j\u00e4\u00e4ss\u00e4.<\/p>\n<p class=\"article-body mb-nof-24 px-nof-16\">Sahan mukaan rei\u00e4t olivat kuitenkin pieni\u00e4.<\/p>\n<p class=\"article-body mb-nof-24 px-nof-16\">\u201dSe saattoi johtua siit\u00e4, ett\u00e4 j\u00e4\u00e4 oli aika ohut. Ei varmaan ollut ehtinyt kauan siin\u00e4 olla.\u201d<\/p>\n<p class=\"article-body mb-nof-24 px-nof-16\">\u201dMutta ihan hyvin se sitten kesti ja oli yll\u00e4tt\u00e4v\u00e4nkin liukas ja kova. Eik\u00e4 mitenk\u00e4\u00e4n ep\u00e4tasainen.\u201d<\/p>\n<p class=\"article-body mb-nof-24 px-nof-16\">Viel\u00e4 avausottelussa j\u00e4\u00e4n kest\u00e4vyys ei kuitenkaan joutunut kunnolla testiin, sill\u00e4 se oli p\u00e4iv\u00e4n ainoa ottelu.<\/p>\n<p><img decoding=\"async\" src=\"https:\/\/www.europesays.com\/fi\/wp-content\/uploads\/2026\/01\/1768204088_774_468.jpg\" alt=\"Naisten olympiaturnaus alkaa 5. helmikuuta, miesten 11. helmikuuta.\" class=\"_Img_1rerz_1\" style=\"aspect-ratio:1.5\" loading=\"eager\"\/><\/p>\n<p class=\"article-picture-caption\">Naisten olympiaturnaus alkaa 5. helmikuuta, miesten 11. helmikuuta. Kuva:\u00a0REUTERS\/Claudia Greco<\/p>\n<p class=\"article-body mb-nof-24 px-nof-16\">Kun paniikki italialaisten suurpiirteisen rakennusprojektin ymp\u00e4rill\u00e4 on levinnyt kiekkomaailmassa, NHL on viime kuukausien aikana l\u00e4hett\u00e4nyt paikalle omaa v\u00e4ke\u00e4\u00e4n, muun muassa j\u00e4\u00e4mestareita, pit\u00e4m\u00e4\u00e4n huolen, ett\u00e4 NHL-t\u00e4hdet pystyv\u00e4t pelaamaan areenassa helmikuussa.<\/p>\n<p class=\"article-body mb-nof-24 px-nof-16\">Viiv\u00e4styneiden rakennust\u00f6iden lis\u00e4ksi Santa Giuliassa on puhuttanut kaukalon koko. Raporttien mukaan kaukalosta tuli noin metrin verran lyhyempi kuin NHL oli odottanut.<\/p>\n<p class=\"article-body mb-nof-24 px-nof-16\">Sahalle ja monille muille Coppa Italian v\u00e4lier\u00e4pelureille jo pelk\u00e4st\u00e4\u00e4n kapeassa, 26-metrisess\u00e4 NHL-kaukalossa pelaaminen oli uusi kokemus.<\/p>\n<p class=\"article-body mb-nof-24 px-nof-16\">\u201dKeskialue oli aika pieni. Tuntui my\u00f6s, ettei maaliviivan takana ollut juuri yht\u00e4\u00e4n tilaa. Kaukalon kulmatkin olivat v\u00e4h\u00e4n sellaiset, ett\u00e4 melkein kuin ei kulmia olisi ollenkaan.\u201d<\/p>\n<p><img decoding=\"async\" src=\"https:\/\/www.europesays.com\/fi\/wp-content\/uploads\/2026\/01\/1768204088_634_320.jpg\" alt=\"Forssalaisl\u00e4ht\u00f6inen Mikael Saha nousi aikoinaan liigapelaajaksi Porin \u00c4ssiss\u00e4 (kuva vuodelta 2016). Viime vuodet Saha on kiekkoillut Italiassa ja It\u00e4vallassa.\" class=\"_Img_1rerz_1\" style=\"aspect-ratio:0.6666666666666666\" loading=\"eager\"\/><\/p>\n<p class=\"article-picture-caption\">Forssalaisl\u00e4ht\u00f6inen Mikael Saha nousi aikoinaan liigapelaajaksi Porin \u00c4ssiss\u00e4 (kuva vuodelta 2016). Viime vuodet Saha on kiekkoillut Italiassa ja It\u00e4vallassa. Kuva:\u00a0Miikka Kiminki<\/p>\n<p class=\"article-body mb-nof-24 px-nof-16\">Kuvamateriaalin perusteella maaliviivan takaiset alueet n\u00e4ytt\u00e4v\u00e4t hivenen normaalia NHL-kaukaloa pienemmilt\u00e4.<\/p>\n<p class=\"article-body mb-nof-24 px-nof-16\">Kaukalon kokoa suurempi huolenaihe NHL-v\u00e4elle onkin viime aikoina ollut juuri j\u00e4\u00e4n kest\u00e4vyys kolmen olympiaottelun pelip\u00e4ivin\u00e4.<\/p>\n<p class=\"article-body mb-nof-24 px-nof-16\">Joitakin kompromisseja rakennust\u00f6iss\u00e4 on jouduttu tekem\u00e4\u00e4n viime metreill\u00e4. Santa Giulian oli alkuper\u00e4isten tietojen mukaan tarkoitus vet\u00e4\u00e4 j\u00e4\u00e4kiekko-otteluissa 14\u202f000 katsojaa, mutta tuoreimpien tietojen mukaan kapasiteetti onkin hieman alle 12\u202f000.<\/p>\n<p class=\"article-body mb-nof-24 px-nof-16\">Erityist\u00e4 huomiota Saha kiinnitti my\u00f6s areenan videokuutioon.<\/p>\n<p class=\"article-body mb-nof-24 px-nof-16\">\u201dSe oli tosi pieni. Kun vaihtoaitiosta katsoi, joutui tiirailemaan ihan niska ojossa suoraan yl\u00f6sp\u00e4in, ett\u00e4 n\u00e4ki edes, paljonko on peliaikaa. Se oli yll\u00e4tt\u00e4v\u00e4n pieni normaaleihin jumbotroneihin verrattuna.\u201d<\/p>\n<p class=\"article-body mb-nof-24 px-nof-16\">Areenan pukukoppitilat ovat viel\u00e4 pahasti vaiheessa. Sahan Kaltern oli vet\u00e4nyt kamppeet ylleen jonkinlaisessa v\u00e4liaikaiskyh\u00e4elm\u00e4ss\u00e4.<\/p>\n<p class=\"article-body mb-nof-24 px-nof-16\">Saha tuli Forssasta \u00c4ssien junioreihin vuonna 2012. Porissa h\u00e4n nousi my\u00f6s liigapelaajaksi. H\u00e4n pelasi Padan edustusjoukkueessa viidell\u00e4 kaudella. Viime vuodet Saha, 30, on pelannut Italiassa ja v\u00e4lill\u00e4 my\u00f6s It\u00e4vallassa.<\/p>\n<p><img decoding=\"async\" src=\"https:\/\/www.europesays.com\/fi\/wp-content\/uploads\/2026\/01\/1768204088_85_468.jpg\" alt=\"Santa Giulia kuvattuna ulkoa perjantain testiottelun aikaan.\" class=\"_Img_1rerz_1\" style=\"aspect-ratio:1.5\" loading=\"eager\"\/><\/p>\n<p class=\"article-picture-caption\">Santa Giulia kuvattuna ulkoa perjantain testiottelun aikaan. Kuva:\u00a0REUTERS \/ Claudia Greco<\/p>\n<p class=\"article-body mb-nof-24 px-nof-16\">Naisten olympiaj\u00e4\u00e4kiekkoturnaus alkaa areenassa torstaina 5. helmikuuta, jolloin Suomi pelaa heti mahtimaa Kanadaa vastaan.<\/p>\n<p class=\"article-body mb-nof-24 px-nof-16\">NHL-t\u00e4htien kuorruttama miesten turnaus alkaa vajaata viikkoa my\u00f6hemmin, keskiviikkona 11. helmikuuta.<\/p>\n<p class=\"article-body mb-nof-24 px-nof-16\">Suurin osa naisten ja osa miesten olympiaj\u00e4\u00e4kiekon otteluista pelataan Milanon kakkoshallissa, Rho-areenassa. Messukeskukseen tehdyss\u00e4 kiekkohallissa pelattiin testitapahtuma jo joulukuussa, ja se oli raporttien mukaan onnistunut.<\/p>\n","protected":false},"excerpt":{"rendered":"Milanon pahasti viiv\u00e4styneess\u00e4 olympia-areenassa pelattiin perjantai-iltana ensimm\u00e4inen virallinen ottelu. Siin\u00e4 mukana ollut ex-\u00c4ss\u00e4t Mikael Saha kertoo, mit\u00e4 n\u00e4ki&hellip;\n","protected":false},"author":2,"featured_media":141696,"comment_status":"","ping_status":"","sticky":false,"template":"","format":"standard","meta":{"footnotes":""},"categories":[158],"tags":[33,31,30,80,159,32,160],"class_list":{"0":"post-141695","1":"post","2":"type-post","3":"status-publish","4":"format-standard","5":"has-post-thumbnail","7":"category-urheilu","8":"tag-fi","9":"tag-finland","10":"tag-finnish","11":"tag-satakunnan-kansa","12":"tag-sports","13":"tag-suomi","14":"tag-urheilu"},"share_on_mastodon":{"url":"https:\/\/pubeurope.com\/@fi\/115891226784470936","error":""},"_links":{"self":[{"href":"https:\/\/www.europesays.com\/fi\/wp-json\/wp\/v2\/posts\/141695","targetHints":{"allow":["GET"]}}],"collection":[{"href":"https:\/\/www.europesays.com\/fi\/wp-json\/wp\/v2\/posts"}],"about":[{"href":"https:\/\/www.europesays.com\/fi\/wp-json\/wp\/v2\/types\/post"}],"author":[{"embeddable":true,"href":"https:\/\/www.europesays.com\/fi\/wp-json\/wp\/v2\/users\/2"}],"replies":[{"embeddable":true,"href":"https:\/\/www.europesays.com\/fi\/wp-json\/wp\/v2\/comments?post=141695"}],"version-history":[{"count":0,"href":"https:\/\/www.europesays.com\/fi\/wp-json\/wp\/v2\/posts\/141695\/revisions"}],"wp:featuredmedia":[{"embeddable":true,"href":"https:\/\/www.europesays.com\/fi\/wp-json\/wp\/v2\/media\/141696"}],"wp:attachment":[{"href":"https:\/\/www.europesays.com\/fi\/wp-json\/wp\/v2\/media?parent=141695"}],"wp:term":[{"taxonomy":"category","embeddable":true,"href":"https:\/\/www.europesays.com\/fi\/wp-json\/wp\/v2\/categories?post=141695"},{"taxonomy":"post_tag","embeddable":true,"href":"https:\/\/www.europesays.com\/fi\/wp-json\/wp\/v2\/tags?post=141695"}],"curies":[{"name":"wp","href":"https:\/\/api.w.org\/{rel}","templated":true}]}}