{"id":141701,"date":"2026-01-14T03:06:08","date_gmt":"2026-01-14T03:06:08","guid":{"rendered":"https:\/\/www.europesays.com\/fi\/141701\/"},"modified":"2026-01-14T03:06:08","modified_gmt":"2026-01-14T03:06:08","slug":"kuusi-liittovaltion-syyttajaa-irtisanoutunut-joe-rogan-vertaa-icea-gestapoon","status":"publish","type":"post","link":"https:\/\/www.europesays.com\/fi\/141701\/","title":{"rendered":"Kuusi liittovaltion syytt\u00e4j\u00e4\u00e4 irtisanoutunut, Joe Rogan vertaa ICE:\u00e4 Gestapoon"},"content":{"rendered":"<p>Minneapolisin ampuminen|L\u00e4hteiden mukaan irtisanoutumiset johtuvat oikeusministeri\u00f6n painostuksesta ammutun Renee Goodin ampumistapauksen tutkinnassa.<\/p>\n<p class=\"article-body mb-nof-24 px-nof-16\">Kuusi liittovaltion syytt\u00e4j\u00e4\u00e4 on irtisanoutunut Minnesotassa tiistaina. Irtisanoutumiset liittyv\u00e4t 37-vuotiaan <a class=\"font-bold underline-offset-[0.12em] [text-decoration:var(--person-link-text-decoration)] ![text-decoration-color:var(--person-link-text-decoration-color)]\" href=\"https:\/\/www.hs.fi\/haku\/?query=Renee%20Goodin\" rel=\"nofollow noopener\" target=\"_blank\">Renee Goodin<\/a> ampumistapauksen tutkintaan.<\/p>\n<p class=\"article-body mb-nof-24 px-nof-16\">Asiasta uutisoivat useat yhdysvaltalaiset mediat ja lehdet, kuten <a class=\"underline underline-offset-[0.12em] [text-decoration-thickness:var(--generic-link-underline-thickness)] [text-decoration-color:var(--generic-link-underline-color)] [text-decoration-skip-ink:var(--generic-link-underline-skip-ink)] break-words\" href=\"https:\/\/www.wsj.com\/us-news\/six-federal-prosecutors-in-minnesota-step-down-over-ice-shooting-investigation-560ab76a?mod=hp_lead_pos10\" rel=\"nofollow noopener\" target=\"_blank\">Wall Street Journal<\/a>, <a class=\"underline underline-offset-[0.12em] [text-decoration-thickness:var(--generic-link-underline-thickness)] [text-decoration-color:var(--generic-link-underline-color)] [text-decoration-skip-ink:var(--generic-link-underline-skip-ink)] break-words\" href=\"https:\/\/edition.cnn.com\/us\/live-news\/minnesota-immigration-ice-trump-minneapolis-01-13-26?t=1768352808745\" rel=\"nofollow noopener\" target=\"_blank\">CNN<\/a> ja <a class=\"underline underline-offset-[0.12em] [text-decoration-thickness:var(--generic-link-underline-thickness)] [text-decoration-color:var(--generic-link-underline-color)] [text-decoration-skip-ink:var(--generic-link-underline-skip-ink)] break-words\" href=\"https:\/\/www.nytimes.com\/2026\/01\/13\/us\/prosecutors-doj-resignation-ice-shooting.html\" rel=\"nofollow noopener\" target=\"_blank\">The New York Times<\/a>.<\/p>\n<p class=\"article-body mb-nof-24 px-nof-16\">Uutismedioiden haastattelemien asian tuntevien l\u00e4hteiden mukaan syytt\u00e4jien irtisanoutumiseen johti se, ett\u00e4 Yhdysvaltain oikeusministeri\u00f6 pyrki keskitt\u00e4m\u00e4\u00e4n Goodin ampumistapauksen tutkinnan t\u00e4m\u00e4n leskeen, eik\u00e4 maahanmuutto- ja tulliviraston (ICE) agenttiin, joka naisen ampui.<\/p>\n<p class=\"article-body mb-nof-24 px-nof-16\">Aiemmin on my\u00f6s uutisoitu, ett\u00e4 liittovaltion tutkijat ovat est\u00e4neet paikallisia viranomaisia k\u00e4ytt\u00e4m\u00e4st\u00e4 toimivaltaansa ampumisen tutkinnassa.<\/p>\n<p class=\"article-body mb-nof-24 px-nof-16\">Yhden syytt\u00e4j\u00e4nvirastosta l\u00e4htev\u00e4n kerrotaan olevan<a class=\"font-bold underline-offset-[0.12em] [text-decoration:var(--person-link-text-decoration)] ![text-decoration-color:var(--person-link-text-decoration-color)]\" href=\"https:\/\/www.hs.fi\/haku\/?query=%20Joe%20Thompson,\" rel=\"nofollow noopener\" target=\"_blank\"> Joe Thompson,<\/a> joka johti Minnesotan somalialaisten keskuudessa ilmenneen suuren petosvyyhdin tutkintaa. Tutkinta on <a class=\"underline underline-offset-[0.12em] [text-decoration-thickness:var(--generic-link-underline-thickness)] [text-decoration-color:var(--generic-link-underline-color)] [text-decoration-skip-ink:var(--generic-link-underline-skip-ink)] break-words\" href=\"https:\/\/www.wsj.com\/politics\/policy\/minnesota-fraud-trump-scandal-113f4315?mod=article_inline\" rel=\"nofollow noopener\" target=\"_blank\">johtanut ainakin 60 ep\u00e4illyn tuomioon<\/a>. Monet tuomituista ovat somalitaustaisia.<\/p>\n<p class=\"article-body mb-nof-24 px-nof-16\">Minnesotan entinen liittovaltion syytt\u00e4j\u00e4 <a class=\"font-bold underline-offset-[0.12em] [text-decoration:var(--person-link-text-decoration)] ![text-decoration-color:var(--person-link-text-decoration-color)]\" href=\"https:\/\/www.hs.fi\/haku\/?query=B.%20Todd%20Jones\" rel=\"nofollow noopener\" target=\"_blank\">B. Todd Jones<\/a> varoitti, ett\u00e4 eroamiset voivat johtaa koko viraston romahdukseen, sill\u00e4 se kamppailee jo valmiiksi lis\u00e4\u00e4ntyneen maahanmuuttovalvonnan kanssa.<\/p>\n<p class=\"article-body mb-nof-24 px-nof-16\">\u201dLiittovaltion lainvalvonnan n\u00e4k\u00f6kulmasta ja entisen syytt\u00e4j\u00e4n n\u00e4k\u00f6kulmasta t\u00e4m\u00e4 on katastrofi\u201d, h\u00e4n kommentoi WSJ:n mukaan.<\/p>\n<p class=\"article-body mb-nof-24 px-nof-16\">My\u00f6s Minneapolisin poliisip\u00e4\u00e4llikk\u00f6 <a class=\"font-bold underline-offset-[0.12em] [text-decoration:var(--person-link-text-decoration)] ![text-decoration-color:var(--person-link-text-decoration-color)]\" href=\"https:\/\/www.hs.fi\/haku\/?query=Brian%20O%E2%80%99Hara\" rel=\"nofollow noopener\" target=\"_blank\">Brian O\u2019Hara<\/a> kutsui irtosanomisia \u201dhyvin huolestuttavaksi\u201d.<\/p>\n<p class=\"article-body mb-nof-24 px-nof-16\">Liittovaltion ja Minnesotan osavaltion viranomaiset ovat olleet rajusti erimielisi\u00e4 Goodin ampumistapauksesta. Liittovaltion viranomaisten mukaan naista kolme kertaa ampuneen ICE-agentin teko oli itsepuolustusta tilanteessa, jossa nainen v\u00e4itetysti oli ajamassa miehen ylitse. Osavaltion viranomaisten mukaan nainen ei vaarantanut agentin henke\u00e4, vaan oli k\u00e4\u00e4ntym\u00e4ss\u00e4 autollaan ajaakseen tilanteesta pois.<\/p>\n<p class=\"article-body mb-nof-24 px-nof-16\">Tiistaina apulaisoikeusministeri <a class=\"font-bold underline-offset-[0.12em] [text-decoration:var(--person-link-text-decoration)] ![text-decoration-color:var(--person-link-text-decoration-color)]\" href=\"https:\/\/www.hs.fi\/haku\/?query=Todd%20Blanche\" rel=\"nofollow noopener\" target=\"_blank\">Todd Blanche<\/a> sanoi uskovansa, ettei saatavilla ole tarpeeksi todistusaineistoa ja perusteluita, jotta ICE-agentin toiminnasta aloitettaisiin tutkinta.<\/p>\n<p class=\"article-body mb-nof-24 px-nof-16\">Kantaa Goodin ampumistapaukseen on nyt ottanut my\u00f6s suosittu podcast-juontaja <a class=\"font-bold underline-offset-[0.12em] [text-decoration:var(--person-link-text-decoration)] ![text-decoration-color:var(--person-link-text-decoration-color)]\" href=\"https:\/\/www.hs.fi\/haku\/?query=Joe%20Rogan\" rel=\"nofollow noopener\" target=\"_blank\">Joe Rogan<\/a>. Aiemmin presidentti <a class=\"font-bold underline-offset-[0.12em] [text-decoration:var(--person-link-text-decoration)] ![text-decoration-color:var(--person-link-text-decoration-color)]\" href=\"https:\/\/www.hs.fi\/haku\/?query=Donald%20Trumpia\" rel=\"nofollow noopener\" target=\"_blank\">Donald Trumpia <\/a>tukenut Rogan vertasi The Joe Rogan Experience -podcastinsa <a class=\"underline underline-offset-[0.12em] [text-decoration-thickness:var(--generic-link-underline-thickness)] [text-decoration-color:var(--generic-link-underline-color)] [text-decoration-skip-ink:var(--generic-link-underline-skip-ink)] break-words\" href=\"https:\/\/www.youtube.com\/watch?v=koSIQ-ASW8k\" rel=\"nofollow noopener\" target=\"_blank\">tuoreessa jaksossa<\/a> ICE:n toimintaa Gestapoon ja kutsui videolla n\u00e4kem\u00e4\u00e4ns\u00e4 ampumista \u201dkauheaksi\u201d.<\/p>\n<p class=\"article-body mb-nof-24 px-nof-16\">\u201dOnko meist\u00e4 todella tulossa Gestapo? Siihenk\u00f6 olemme tulleet?\u201d h\u00e4n kysyi.<\/p>\n<p class=\"article-body mb-nof-24 px-nof-16\">\u201dEtte te halua militarisoituja ihmisi\u00e4 kaduille kuljeskelemaan, sieppaamaan ihmisi\u00e4, joista monet osoittautuvat oikeasti Yhdysvaltain kansalaisiksi. Heill\u00e4 ei vain ole papereita mukanaan\u201d, Rogan jatkoi maahanmuuttovastaisesta viranomaisoperaatiosta.<\/p>\n<p class=\"article-body mb-nof-24 px-nof-16\">Mielenosoitukset maahanmuuttoviraston ja rajavartiolaitoksen viranomaisia vastaan ovat leimahtaneet viime viikon keskiviikkona tapahtuneen Goodin ampumistapauksen j\u00e4lkeen.<\/p>\n<p class=\"article-body mb-nof-24 px-nof-16\">Protestit jatkuvat yht\u00e4. Tiistaina <a class=\"underline underline-offset-[0.12em] [text-decoration-thickness:var(--generic-link-underline-thickness)] [text-decoration-color:var(--generic-link-underline-color)] [text-decoration-skip-ink:var(--generic-link-underline-skip-ink)] break-words\" href=\"https:\/\/www.bbc.com\/news\/videos\/cj0nmm8vreqo\" rel=\"nofollow noopener\" target=\"_blank\">BBC:n<\/a> ja <a class=\"underline underline-offset-[0.12em] [text-decoration-thickness:var(--generic-link-underline-thickness)] [text-decoration-color:var(--generic-link-underline-color)] [text-decoration-skip-ink:var(--generic-link-underline-skip-ink)] break-words\" href=\"https:\/\/www.foxnews.com\/us\/woman-seen-video-allegedly-blocking-minnesota-ice-operation-car-agitators-surround-agents\" rel=\"nofollow noopener\" target=\"_blank\">Fox Newsin<\/a> julkaisemilla videoilla n\u00e4kyy, kuinka ICE-agentit vet\u00e4v\u00e4t naisen pois autostaan voimakkain ottein Minneapolisissa keskell\u00e4 protesteja. Videolla kuuluu, kuinka nainen huutaa olevansa \u201dvammainen\u201d (disabled).<\/p>\n<p class=\"article-body mb-nof-24 px-nof-16\">Protesteja ja tukimielenosoituksia on j\u00e4rjestetty Minneapolisin lis\u00e4ksi Los Angelesissa, New Yorkissa ja Portlandissa.<\/p>\n<p class=\"article-body mb-nof-24 px-nof-16\"><a class=\"underline underline-offset-[0.12em] [text-decoration-thickness:var(--generic-link-underline-thickness)] [text-decoration-color:var(--generic-link-underline-color)] [text-decoration-skip-ink:var(--generic-link-underline-skip-ink)] break-words\" href=\"https:\/\/poll.qu.edu\/poll-release?releaseid=3944\" rel=\"nofollow noopener\" target=\"_blank\">Quinnipiacin yliopiston tiistaina julkaiseman kansallisen kyselytutkimuksen<\/a> mukaan 53 prosenttia vastaajista pit\u00e4\u00e4 ampumista ep\u00e4oikeudenmukaisena, kun 35 prosenttia ajattelee sen olleen oikeudenmukainen. 12 prosenttia ei osannut vastata.<\/p>\n<p><img decoding=\"async\" src=\"https:\/\/www.europesays.com\/fi\/wp-content\/uploads\/2026\/01\/1768359968_101_468.jpg\" alt=\"ICE:n agentit vet\u00e4v\u00e4t naisen voimakkain ottein autostaan keskell\u00e4 mielenosoitusta Minneapolisissa.\" class=\"_Img_1rerz_1\" style=\"aspect-ratio:1.5\" loading=\"eager\"\/><\/p>\n<p class=\"article-picture-caption\">ICE:n agentit vet\u00e4v\u00e4t naisen voimakkain ottein autostaan keskell\u00e4 mielenosoitusta Minneapolisissa. Kuva:\u00a0Tim Evans \/ Reuters<\/p>\n","protected":false},"excerpt":{"rendered":"Minneapolisin ampuminen|L\u00e4hteiden mukaan irtisanoutumiset johtuvat oikeusministeri\u00f6n painostuksesta ammutun Renee Goodin ampumistapauksen tutkinnassa. Kuusi liittovaltion syytt\u00e4j\u00e4\u00e4 on irtisanoutunut Minnesotassa&hellip;\n","protected":false},"author":2,"featured_media":141702,"comment_status":"","ping_status":"","sticky":false,"template":"","format":"standard","meta":{"footnotes":""},"categories":[14],"tags":[22,23,26,27,33,31,30,17,46,24,25,28,29,15,18,21,32,19,20,56,16,59,60,61],"class_list":{"0":"post-141701","1":"post","2":"type-post","3":"status-publish","4":"format-standard","5":"has-post-thumbnail","7":"category-ulkomaat","8":"tag-breaking-news","9":"tag-breakingnews","10":"tag-featured-news","11":"tag-featurednews","12":"tag-fi","13":"tag-finland","14":"tag-finnish","15":"tag-headlines","16":"tag-helsingin-sanomat","17":"tag-latest-news","18":"tag-latestnews","19":"tag-main-news","20":"tag-mainnews","21":"tag-news","22":"tag-otsikot","23":"tag-paauutiset","24":"tag-suomi","25":"tag-top-stories","26":"tag-topstories","27":"tag-ulkomaat","28":"tag-uutiset","29":"tag-world","30":"tag-world-news","31":"tag-worldnews"},"share_on_mastodon":{"url":"https:\/\/pubeurope.com\/@fi\/115891246397157131","error":""},"_links":{"self":[{"href":"https:\/\/www.europesays.com\/fi\/wp-json\/wp\/v2\/posts\/141701","targetHints":{"allow":["GET"]}}],"collection":[{"href":"https:\/\/www.europesays.com\/fi\/wp-json\/wp\/v2\/posts"}],"about":[{"href":"https:\/\/www.europesays.com\/fi\/wp-json\/wp\/v2\/types\/post"}],"author":[{"embeddable":true,"href":"https:\/\/www.europesays.com\/fi\/wp-json\/wp\/v2\/users\/2"}],"replies":[{"embeddable":true,"href":"https:\/\/www.europesays.com\/fi\/wp-json\/wp\/v2\/comments?post=141701"}],"version-history":[{"count":0,"href":"https:\/\/www.europesays.com\/fi\/wp-json\/wp\/v2\/posts\/141701\/revisions"}],"wp:featuredmedia":[{"embeddable":true,"href":"https:\/\/www.europesays.com\/fi\/wp-json\/wp\/v2\/media\/141702"}],"wp:attachment":[{"href":"https:\/\/www.europesays.com\/fi\/wp-json\/wp\/v2\/media?parent=141701"}],"wp:term":[{"taxonomy":"category","embeddable":true,"href":"https:\/\/www.europesays.com\/fi\/wp-json\/wp\/v2\/categories?post=141701"},{"taxonomy":"post_tag","embeddable":true,"href":"https:\/\/www.europesays.com\/fi\/wp-json\/wp\/v2\/tags?post=141701"}],"curies":[{"name":"wp","href":"https:\/\/api.w.org\/{rel}","templated":true}]}}