{"id":141703,"date":"2026-01-14T03:07:07","date_gmt":"2026-01-14T03:07:07","guid":{"rendered":"https:\/\/www.europesays.com\/fi\/141703\/"},"modified":"2026-01-14T03:07:07","modified_gmt":"2026-01-14T03:07:07","slug":"eloisan-terveyspalvelujen-saastot-sote-asemien-jonot-voivat-pidentya-hammashoitoloita-ja-fysioterapeutin-vastaanottoja-lakkautetaan-paikalliset","status":"publish","type":"post","link":"https:\/\/www.europesays.com\/fi\/141703\/","title":{"rendered":"Eloisan terveyspalvelujen s\u00e4\u00e4st\u00f6t: Sote-asemien jonot voivat pidenty\u00e4 \u2013 Hammashoitoloita ja fysioterapeutin vastaanottoja lakkautetaan | Paikalliset"},"content":{"rendered":"<p>Hammashoitolat suljetaan Enonkoskelta, Hirvensalmelta, Pertunmaalta, Punkaharjulta ja Sulkavalta.<\/p>\n<p>Hyvinvointialue Eloisan taloutta tasapainotetaan kuluvan vuoden aikana noin 52 miljoonalla eurolla. N\u00e4ist\u00e4 s\u00e4\u00e4st\u00f6- ja sopeutustoimista terveyspalvelujen osuus on reilu kolmannes eli l\u00e4hes 18 miljoonaa euroa.<\/p>\n","protected":false},"excerpt":{"rendered":"Hammashoitolat suljetaan Enonkoskelta, Hirvensalmelta, Pertunmaalta, Punkaharjulta ja Sulkavalta. Hyvinvointialue Eloisan taloutta tasapainotetaan kuluvan vuoden aikana noin 52 miljoonalla&hellip;\n","protected":false},"author":2,"featured_media":141704,"comment_status":"","ping_status":"","sticky":false,"template":"","format":"standard","meta":{"footnotes":""},"categories":[12],"tags":[22,23,3104,1008,26,27,33,31,30,17,7720,24,25,28,29,685,15,18,21,32,502,679,4855,19,20,16],"class_list":{"0":"post-141703","1":"post","2":"type-post","3":"status-publish","4":"format-standard","5":"has-post-thumbnail","7":"category-suomi","8":"tag-breaking-news","9":"tag-breakingnews","10":"tag-eloisa","11":"tag-enonkoski","12":"tag-featured-news","13":"tag-featurednews","14":"tag-fi","15":"tag-finland","16":"tag-finnish","17":"tag-headlines","18":"tag-hirvensalmi","19":"tag-latest-news","20":"tag-latestnews","21":"tag-main-news","22":"tag-mainnews","23":"tag-mikkeli","24":"tag-news","25":"tag-otsikot","26":"tag-paauutiset","27":"tag-suomi","28":"tag-terveydenhoito","29":"tag-terveydenhuollon-toimintalaitokset","30":"tag-terveydenhuolto-ja-sosiaalipalvelut","31":"tag-top-stories","32":"tag-topstories","33":"tag-uutiset"},"share_on_mastodon":{"url":"https:\/\/pubeurope.com\/@fi\/115891250313396927","error":""},"_links":{"self":[{"href":"https:\/\/www.europesays.com\/fi\/wp-json\/wp\/v2\/posts\/141703","targetHints":{"allow":["GET"]}}],"collection":[{"href":"https:\/\/www.europesays.com\/fi\/wp-json\/wp\/v2\/posts"}],"about":[{"href":"https:\/\/www.europesays.com\/fi\/wp-json\/wp\/v2\/types\/post"}],"author":[{"embeddable":true,"href":"https:\/\/www.europesays.com\/fi\/wp-json\/wp\/v2\/users\/2"}],"replies":[{"embeddable":true,"href":"https:\/\/www.europesays.com\/fi\/wp-json\/wp\/v2\/comments?post=141703"}],"version-history":[{"count":0,"href":"https:\/\/www.europesays.com\/fi\/wp-json\/wp\/v2\/posts\/141703\/revisions"}],"wp:featuredmedia":[{"embeddable":true,"href":"https:\/\/www.europesays.com\/fi\/wp-json\/wp\/v2\/media\/141704"}],"wp:attachment":[{"href":"https:\/\/www.europesays.com\/fi\/wp-json\/wp\/v2\/media?parent=141703"}],"wp:term":[{"taxonomy":"category","embeddable":true,"href":"https:\/\/www.europesays.com\/fi\/wp-json\/wp\/v2\/categories?post=141703"},{"taxonomy":"post_tag","embeddable":true,"href":"https:\/\/www.europesays.com\/fi\/wp-json\/wp\/v2\/tags?post=141703"}],"curies":[{"name":"wp","href":"https:\/\/api.w.org\/{rel}","templated":true}]}}