{"id":141705,"date":"2026-01-14T03:08:06","date_gmt":"2026-01-14T03:08:06","guid":{"rendered":"https:\/\/www.europesays.com\/fi\/141705\/"},"modified":"2026-01-14T03:08:06","modified_gmt":"2026-01-14T03:08:06","slug":"usan-tanskan-ja-gronlannin-edustajat-tapaavat-washingtonissa-uutisia-lyhyesti","status":"publish","type":"post","link":"https:\/\/www.europesays.com\/fi\/141705\/","title":{"rendered":"USA:n, Tanskan ja Gr\u00f6nlannin edustajat tapaavat Washingtonissa | Uutisia lyhyesti"},"content":{"rendered":"<p class=\"aw-1gybjub aw-1p7kakr kEtdKx cEmitX yle__article__paragraph\">Yhdysvaltojen ulkoministerin <strong class=\"aw-ak79eh KyCXm yle__article__strong\">Marco Rubion<\/strong> ja varapresidentti <strong class=\"aw-ak79eh KyCXm yle__article__strong\">J. D. Vancen<\/strong> on m\u00e4\u00e4r\u00e4 tavata Tanskan ja Gr\u00f6nlannin edustajia t\u00e4n\u00e4\u00e4n Washingtonissa, kertoi Tanskan ulkoministeri eilen.<\/p>\n<p class=\"aw-1gybjub aw-1p7kakr kEtdKx cEmitX yle__article__paragraph\">Tanskan ulkoministerin <strong class=\"aw-ak79eh KyCXm yle__article__strong\">Lars L\u00f8kke Rasmussen<\/strong> mukaan tapaaminen j\u00e4rjestyi Tanskan aloitteesta. Tapaamiseen osallistuu my\u00f6s Gr\u00f6nlannin ulkoministeri <strong class=\"aw-ak79eh KyCXm yle__article__strong\">Vivian Motzfeldt<\/strong>.<\/p>\n<p class=\"aw-1gybjub aw-1p7kakr kEtdKx cEmitX yle__article__paragraph\">Yhdysvaltain presidentti <strong class=\"aw-ak79eh KyCXm yle__article__strong\">Donald Trump<\/strong> on toistuvasti sanonut, ett\u00e4 Yhdysvaltojen on saatava Gr\u00f6nlanti hallintaansa joko ostamalla tai muilla keinoilla. H\u00e4n ei ole sulkenut pois sotilasvoiman k\u00e4ytt\u00f6\u00e4.<\/p>\n","protected":false},"excerpt":{"rendered":"Yhdysvaltojen ulkoministerin Marco Rubion ja varapresidentti J. D. Vancen on m\u00e4\u00e4r\u00e4 tavata Tanskan ja Gr\u00f6nlannin edustajia t\u00e4n\u00e4\u00e4n Washingtonissa,&hellip;\n","protected":false},"author":2,"featured_media":74,"comment_status":"","ping_status":"","sticky":false,"template":"","format":"standard","meta":{"footnotes":""},"categories":[5],"tags":[22,23,26,27,33,31,30,17,70,24,25,28,29,15,18,21,32,19,20,56,16],"class_list":{"0":"post-141705","1":"post","2":"type-post","3":"status-publish","4":"format-standard","5":"has-post-thumbnail","7":"category-otsikot","8":"tag-breaking-news","9":"tag-breakingnews","10":"tag-featured-news","11":"tag-featurednews","12":"tag-fi","13":"tag-finland","14":"tag-finnish","15":"tag-headlines","16":"tag-kansainvalinen-politiikka","17":"tag-latest-news","18":"tag-latestnews","19":"tag-main-news","20":"tag-mainnews","21":"tag-news","22":"tag-otsikot","23":"tag-paauutiset","24":"tag-suomi","25":"tag-top-stories","26":"tag-topstories","27":"tag-ulkomaat","28":"tag-uutiset"},"share_on_mastodon":{"url":"https:\/\/pubeurope.com\/@fi\/115891254234895622","error":""},"_links":{"self":[{"href":"https:\/\/www.europesays.com\/fi\/wp-json\/wp\/v2\/posts\/141705","targetHints":{"allow":["GET"]}}],"collection":[{"href":"https:\/\/www.europesays.com\/fi\/wp-json\/wp\/v2\/posts"}],"about":[{"href":"https:\/\/www.europesays.com\/fi\/wp-json\/wp\/v2\/types\/post"}],"author":[{"embeddable":true,"href":"https:\/\/www.europesays.com\/fi\/wp-json\/wp\/v2\/users\/2"}],"replies":[{"embeddable":true,"href":"https:\/\/www.europesays.com\/fi\/wp-json\/wp\/v2\/comments?post=141705"}],"version-history":[{"count":0,"href":"https:\/\/www.europesays.com\/fi\/wp-json\/wp\/v2\/posts\/141705\/revisions"}],"wp:featuredmedia":[{"embeddable":true,"href":"https:\/\/www.europesays.com\/fi\/wp-json\/wp\/v2\/media\/74"}],"wp:attachment":[{"href":"https:\/\/www.europesays.com\/fi\/wp-json\/wp\/v2\/media?parent=141705"}],"wp:term":[{"taxonomy":"category","embeddable":true,"href":"https:\/\/www.europesays.com\/fi\/wp-json\/wp\/v2\/categories?post=141705"},{"taxonomy":"post_tag","embeddable":true,"href":"https:\/\/www.europesays.com\/fi\/wp-json\/wp\/v2\/tags?post=141705"}],"curies":[{"name":"wp","href":"https:\/\/api.w.org\/{rel}","templated":true}]}}