{"id":141706,"date":"2026-01-14T03:20:10","date_gmt":"2026-01-14T03:20:10","guid":{"rendered":"https:\/\/www.europesays.com\/fi\/141706\/"},"modified":"2026-01-14T03:20:10","modified_gmt":"2026-01-14T03:20:10","slug":"jari-sillanpaa-kertoo-leikkausoperaatiostaan-kivut-jaivat-leikkauspoydalle","status":"publish","type":"post","link":"https:\/\/www.europesays.com\/fi\/141706\/","title":{"rendered":"Jari Sillanp\u00e4\u00e4 kertoo leikkausoperaatiostaan: &#8221;Kivut j\u00e4iv\u00e4t leikkausp\u00f6yd\u00e4lle&#8221;"},"content":{"rendered":"<p><strong class=\"typography-bold\">Laulaja Jari Sillanp\u00e4\u00e4 kertoo olleensa leikkauksessa.\u00a0<\/strong><\/p>\n<p>Iskelm\u00e4t\u00e4hti <a class=\"cursor-pointer underline\" data-testid=\"internal-link\" role=\"link\" data-sentry-element=\"Link\" data-sentry-component=\"InternalLink\" data-sentry-source-file=\"InternalLink.tsx\" href=\"https:\/\/www.mtvuutiset.fi\/aihe\/jari-sillanpaa\/2838996\" rel=\"nofollow noopener\" target=\"_blank\"><strong class=\"typography-bold\">Jari Sillanp\u00e4\u00e4<\/strong><\/a><strong class=\"typography-bold\"> <\/strong>kertoo k\u00e4yneens\u00e4 lonkkaleikkauksessa. Edellinen lonkkaleikkaus tehtiin h\u00e4nelle nelj\u00e4 vuotta sitten. 60-vuotias artisti kertoo, ett\u00e4 leikkaus meni hyvin.\u00a0<\/p>\n<p>\u2013 Hei rakkaat yst\u00e4v\u00e4t! Mulla on teille aivan ihania uutisia t\u00e4h\u00e4n maanantaihin: Ensinn\u00e4kin lonkkaleikkaukseni, joka tehtiin t\u00e4n\u00e4\u00e4n, meni odotetusti superhienosti \u2013 kivut j\u00e4iv\u00e4t leikkausp\u00f6yd\u00e4lle ja toivotaan ett\u00e4 toipuminen menee yht\u00e4 hienosti kuin viimeksi noin nelj\u00e4 vuotta sitten. Olenhan nyt tuplatitaanimies, Sillanp\u00e4\u00e4 kertoo.\u00a0<\/p>\n<p>Jari Sillanp\u00e4\u00e4 kertoo samalla, ett\u00e4 h\u00e4nen 30 vuotta estradilla -juhlakiertue saapuu Tukholmaan 19. toukokuuta. Paikkana on Rival Stockholm, ABBA:n <strong class=\"typography-bold\">Benny Anderssonin<\/strong> omistama hotelli ja kulttuurikeskus.<\/p>\n<p>Lue lis\u00e4\u00e4: <a class=\"cursor-pointer underline\" data-testid=\"internal-link\" role=\"link\" data-sentry-element=\"Link\" data-sentry-component=\"InternalLink\" data-sentry-source-file=\"InternalLink.tsx\" href=\"https:\/\/www.mtvuutiset.fi\/artikkeli\/jari-sillanpaan-konsertteja-perutaan-ennakkolipunmyynti-ei-ole-sujunut-toivotusti\/9135786\" rel=\"nofollow noopener\" target=\"_blank\">Jari Sillanp\u00e4\u00e4n konsertteja perutaan \u2013 ennakkolipunmyynti ei ole sujunut toivotusti<\/a><\/p>\n<p>Viime kev\u00e4\u00e4n\u00e4 osa h\u00e4nen 30 vuotta estradilla -kiertueen konserteista joudutiin perumaan, koska ennakkolipunmyynti ei ollut sujunut toivotulla tavalla.\u00a0<\/p>\n<p>Sillanp\u00e4\u00e4 tuomittiin tammikuussa 2018 Helsingin k\u00e4r\u00e4j\u00e4oikeudessa rattijuopumuksesta, huumausaineen k\u00e4ytt\u00f6rikoksesta ja kahdesta liikennerikkomuksesta. Vuonna 2020 Sillanp\u00e4\u00e4 sai tuomion sukupuolisiveellisyytt\u00e4 loukkaavan kuvan levitt\u00e4misest\u00e4.\u00a0<\/p>\n<p>Iskelm\u00e4t\u00e4hti on yritt\u00e4nyt palata keikkalavoille viime vuosina, mutta useita keikkoja on jouduttu perumaan yleis\u00f6kadon vuoksi.\u00a0<br \/>\u00a0<\/p>\n","protected":false},"excerpt":{"rendered":"Laulaja Jari Sillanp\u00e4\u00e4 kertoo olleensa leikkauksessa.\u00a0 Iskelm\u00e4t\u00e4hti Jari Sillanp\u00e4\u00e4 kertoo k\u00e4yneens\u00e4 lonkkaleikkauksessa. Edellinen lonkkaleikkaus tehtiin h\u00e4nelle nelj\u00e4 vuotta&hellip;\n","protected":false},"author":2,"featured_media":141707,"comment_status":"","ping_status":"","sticky":false,"template":"","format":"standard","meta":{"footnotes":""},"categories":[136],"tags":[407,137,33,31,30,408,32,109],"class_list":{"0":"post-141706","1":"post","2":"type-post","3":"status-publish","4":"format-standard","5":"has-post-thumbnail","7":"category-julkkikset","8":"tag-celebrities","9":"tag-entertainment","10":"tag-fi","11":"tag-finland","12":"tag-finnish","13":"tag-julkkikset","14":"tag-suomi","15":"tag-viihde"},"share_on_mastodon":{"url":"https:\/\/pubeurope.com\/@fi\/115891301397657640","error":""},"_links":{"self":[{"href":"https:\/\/www.europesays.com\/fi\/wp-json\/wp\/v2\/posts\/141706","targetHints":{"allow":["GET"]}}],"collection":[{"href":"https:\/\/www.europesays.com\/fi\/wp-json\/wp\/v2\/posts"}],"about":[{"href":"https:\/\/www.europesays.com\/fi\/wp-json\/wp\/v2\/types\/post"}],"author":[{"embeddable":true,"href":"https:\/\/www.europesays.com\/fi\/wp-json\/wp\/v2\/users\/2"}],"replies":[{"embeddable":true,"href":"https:\/\/www.europesays.com\/fi\/wp-json\/wp\/v2\/comments?post=141706"}],"version-history":[{"count":0,"href":"https:\/\/www.europesays.com\/fi\/wp-json\/wp\/v2\/posts\/141706\/revisions"}],"wp:featuredmedia":[{"embeddable":true,"href":"https:\/\/www.europesays.com\/fi\/wp-json\/wp\/v2\/media\/141707"}],"wp:attachment":[{"href":"https:\/\/www.europesays.com\/fi\/wp-json\/wp\/v2\/media?parent=141706"}],"wp:term":[{"taxonomy":"category","embeddable":true,"href":"https:\/\/www.europesays.com\/fi\/wp-json\/wp\/v2\/categories?post=141706"},{"taxonomy":"post_tag","embeddable":true,"href":"https:\/\/www.europesays.com\/fi\/wp-json\/wp\/v2\/tags?post=141706"}],"curies":[{"name":"wp","href":"https:\/\/api.w.org\/{rel}","templated":true}]}}