{"id":141708,"date":"2026-01-14T03:27:08","date_gmt":"2026-01-14T03:27:08","guid":{"rendered":"https:\/\/www.europesays.com\/fi\/141708\/"},"modified":"2026-01-14T03:27:08","modified_gmt":"2026-01-14T03:27:08","slug":"rallielakelainen-tommi-makisen-paluu-sm-ralliin-kariutui-auton-jousitus-piti-huoltaa-ranskassa-urheilu","status":"publish","type":"post","link":"https:\/\/www.europesays.com\/fi\/141708\/","title":{"rendered":"Ralliel\u00e4kel\u00e4inen Tommi M\u00e4kisen paluu SM-ralliin kariutui, auton jousitus piti huoltaa Ranskassa | Urheilu"},"content":{"rendered":"<p>Ralliautoilun nelinkertaisen maailmanmestarin Tommi M\u00e4kisen paluu SM-ralliin kariutui aikatauluongelmiin. M\u00e4kisen oli m\u00e4\u00e4r\u00e4 ajaa viikonloppuna Mikkeliss\u00e4 nolla-autoa, mutta suunnitelmat muuttuivat.<\/p>\n<p>\u2013\u2009Auto ei ollutkaan siin\u00e4 kunnossa, ett\u00e4 olisin voinut l\u00e4hte\u00e4 ajamaan. Jousitus piti l\u00e4hett\u00e4\u00e4 Ranskaan huoltoon, enk\u00e4 olisi ehtinyt testata autoa uudella jousituksella, M\u00e4kinen kertoi kisaj\u00e4rjest\u00e4jien tiedotteessa.<\/p>\n<p>M\u00e4kinen my\u00f6nsi, ett\u00e4 aikataulun pett\u00e4minen oli h\u00e4nen huolimattomuuttaan. H\u00e4n ei tarkistanut auton kuntoa ajoissa.<\/p>\n<p>SM-rallikausi alkaa Mikkeliss\u00e4, jossa ajetaan lauantaina l\u00e4hes sata erikoiskoekilometri\u00e4. Viime vuonna Suomen mestariksi ajoi Esapekka Lappi, joka ajaa my\u00f6s Mikkeliss\u00e4. Joulukuun alussa Lappi kertoi kilpailevansa t\u00e4n\u00e4 vuonna my\u00f6s MM-sarjassa. <\/p>\n","protected":false},"excerpt":{"rendered":"Ralliautoilun nelinkertaisen maailmanmestarin Tommi M\u00e4kisen paluu SM-ralliin kariutui aikatauluongelmiin. M\u00e4kisen oli m\u00e4\u00e4r\u00e4 ajaa viikonloppuna Mikkeliss\u00e4 nolla-autoa, mutta suunnitelmat&hellip;\n","protected":false},"author":2,"featured_media":141709,"comment_status":"","ping_status":"","sticky":false,"template":"","format":"standard","meta":{"footnotes":""},"categories":[158],"tags":[3600,33,31,30,5856,121,41,685,686,159,32,160,161],"class_list":{"0":"post-141708","1":"post","2":"type-post","3":"status-publish","4":"format-standard","5":"has-post-thumbnail","7":"category-urheilu","8":"tag-esapekka-lappi","9":"tag-fi","10":"tag-finland","11":"tag-finnish","12":"tag-joulu","13":"tag-liikenne-ja-kuljetus","14":"tag-liikunta-ja-urheilu","15":"tag-mikkeli","16":"tag-mikkelin-seutukunta","17":"tag-sports","18":"tag-suomi","19":"tag-urheilu","20":"tag-urheilutapahtumat"},"share_on_mastodon":{"url":"https:\/\/pubeurope.com\/@fi\/115891328962025956","error":""},"_links":{"self":[{"href":"https:\/\/www.europesays.com\/fi\/wp-json\/wp\/v2\/posts\/141708","targetHints":{"allow":["GET"]}}],"collection":[{"href":"https:\/\/www.europesays.com\/fi\/wp-json\/wp\/v2\/posts"}],"about":[{"href":"https:\/\/www.europesays.com\/fi\/wp-json\/wp\/v2\/types\/post"}],"author":[{"embeddable":true,"href":"https:\/\/www.europesays.com\/fi\/wp-json\/wp\/v2\/users\/2"}],"replies":[{"embeddable":true,"href":"https:\/\/www.europesays.com\/fi\/wp-json\/wp\/v2\/comments?post=141708"}],"version-history":[{"count":0,"href":"https:\/\/www.europesays.com\/fi\/wp-json\/wp\/v2\/posts\/141708\/revisions"}],"wp:featuredmedia":[{"embeddable":true,"href":"https:\/\/www.europesays.com\/fi\/wp-json\/wp\/v2\/media\/141709"}],"wp:attachment":[{"href":"https:\/\/www.europesays.com\/fi\/wp-json\/wp\/v2\/media?parent=141708"}],"wp:term":[{"taxonomy":"category","embeddable":true,"href":"https:\/\/www.europesays.com\/fi\/wp-json\/wp\/v2\/categories?post=141708"},{"taxonomy":"post_tag","embeddable":true,"href":"https:\/\/www.europesays.com\/fi\/wp-json\/wp\/v2\/tags?post=141708"}],"curies":[{"name":"wp","href":"https:\/\/api.w.org\/{rel}","templated":true}]}}