{"id":141710,"date":"2026-01-14T03:28:12","date_gmt":"2026-01-14T03:28:12","guid":{"rendered":"https:\/\/www.europesays.com\/fi\/141710\/"},"modified":"2026-01-14T03:28:12","modified_gmt":"2026-01-14T03:28:12","slug":"hanna-kanasuo-lauloi-taas-kilpaa-kokkolasta-hopeaa","status":"publish","type":"post","link":"https:\/\/www.europesays.com\/fi\/141710\/","title":{"rendered":"Hanna Kanasuo lauloi taas kilpaa \u2013 Kokkolasta hopeaa"},"content":{"rendered":"<p>Koskelainen <b>Hanna Kanasuo<\/b> sijoittui toiseksi viikonvaihteessa Kokkolassa j\u00e4rjestetyss\u00e4 valtakunnallisessa Snellman-laulukilpailussa.<\/p>\n<p>Kanasuo eteni perjantaina 55\u2009kilpailijan alkukarsinnoista 15\u2009laulajan semifinaaliin ja siit\u00e4 lauantaina kahdeksan parhaimman kesken k\u00e4ytyyn finaaliin. Kanasuo esitti kilpailun kuluessa kappaleet Always Remember Us This Way ja Never Enough sek\u00e4 River Deep, Mountain High ja Adagio.<\/p>\n<p>Ensimm\u00e4ist\u00e4 kertaa j\u00e4rjestetyn laulukisan voitti vetelil\u00e4inen <b>Sanna S\u00e4ntti<\/b> ja kolmanneksi tuli kokkolalainen <b>Arttu Kauppinen<\/b>. M\u00f6kkitie Records Oy tuottaa voittajan palkinnoksi saaman singlejulkaisun.<\/p>\n<p>Hanna Kanasuota harmittaa, ett\u00e4 singlentekomahdollisuus meni t\u00e4p\u00e4r\u00e4sti nen\u00e4n editse, mutta on tyytyv\u00e4inen saamastaan kisakokemuksesta ja Kokkolassa solmituista uusista musiikkimaailman kontakteista.<\/p>\n<p>\u2013\u2009J\u00e4in elokuussa osittaiselle opintovapaalle, sill\u00e4 opiskelen musiikkia Varsinais-Suomen kansanopistossa Paimiossa. Yhten\u00e4 aineenani on biisinkirjoitus, ja t\u00e4m\u00e4n vuoden tavoitteeni onkin julkaista omaa musiikkia, h\u00e4n kertoo.<\/p>\n<p>\u2013\u2009Nyt haen tuottajaa, jonka kanssa voin alkaa sorvata itseni n\u00e4k\u00f6ist\u00e4 musiikkia oman b\u00e4ndini kanssa esitett\u00e4v\u00e4ksi.<\/p>\n<p>Suomen Lentopalloliiton seurapalvelukoordinaattorina ty\u00f6skentelev\u00e4 Kanasuo on tullut musiikin saralla tunnetuksi h\u00e4nen maaotteluissa alkuper\u00e4iskielill\u00e4 esitt\u00e4mist\u00e4\u00e4n kansallislauluista, Lauluyhtye Valosta, bileb\u00e4ndi Hanna &amp; Henrikasta ja viime vuoden televisiolaulukilpailusta The Voice of Finland. Siin\u00e4 h\u00e4n eteni \u00c4\u00e4ni ratkaisee -vaiheeseen valittujen 118\u2009laulajan joukosta 16\u2009parhaan joukkoon.<\/p>\n","protected":false},"excerpt":{"rendered":"Koskelainen Hanna Kanasuo sijoittui toiseksi viikonvaihteessa Kokkolassa j\u00e4rjestetyss\u00e4 valtakunnallisessa Snellman-laulukilpailussa. Kanasuo eteni perjantaina 55\u2009kilpailijan alkukarsinnoista 15\u2009laulajan semifinaaliin ja&hellip;\n","protected":false},"author":2,"featured_media":141711,"comment_status":"","ping_status":"","sticky":false,"template":"","format":"standard","meta":{"footnotes":""},"categories":[130],"tags":[137,33,31,30,5528,47,32,109],"class_list":{"0":"post-141710","1":"post","2":"type-post","3":"status-publish","4":"format-standard","5":"has-post-thumbnail","7":"category-viihde","8":"tag-entertainment","9":"tag-fi","10":"tag-finland","11":"tag-finnish","12":"tag-laulukilpailut","13":"tag-musiikki","14":"tag-suomi","15":"tag-viihde"},"share_on_mastodon":{"url":"https:\/\/pubeurope.com\/@fi\/115891332852125544","error":""},"_links":{"self":[{"href":"https:\/\/www.europesays.com\/fi\/wp-json\/wp\/v2\/posts\/141710","targetHints":{"allow":["GET"]}}],"collection":[{"href":"https:\/\/www.europesays.com\/fi\/wp-json\/wp\/v2\/posts"}],"about":[{"href":"https:\/\/www.europesays.com\/fi\/wp-json\/wp\/v2\/types\/post"}],"author":[{"embeddable":true,"href":"https:\/\/www.europesays.com\/fi\/wp-json\/wp\/v2\/users\/2"}],"replies":[{"embeddable":true,"href":"https:\/\/www.europesays.com\/fi\/wp-json\/wp\/v2\/comments?post=141710"}],"version-history":[{"count":0,"href":"https:\/\/www.europesays.com\/fi\/wp-json\/wp\/v2\/posts\/141710\/revisions"}],"wp:featuredmedia":[{"embeddable":true,"href":"https:\/\/www.europesays.com\/fi\/wp-json\/wp\/v2\/media\/141711"}],"wp:attachment":[{"href":"https:\/\/www.europesays.com\/fi\/wp-json\/wp\/v2\/media?parent=141710"}],"wp:term":[{"taxonomy":"category","embeddable":true,"href":"https:\/\/www.europesays.com\/fi\/wp-json\/wp\/v2\/categories?post=141710"},{"taxonomy":"post_tag","embeddable":true,"href":"https:\/\/www.europesays.com\/fi\/wp-json\/wp\/v2\/tags?post=141710"}],"curies":[{"name":"wp","href":"https:\/\/api.w.org\/{rel}","templated":true}]}}