{"id":141714,"date":"2026-01-14T03:32:08","date_gmt":"2026-01-14T03:32:08","guid":{"rendered":"https:\/\/www.europesays.com\/fi\/141714\/"},"modified":"2026-01-14T03:32:08","modified_gmt":"2026-01-14T03:32:08","slug":"trump-naytti-keskaria-ja-kiroili","status":"publish","type":"post","link":"https:\/\/www.europesays.com\/fi\/141714\/","title":{"rendered":"Trump n\u00e4ytti keskaria ja kiroili"},"content":{"rendered":"<p>Trumpia kritisoitiin j\u00e4lleen Epstein-kohun tiimoilta.<\/p>\n<p><img decoding=\"async\" class=\"image image-show image-preview\" src=\"https:\/\/www.europesays.com\/fi\/wp-content\/uploads\/2026\/01\/fecab12e5fd9c81d292b4ff32b987f08203af3ef89b5cbf05116f2390ba8acad.jpg\" alt=\"\"\/><img decoding=\"async\" class=\"image image-show\" src=\"https:\/\/www.europesays.com\/fi\/wp-content\/uploads\/2026\/01\/1768361528_727_fecab12e5fd9c81d292b4ff32b987f08203af3ef89b5cbf05116f2390ba8acad.jpg\" alt=\"\"\/><\/p>\n<p>Trumpin tehdaskierros sai ik\u00e4v\u00e4n k\u00e4\u00e4nteen. Arkistokuva. \/ SplashNews.com<\/p>\n<p class=\"paragraph\">Yhdysvaltain presidentti <a href=\"https:\/\/www.iltalehti.fi\/henkilot\/Donald Trump\" class=\"article-link-person-page\" rel=\"nofollow noopener\" target=\"_blank\">Donald Trump<\/a> n\u00e4ytti keskisormea ja vaikutti kiroilevan tehdasty\u00f6l\u00e4iselle Michiganin autotehtaalla tiistaina. Videon tilanteesta julkaisi <a href=\"https:\/\/www.tmz.com\/2026\/01\/13\/trump-flips-off-ford-worker\/\" target=\"_blank\" rel=\"noopener nofollow\">TMZ<\/a>.<\/p>\n<p class=\"paragraph\">Trump oli v\u00e4likohtauksen aikaan vierailemassa Ford F-150 -kokoonpanotehtaalla Dearbornissa. Tehtaan ty\u00f6ntekij\u00e4 huusi Trumpille jotain, mik\u00e4 kuulosti sanoilta &#8221;pedofiilien suojelija&#8221;.<\/p>\n<p class=\"paragraph\">Kritiikki liittyy todenn\u00e4k\u00f6isesti edesmenneeseen seksuaalirikolliseen <a href=\"https:\/\/www.iltalehti.fi\/henkilot\/Jeffrey Epstein\" class=\"article-link-person-page\" rel=\"nofollow noopener\" target=\"_blank\">Jeffrey Epsteiniin<\/a>, jota syytettiin alaik\u00e4isten tytt\u00f6jen hyv\u00e4ksik\u00e4yt\u00f6st\u00e4 ja ihmiskaupasta.<\/p>\n<p class=\"paragraph\">Trumpin hallintoa on kritisoitu laajasti Epstein-tutkintaan liittyvien asiakirjojen piilottelusta ja sensuroinnista.<\/p>\n<p class=\"paragraph\">Vastauksena kritiikkiin Trump n\u00e4ytti muodostavan suullaan kirosanoja ja n\u00e4ytt\u00e4v\u00e4n ty\u00f6ntekij\u00e4lle keskisormea.<\/p>\n<p class=\"paragraph\">Valkoisen talon viestint\u00e4p\u00e4\u00e4llikk\u00f6 <a href=\"https:\/\/www.iltalehti.fi\/henkilot\/Steven Cheung\" class=\"article-link-person-page\" rel=\"nofollow noopener\" target=\"_blank\">Steven Cheung<\/a> antoi v\u00e4likohtauksesta lausunnon TMZ:lle.<\/p>\n<p class=\"paragraph\">\u2013 Hullu huusi villin\u00e4 kirosanoja t\u00e4ydellisess\u00e4 raivonpuuskassa, ja presidentti vastasi siihen asianmukaisesti ja yksiselitteisesti, Cheung vastaa lausunnossa.<\/p>\n","protected":false},"excerpt":{"rendered":"Trumpia kritisoitiin j\u00e4lleen Epstein-kohun tiimoilta. Trumpin tehdaskierros sai ik\u00e4v\u00e4n k\u00e4\u00e4nteen. Arkistokuva. \/ SplashNews.com Yhdysvaltain presidentti Donald Trump n\u00e4ytti&hellip;\n","protected":false},"author":2,"featured_media":141715,"comment_status":"","ping_status":"","sticky":false,"template":"","format":"standard","meta":{"footnotes":""},"categories":[14],"tags":[35,22,23,26,27,33,31,30,17,24,25,28,29,15,18,21,142,637,144,32,19,20,56,16,59,60,61,143,751],"class_list":{"0":"post-141714","1":"post","2":"type-post","3":"status-publish","4":"format-standard","5":"has-post-thumbnail","7":"category-ulkomaat","8":"tag-24h","9":"tag-breaking-news","10":"tag-breakingnews","11":"tag-featured-news","12":"tag-featurednews","13":"tag-fi","14":"tag-finland","15":"tag-finnish","16":"tag-headlines","17":"tag-latest-news","18":"tag-latestnews","19":"tag-main-news","20":"tag-mainnews","21":"tag-news","22":"tag-otsikot","23":"tag-paauutiset","24":"tag-poliitikot","25":"tag-politiikka","26":"tag-presidentti","27":"tag-suomi","28":"tag-top-stories","29":"tag-topstories","30":"tag-ulkomaat","31":"tag-uutiset","32":"tag-world","33":"tag-world-news","34":"tag-worldnews","35":"tag-yhdysvaltain-politiikka","36":"tag-yhdysvaltalaiset-poliitikot"},"share_on_mastodon":{"url":"https:\/\/pubeurope.com\/@fi\/115891348614099362","error":""},"_links":{"self":[{"href":"https:\/\/www.europesays.com\/fi\/wp-json\/wp\/v2\/posts\/141714","targetHints":{"allow":["GET"]}}],"collection":[{"href":"https:\/\/www.europesays.com\/fi\/wp-json\/wp\/v2\/posts"}],"about":[{"href":"https:\/\/www.europesays.com\/fi\/wp-json\/wp\/v2\/types\/post"}],"author":[{"embeddable":true,"href":"https:\/\/www.europesays.com\/fi\/wp-json\/wp\/v2\/users\/2"}],"replies":[{"embeddable":true,"href":"https:\/\/www.europesays.com\/fi\/wp-json\/wp\/v2\/comments?post=141714"}],"version-history":[{"count":0,"href":"https:\/\/www.europesays.com\/fi\/wp-json\/wp\/v2\/posts\/141714\/revisions"}],"wp:featuredmedia":[{"embeddable":true,"href":"https:\/\/www.europesays.com\/fi\/wp-json\/wp\/v2\/media\/141715"}],"wp:attachment":[{"href":"https:\/\/www.europesays.com\/fi\/wp-json\/wp\/v2\/media?parent=141714"}],"wp:term":[{"taxonomy":"category","embeddable":true,"href":"https:\/\/www.europesays.com\/fi\/wp-json\/wp\/v2\/categories?post=141714"},{"taxonomy":"post_tag","embeddable":true,"href":"https:\/\/www.europesays.com\/fi\/wp-json\/wp\/v2\/tags?post=141714"}],"curies":[{"name":"wp","href":"https:\/\/api.w.org\/{rel}","templated":true}]}}