{"id":141719,"date":"2026-01-14T03:46:10","date_gmt":"2026-01-14T03:46:10","guid":{"rendered":"https:\/\/www.europesays.com\/fi\/141719\/"},"modified":"2026-01-14T03:46:10","modified_gmt":"2026-01-14T03:46:10","slug":"heidi-foxell-kolarissa-ilta-sanomat","status":"publish","type":"post","link":"https:\/\/www.europesays.com\/fi\/141719\/","title":{"rendered":"Heidi Foxell kolarissa &#8211; Ilta-Sanomat"},"content":{"rendered":"<p>Liukkaat ajokelit toivat mutkia Heidi Foxellin matkaan.<\/p>\n<p>13.1. 14:13<\/p>\n<p class=\"article-body mb-nof-24 px-nof-16\">Poliisi <a class=\"font-bold underline-offset-[0.12em] [text-decoration:var(--person-link-text-decoration)] ![text-decoration-color:var(--person-link-text-decoration-color)]\" href=\"https:\/\/www.is.fi\/haku\/?query=Heidi%20Foxell\" rel=\"nofollow noopener\" target=\"_blank\">Heidi Foxell<\/a> oli matkalla pit\u00e4m\u00e4\u00e4n luentoa tiistaina, kun h\u00e4n joutui kolariin H\u00e4meenlinnanv\u00e4yl\u00e4ll\u00e4.<\/p>\n<p class=\"article-body mb-nof-24 px-nof-16\">Foxell kertoo tapahtumista Instagramin <a class=\"underline underline-offset-[0.12em] [text-decoration-thickness:var(--generic-link-underline-thickness)] [text-decoration-color:var(--generic-link-underline-color)] [text-decoration-skip-ink:var(--generic-link-underline-skip-ink)] break-words\" href=\"https:\/\/www.instagram.com\/heidifoxell\/\" rel=\"nofollow noopener\" target=\"_blank\">tarinat-osiossa<\/a>.<\/p>\n<p class=\"article-body mb-nof-24 px-nof-16\">\u2013 Semmoinen aamu sitten t\u00e4n\u00e4\u00e4n. En tied\u00e4, kuinka paljon pystyy \u00e4rsytt\u00e4\u00e4, mutta kun tekee ehk\u00e4 itse virheen, h\u00e4n selostaa videolla.<\/p>\n<p class=\"article-body mb-nof-24 px-nof-16\">Videolla h\u00e4n itse istuu omassa autossaan ja h\u00e4n kuvaa my\u00f6s edess\u00e4 olevaa autoa, jonka takaosa on ruttaantunut t\u00f6rm\u00e4yksen johdosta. Foxell kertoo yritt\u00e4neens\u00e4 v\u00e4ist\u00e4\u00e4 tilanteessa toista autoa.<\/p>\n<p class=\"article-body mb-nof-24 px-nof-16\">\u2013 Yritin v\u00e4ist\u00e4\u00e4 t\u00e4llaiselle levennykselle ja siin\u00e4 oli sitten auto parkissa. Sitten se vain osui, poks.<\/p>\n<p class=\"article-body mb-nof-24 px-nof-16\">\u2013 Se joka oli siin\u00e4 liittym\u00e4ss\u00e4 H\u00e4meenlinnanv\u00e4yl\u00e4lle, ei uskaltanut liitty\u00e4. T\u00e4m\u00e4 toinen auto oli sitten v\u00e4ist\u00e4m\u00e4ss\u00e4 h\u00e4nt\u00e4 ihan pys\u00e4hdyksiss\u00e4, Foxell selosti my\u00f6hemmin tarinoissaan.<\/p>\n<p class=\"article-body mb-nof-24 px-nof-16\">Foxellin mukaan yksi auto h\u00e4ipyi tilanteessa pois paikalta, kun taas Foxell ja ruttaantuneen auton kuski j\u00e4iv\u00e4t odottamaan poliiseja. Toisen auton kuski ei Foxellin mukaan uskaltanut tulla ulos autosta, joten poliisit kutsuttiin paikalle.<\/p>\n<p class=\"article-body mb-nof-24 px-nof-16\">\u2013 Poliisien kanssa nauroimme siin\u00e4, ett\u00e4 hupsista s*atana.<\/p>\n<p class=\"article-body mb-nof-24 px-nof-16\">Heidi Foxell on poliisi, jota seuraa somessa yli 37 tuhatta seuraajaa. Foxell haavoittui vakavasti Hyvink\u00e4\u00e4n ammuskelussa vuonna 2012 ollessaan viel\u00e4 poliisiopiskelija.<\/p>\n<p><script async src=\"\/\/www.instagram.com\/embed.js\"><\/script><\/p>\n","protected":false},"excerpt":{"rendered":"Liukkaat ajokelit toivat mutkia Heidi Foxellin matkaan. 13.1. 14:13 Poliisi Heidi Foxell oli matkalla pit\u00e4m\u00e4\u00e4n luentoa tiistaina, kun&hellip;\n","protected":false},"author":2,"featured_media":141720,"comment_status":"","ping_status":"","sticky":false,"template":"","format":"standard","meta":{"footnotes":""},"categories":[136],"tags":[407,137,33,31,30,34,408,32,109],"class_list":{"0":"post-141719","1":"post","2":"type-post","3":"status-publish","4":"format-standard","5":"has-post-thumbnail","7":"category-julkkikset","8":"tag-celebrities","9":"tag-entertainment","10":"tag-fi","11":"tag-finland","12":"tag-finnish","13":"tag-ilta-sanomat","14":"tag-julkkikset","15":"tag-suomi","16":"tag-viihde"},"share_on_mastodon":{"url":"https:\/\/pubeurope.com\/@fi\/115891403633398746","error":""},"_links":{"self":[{"href":"https:\/\/www.europesays.com\/fi\/wp-json\/wp\/v2\/posts\/141719","targetHints":{"allow":["GET"]}}],"collection":[{"href":"https:\/\/www.europesays.com\/fi\/wp-json\/wp\/v2\/posts"}],"about":[{"href":"https:\/\/www.europesays.com\/fi\/wp-json\/wp\/v2\/types\/post"}],"author":[{"embeddable":true,"href":"https:\/\/www.europesays.com\/fi\/wp-json\/wp\/v2\/users\/2"}],"replies":[{"embeddable":true,"href":"https:\/\/www.europesays.com\/fi\/wp-json\/wp\/v2\/comments?post=141719"}],"version-history":[{"count":0,"href":"https:\/\/www.europesays.com\/fi\/wp-json\/wp\/v2\/posts\/141719\/revisions"}],"wp:featuredmedia":[{"embeddable":true,"href":"https:\/\/www.europesays.com\/fi\/wp-json\/wp\/v2\/media\/141720"}],"wp:attachment":[{"href":"https:\/\/www.europesays.com\/fi\/wp-json\/wp\/v2\/media?parent=141719"}],"wp:term":[{"taxonomy":"category","embeddable":true,"href":"https:\/\/www.europesays.com\/fi\/wp-json\/wp\/v2\/categories?post=141719"},{"taxonomy":"post_tag","embeddable":true,"href":"https:\/\/www.europesays.com\/fi\/wp-json\/wp\/v2\/tags?post=141719"}],"curies":[{"name":"wp","href":"https:\/\/api.w.org\/{rel}","templated":true}]}}