{"id":141725,"date":"2026-01-14T03:57:19","date_gmt":"2026-01-14T03:57:19","guid":{"rendered":"https:\/\/www.europesays.com\/fi\/141725\/"},"modified":"2026-01-14T03:57:19","modified_gmt":"2026-01-14T03:57:19","slug":"vihrean-siirtyman-perusopit-kaikille-ylakoululaisille","status":"publish","type":"post","link":"https:\/\/www.europesays.com\/fi\/141725\/","title":{"rendered":"Vihre\u00e4n siirtym\u00e4n perusopit kaikille yl\u00e4koululaisille"},"content":{"rendered":"<p>\n      Kristiinan suomen- ja ruotsinkielisess\u00e4 yl\u00e4koulussa sek\u00e4 lukioissa on elokuusta l\u00e4htien oppitunteja, joissa vahvistetaan nuorten perusosaamista vihre\u00e4st\u00e4 siirtym\u00e4st\u00e4 ja vetytaloudesta.\n    <\/p>\n<p>\n      Kaupungin elinkeinotoimistossa hanketta vet\u00e4\u00e4 Richard L\u00e4hteenm\u00e4ki. H\u00e4nen kanssaan opetuksen toteuttamista suunnittelevat koulujen rehtorit ja opettajat. Viimeksi aiheesta oli palaveri viime perjantaina.\n    <\/p>\n<p class=\"article__paragraph\">\n      \u2013 Suunnittelimme, miten markkinoimme uusia v\u00e4yl\u00e4opintoja. Toiveena on her\u00e4tt\u00e4\u00e4 varsinkin yhdeks\u00e4sluokkalaisten mielenkiintoa vihre\u00e4n siirtym\u00e4n opintoihin, kertoi L\u00e4hteenm\u00e4ki, joka on valjastettu puhumaan aiheesta t\u00e4n\u00e4 kev\u00e4\u00e4n\u00e4 peruskouluaan p\u00e4\u00e4tt\u00e4ville ja jatko-opintojaan suunnitteleville.\n    <\/p>\n<p class=\"article__paragraph\">\n      Suunniteltu kokonaispaketti on yl\u00e4kouluista lukioon ja edelleen jatko-opiskeluihin.\n    <\/p>\n<p class=\"article__paragraph\">\n      \u2013 Ja lopulta voi tulla takaisin alueellemme alan t\u00f6ihin.\n    <\/p>\n<p class=\"article__paragraph\">\n      Vihre\u00e4\u00e4n siirtym\u00e4\u00e4n ja vetytalouteen painottuva opetus on L\u00e4hteenm\u00e4en ja suomenkielisen yl\u00e4koulun ja lukion rehtorin Eeva Kumpulaisen mukaan uutta alueellamme.\n    <\/p>\n<p class=\"article__paragraph\">\n      Yl\u00e4koulussa tavoite on her\u00e4tt\u00e4\u00e4 kiinnostusta ja lis\u00e4t\u00e4 alan perusymm\u00e4rryst\u00e4.\n    <\/p>\n<p class=\"article__paragraph\">\n      \u2013 Yl\u00e4koulussa pidet\u00e4\u00e4n aiheesta erikseen oppitunteja ja sit\u00e4 sis\u00e4llytet\u00e4\u00e4n eri oppiaineisiin, kuten kemiaan, fysiikkaan, maantietoon, biologiaan ja yhteiskuntaoppiin. Opinnonohjauksessa kerrotaan alan ammateista ja jatko-opinnoista, selvitt\u00e4\u00e4 Kumpulainen.\n    <\/p>\n<p class=\"article__paragraph\">\n      Kristiinassa asian kanssa ollaan jo pitk\u00e4ll\u00e4.\n    <\/p>\n<p class=\"article__paragraph\">\n      \u2013 Olemme tehneet raamit sille, millaisia oppitunnit ovat. Mutta suurin ty\u00f6 on t\u00e4n\u00e4 kev\u00e4\u00e4n\u00e4 opettajien kanssa r\u00e4\u00e4t\u00e4l\u00f6id\u00e4 tunnit lopulliseen muotoonsa, sanoo L\u00e4hteenm\u00e4ki, joka on tehnyt pohjaty\u00f6n sille, ett\u00e4 tunnit ovat liki valmiita toteuttaviksi.\n    <\/p>\n<p class=\"article__paragraph\">\n      Kumpulainen kertoo, ett\u00e4 lukiossa alan opinnot ovat valinnaiskursseja. Syvent\u00e4vill\u00e4 opinnoilla lukiolaisia valmistetaan mahdollisiin jatko-opintoihin. Lukioiden v\u00e4yl\u00e4opinnot toteutetaan yhteisty\u00f6ss\u00e4 Vaasan ammattikorkeakoulun ja ruotsinkielisen ammattikorkeakoulu Novian kanssa. Lukioissa voi luoda suoran polun insin\u00f6\u00f6riopintoihin.\n    <\/p>\n<p class=\"article__paragraph\">\n      \u2013 Lukiolaiset voivat suorittaa v\u00e4hint\u00e4\u00e4n viisitoista opintopistett\u00e4 insin\u00f6\u00f6ri- ja talousopintoja. Mik\u00e4li v\u00e4himm\u00e4ispistem\u00e4\u00e4r\u00e4n suorittaa hyv\u00e4ksytysti, antaa se suoran polun ammattikorkeakouluun.\n    <\/p>\n<p>      Tulevaisuuden ty\u00f6ntekij\u00f6it\u00e4<\/p>\n<p class=\"article__paragraph\">\n      Uuden koulutuksen tuomisella kaupungin nelj\u00e4\u00e4n opinahjoon on sek\u00e4 syy ett\u00e4 tavoite.\n    <\/p>\n<p class=\"article__paragraph\">\n      Kristiinaan on parhaillaan suunnitteilla kaksi suurta vetylaitosta. Lis\u00e4ksi on useita aurinkoenergian hankkeita ja runsaasti tuulivoimaa. Koulutuksen tarkoitus on varmistaa, ett\u00e4 alueellamme on ammattitaitoista ty\u00f6voimaa sek\u00e4 suorille ett\u00e4 v\u00e4lilliselle ty\u00f6paikoille, joita tulevien investointien odotetaan luovan. Sek\u00e4 mahdollisesti tarvittavaa yritt\u00e4jyytt\u00e4.\n    <\/p>\n<p class=\"article__paragraph\">\n      \u2013 Kaikki alkaa yritysten tarpeista, t\u00e4hdent\u00e4\u00e4 L\u00e4hteenm\u00e4ki jatkaen, ett\u00e4 paikallisten yritysten rooli koulutushankkeessa muovautuu ajan saatossa.\n    <\/p>\n<p class=\"article__paragraph\">\n      Tarkoitus on luoda t\u00e4m\u00e4n p\u00e4iv\u00e4n nuorille tulevaisuuden mahdollisuuksia kotiseudullaan.\n    <\/p>\n<p class=\"article__paragraph\">\n      \u2013 Oppilaiden puolesta voin sanoa, ett\u00e4 nuorilla on toivetta tulevaisuuteen t\u00e4ll\u00e4 alueella, huomauttaa Kumpulainen.\n    <\/p>\n<p>&#8221;Oppilaiden puolesta voin sanoa, ett\u00e4 nuorilla on toivetta tulevaisuuteen t\u00e4ll\u00e4 alueella.&#8221;<\/p>\n<p class=\"article__paragraph\">\n      L\u00e4hteenm\u00e4en osalta reilu kaksivuotinen hanke p\u00e4\u00e4ttyy t\u00e4m\u00e4n vuoden lopussa.\n    <\/p>\n<p class=\"article__paragraph\">\n      \u2013 Pakko nostaa hattua rehtoreille ja opettajille siit\u00e4, miten hyvin he ovat hankkeen vastaanottaneet. Ensi syksyst\u00e4 l\u00e4htien he tekev\u00e4t suurimman ty\u00f6n. Vaikka hanke loppuu, niin yhteisty\u00f6mme jatkuu takuuvarmasti. Haluamme t\u00e4m\u00e4n koulutusmuodon pysyv\u00e4ksi ja oppitunteja kehitet\u00e4\u00e4n tarpeen mukaan.\n    <\/p>\n","protected":false},"excerpt":{"rendered":"Kristiinan suomen- ja ruotsinkielisess\u00e4 yl\u00e4koulussa sek\u00e4 lukioissa on elokuusta l\u00e4htien oppitunteja, joissa vahvistetaan nuorten perusosaamista vihre\u00e4st\u00e4 siirtym\u00e4st\u00e4 ja&hellip;\n","protected":false},"author":2,"featured_media":141726,"comment_status":"","ping_status":"","sticky":false,"template":"","format":"standard","meta":{"footnotes":""},"categories":[76],"tags":[79,77,33,31,30,32,78],"class_list":{"0":"post-141725","1":"post","2":"type-post","3":"status-publish","4":"format-standard","5":"has-post-thumbnail","7":"category-talous","8":"tag-business","9":"tag-economy","10":"tag-fi","11":"tag-finland","12":"tag-finnish","13":"tag-suomi","14":"tag-talous"},"share_on_mastodon":{"url":"https:\/\/pubeurope.com\/@fi\/115891447004140404","error":""},"_links":{"self":[{"href":"https:\/\/www.europesays.com\/fi\/wp-json\/wp\/v2\/posts\/141725","targetHints":{"allow":["GET"]}}],"collection":[{"href":"https:\/\/www.europesays.com\/fi\/wp-json\/wp\/v2\/posts"}],"about":[{"href":"https:\/\/www.europesays.com\/fi\/wp-json\/wp\/v2\/types\/post"}],"author":[{"embeddable":true,"href":"https:\/\/www.europesays.com\/fi\/wp-json\/wp\/v2\/users\/2"}],"replies":[{"embeddable":true,"href":"https:\/\/www.europesays.com\/fi\/wp-json\/wp\/v2\/comments?post=141725"}],"version-history":[{"count":0,"href":"https:\/\/www.europesays.com\/fi\/wp-json\/wp\/v2\/posts\/141725\/revisions"}],"wp:featuredmedia":[{"embeddable":true,"href":"https:\/\/www.europesays.com\/fi\/wp-json\/wp\/v2\/media\/141726"}],"wp:attachment":[{"href":"https:\/\/www.europesays.com\/fi\/wp-json\/wp\/v2\/media?parent=141725"}],"wp:term":[{"taxonomy":"category","embeddable":true,"href":"https:\/\/www.europesays.com\/fi\/wp-json\/wp\/v2\/categories?post=141725"},{"taxonomy":"post_tag","embeddable":true,"href":"https:\/\/www.europesays.com\/fi\/wp-json\/wp\/v2\/tags?post=141725"}],"curies":[{"name":"wp","href":"https:\/\/api.w.org\/{rel}","templated":true}]}}