{"id":141727,"date":"2026-01-14T03:58:09","date_gmt":"2026-01-14T03:58:09","guid":{"rendered":"https:\/\/www.europesays.com\/fi\/141727\/"},"modified":"2026-01-14T03:58:09","modified_gmt":"2026-01-14T03:58:09","slug":"huolestuttava-tieto-ilmastonmuutoksesta-vuosi-2025-mittaushistorian-kolmanneksi-lampimin","status":"publish","type":"post","link":"https:\/\/www.europesays.com\/fi\/141727\/","title":{"rendered":"Huolestuttava tieto ilmastonmuutoksesta: Vuosi 2025 mittaushistorian kolmanneksi l\u00e4mpimin"},"content":{"rendered":"<p>Kuumuudella oli vakavia seurauksia eri puolilla maapalloa.<\/p>\n<p>Helsinkil\u00e4iset kertoivat marraskuussa, mit\u00e4 eiv\u00e4t suostu tekem\u00e4\u00e4n ilmastonmuutoksen hillitsemiseksi<\/p>\n<p class=\"article-body mb-nof-24 px-nof-16\">Vuosi 2025 oli maailmanlaajuisesti mittaushistorian kolmanneksi l\u00e4mpimin. Asia selvi\u00e4\u00e4 Euroopan unionin Copernicus-ilmastopalvelun Global Climate Highlights 2025 -raportista, Ilmatieteen laitos kertoo.<\/p>\n<p class=\"article-body mb-nof-24 px-nof-16\">Viime vuoden maailmanlaajuinen keskil\u00e4mp\u00f6tila oli 14,97 astetta eli 1,47 astetta esiteollista (1850\u20131900) aikaa korkeampi.<\/p>\n<p class=\"article-body mb-nof-24 px-nof-16\">Kyseess\u00e4 oli ensimm\u00e4isen kerta, kun kolmen vuoden jakson keskil\u00e4mp\u00f6tila ylitti 1,5 astetta.<\/p>\n<p class=\"article-body mb-nof-24 px-nof-16\">Edelliset 11 vuotta ovat olleet mittaushistorian 11 l\u00e4mpimint\u00e4.<\/p>\n<p class=\"article-body mb-nof-24 px-nof-16\">Ilmatieteen laitoksen p\u00e4\u00e4johtaja <a class=\"font-bold underline-offset-[0.12em] [text-decoration:var(--person-link-text-decoration)] ![text-decoration-color:var(--person-link-text-decoration-color)]\" href=\"https:\/\/www.is.fi\/haku\/?query=Petteri%20Taalas\" rel=\"nofollow noopener\" target=\"_blank\">Petteri Taalas<\/a> kertoo, ett\u00e4 Pariisin sopimuksen alaraja eli 1,5 astetta on ylittym\u00e4ss\u00e4 jo kuluvan vuosikymmenen lopussa eli 10 vuotta arvioitua nopeammin.<\/p>\n<p class=\"article-body mb-nof-24 px-nof-16\">\u2013 Se, ett\u00e4 kolmen vuoden keskil\u00e4mp\u00f6tila ylitt\u00e4\u00e4 nyt ensimm\u00e4ist\u00e4 kertaa 1,5 astetta, korostaa ilmastonmuutoksen etenemist\u00e4 ja sen torjunnan kiireellisyytt\u00e4. Kyse ei ole yksitt\u00e4isest\u00e4 poikkeusvuodesta, vaan pitk\u00e4aikaisesta kehityksest\u00e4, joka lis\u00e4\u00e4 s\u00e4\u00e4n \u00e4\u00e4ri-ilmi\u00f6it\u00e4 ja niiden vaikutuksia yhteiskuntiin maailmanlaajuisesti.<\/p>\n<p class=\"article-body mb-nof-24 px-nof-16\">Pariisin sopimuksen mukaan ilmaston l\u00e4mpeneminen pit\u00e4isi pys\u00e4ytt\u00e4\u00e4 selv\u00e4sti alle kahteen asteeseen esiteolliseen aikaan verrattuna.<\/p>\n<p><img decoding=\"async\" src=\"https:\/\/www.europesays.com\/fi\/wp-content\/uploads\/2026\/01\/1768363089_701_468.jpg\" alt=\"Eurooppaa koetteli l\u00e4mp\u00f6aalto kes\u00e4ll\u00e4 2025. Kuvassa turistit lep\u00e4\u00e4v\u00e4t varjossa Kreikan p\u00e4\u00e4kaupungissa Ateenassa.\" class=\"_Img_1rerz_1\" style=\"aspect-ratio:1.5\" loading=\"eager\"\/><\/p>\n<p class=\"article-picture-caption\">Eurooppaa koetteli l\u00e4mp\u00f6aalto kes\u00e4ll\u00e4 2025. Kuvassa turistit lep\u00e4\u00e4v\u00e4t varjossa Kreikan p\u00e4\u00e4kaupungissa Ateenassa. Kuva:\u00a0Louisa Gouliamaki \/ Reuters<\/p>\n<p>Fakta<\/p>\n<p>T\u00e4lt\u00e4 n\u00e4ytti vuosi 2025Maailma<\/p>\n<ul class=\"mb-nof-16 px-nof-16 article-unordered-list unordered-list\">\n<li class=\"unordered-list-item\">\n<p class=\"article-body\">Vuoden 2025 maapallon keskil\u00e4mp\u00f6tila oli 14,97 \u00b0C, mik\u00e4 on 0,59 \u00b0C enemm\u00e4n kuin vertailukauden 1991\u20132020 keskiarvo ja 0,13 \u00b0C v\u00e4hemm\u00e4n kuin vuonna 2024.<\/p>\n<\/li>\n<li class=\"unordered-list-item\">\n<p class=\"article-body\">Vuoden 2025 l\u00e4mp\u00f6tila oli 1,47 \u00b0C esiteollista tasoa eli vuosia 1850\u20131900 korkeampi (vuonna 2024 1,60 \u00b0C).<\/p>\n<\/li>\n<li class=\"unordered-list-item\">\n<p class=\"article-body\">Maapallon maa-alueiden ilman l\u00e4mp\u00f6tila oli toiseksi korkein.<\/p>\n<\/li>\n<li class=\"unordered-list-item\">\n<p class=\"article-body\">Napa-alueiden ulkopuolinen meren pintal\u00e4mp\u00f6tila oli 20,73 \u00b0C ja mittaushistorian kolmanneksi korkein vuosien 2024 ja 2023 j\u00e4lkeen.<\/p>\n<\/li>\n<li class=\"unordered-list-item\">\n<p class=\"article-body\">Tammikuu 2025 oli mittaushistorian l\u00e4mpimin tammikuu maailmanlaajuisesti.<\/p>\n<\/li>\n<\/ul>\n<p>Eurooppa<\/p>\n<ul class=\"mb-nof-16 px-nof-16 article-unordered-list unordered-list\">\n<li class=\"unordered-list-item\">\n<p class=\"article-body\">Vuosi 2025 oli Euroopassa mittaushistorian kolmanneksi l\u00e4mpimin, keskil\u00e4mp\u00f6tila 10,41 \u00b0C.<\/p>\n<\/li>\n<li class=\"unordered-list-item\">\n<p class=\"article-body\">T\u00e4m\u00e4 on 1,17 \u00b0C enemm\u00e4n kuin vertailukauden 1991\u20132020 keskiarvo ja 0,30 \u00b0C v\u00e4hemm\u00e4n kuin Euroopan l\u00e4mpimimp\u00e4n\u00e4 vuonna 2024.<\/p>\n<\/li>\n<\/ul>\n<p class=\"article-body nof-ui-body-medium mb-nof-24 px-nof-16\">L\u00e4hde: Ilmatieteen laitos, Copernicus-ilmastopalvelu<\/p>\n<p class=\"article-body mb-nof-24 px-nof-16\">Kolmen viime vuoden poikkeuksellisen korkeisiin l\u00e4mp\u00f6tiloihin on raportin mukaan kaksi p\u00e4\u00e4tekij\u00e4\u00e4:<\/p>\n<ol class=\"mb-nof-16 px-nof-16 article-ordered-list ordered-list\">\n<li class=\"ordered-list-item\">\n<p class=\"article-body\">kasvihuonekaasujen p\u00e4\u00e4st\u00f6jen kertyminen ilmakeh\u00e4\u00e4n, hiilinielujen heikentyminen ja hiukkasp\u00e4\u00e4st\u00f6jen v\u00e4heneminen sek\u00e4<\/p>\n<\/li>\n<li class=\"ordered-list-item\">\n<p class=\"article-body\">poikkeuksellisen korkeat meren pintal\u00e4mp\u00f6tilat 2023 ja 2024, joita selittiv\u00e4t muun muassa El Ni\u00f1o -vaihe ja muu merellinen vaihtelu ilmastonmuutoksen voimistamana.<\/p>\n<\/li>\n<\/ol>\n<p class=\"article-body mb-nof-24 px-nof-16\">Tropiikin l\u00e4mp\u00f6tilat olivat vuonna 2025 matalampia kuin vuosina 2023\u20132024. Napa-alueilla mitattiin sen sijaan poikkeuksellisen korkeita l\u00e4mp\u00f6tiloja, sill\u00e4 Etel\u00e4mantereen keskil\u00e4mp\u00f6tila oli mittaushistorian korkein ja Arktiksella toiseksi korkein.<\/p>\n<p class=\"article-body mb-nof-24 px-nof-16\">Copernicus-palvelun raportin mukaan kuumuus lis\u00e4si maastopaloja ja maanpinnan otsonipitoisuuksia sek\u00e4 nosti l\u00e4mp\u00f6rasitusta.<\/p>\n<p><img decoding=\"async\" src=\"https:\/\/www.europesays.com\/fi\/wp-content\/uploads\/2026\/01\/1768363089_652_468.jpg\" alt=\"Dronella otetussa kuvassa n\u00e4kyy, kuinka j\u00e4\u00e4 sulaa Turtmannin j\u00e4\u00e4tik\u00f6ll\u00e4 Sveitsiss\u00e4.\" class=\"_Img_1rerz_1\" style=\"aspect-ratio:1.5011727912431587\" loading=\"eager\"\/><\/p>\n<p class=\"article-picture-caption\">Dronella otetussa kuvassa n\u00e4kyy, kuinka j\u00e4\u00e4 sulaa Turtmannin j\u00e4\u00e4tik\u00f6ll\u00e4 Sveitsiss\u00e4. Kuva:\u00a0Denis Balibouse \/ Reuters<\/p>\n<p class=\"article-body mb-nof-24 px-nof-16\">Helsingist\u00e4 ilmastonmuutos teki 2,3 astetta l\u00e4mpim\u00e4mm\u00e4n kuin se olisi ollut ilman ilmastonmuutosta, Ilmatieteen laitos kertoo.<\/p>\n<p class=\"article-body mb-nof-24 px-nof-16\">Kaisaniemess\u00e4 vuoden 2025 keskil\u00e4mp\u00f6tila oli 8,2 astetta, mik\u00e4 tarkoittaa, ett\u00e4 vuosi oli mittausaseman 181-vuotisen historian toiseksi l\u00e4mpimin. L\u00e4mpim\u00e4mp\u00e4\u00e4 on ollut vain vuonna 2020.<\/p>\n<p class=\"article-body mb-nof-24 px-nof-16\">Esiteollisessa ilmastossa yht\u00e4 l\u00e4mmin vuosi kuin 2025 olisi ollut \u00e4\u00e4rimm\u00e4isen ep\u00e4todenn\u00e4k\u00f6inen eli se olisi tapahtunut kerran 3\u202f200 vuodessa. Nykyilmastossa vastaava toistuu noin kerran viidess\u00e4 vuodessa.<\/p>\n<p class=\"article-body mb-nof-24 px-nof-16\">\u2013 Ilmastonmuutos n\u00e4kyy parhaiten, kun tarkastellaan pitki\u00e4 ajanjaksoja, kuten vuoden keskiarvoja. Helsingiss\u00e4 ilmastonmuutos teki k\u00e4yt\u00e4nn\u00f6ss\u00e4 mahdottomasta mahdollisen, eli n\u00e4in l\u00e4mmin vuosi ei olisi ollut mahdollista ilman jo tapahtunutta ilmaston l\u00e4mpenemist\u00e4, Ilmatieteen laitoksen tutkija <a class=\"font-bold underline-offset-[0.12em] [text-decoration:var(--person-link-text-decoration)] ![text-decoration-color:var(--person-link-text-decoration-color)]\" href=\"https:\/\/www.is.fi\/haku\/?query=Mika%20Rantanen\" rel=\"nofollow noopener\" target=\"_blank\">Mika Rantanen<\/a> sanoo.<\/p>\n<p class=\"article-body mb-nof-24 px-nof-16\">Sodankyl\u00e4ss\u00e4 T\u00e4htel\u00e4n mittausasemalla vuosi oli ilmastonmuutoksen vuoksi 2,6 astetta l\u00e4mpim\u00e4mpi kuin se olisi ollut ilman ilmastonmuutosta.<\/p>\n<p class=\"article-body mb-nof-24 px-nof-16\">Aseman keskil\u00e4mp\u00f6tila oli 1,7 astetta, joka tekee siit\u00e4 mittaushistorian kolmanneksi l\u00e4mpimimm\u00e4n.<\/p>\n<p class=\"article-body mb-nof-24 px-nof-16\">Tiedot ilmastomuutoksen vaikutuksesta keskil\u00e4mp\u00f6tiloihin Suomessa perustuvat Ilmatieteen laitoksen ja Helsingin yliopiston tutkijoiden vertaisarvioituun menetelm\u00e4\u00e4n.<\/p>\n<p><img decoding=\"async\" src=\"https:\/\/www.europesays.com\/fi\/wp-content\/uploads\/2026\/01\/1768363089_715_468.jpg\" alt=\"Ihmiset vilvoittelevat vedess\u00e4 Ranskan p\u00e4\u00e4kaupungissa Pariisissa.\" class=\"_Img_1rerz_1\" style=\"aspect-ratio:1.5011727912431587\" loading=\"eager\"\/><\/p>\n<p class=\"article-picture-caption\">Ihmiset vilvoittelevat vedess\u00e4 Ranskan p\u00e4\u00e4kaupungissa Pariisissa. Kuva:\u00a0Abdul Saboor \/ Reuters<\/p>\n<p>Merij\u00e4\u00e4<\/p>\n<ul class=\"mb-nof-16 px-nof-16 article-unordered-list unordered-list\">\n<li class=\"unordered-list-item\">\n<p class=\"article-body\">Helmikuussa 2025 pohjoisen ja etel\u00e4n merij\u00e4\u00e4n yhteenlaskettu laajuus oli pienin satelliittihavaintojen ajalta. Havaintosarja alkaa 1970-luvun lopulta.<\/p>\n<\/li>\n<li class=\"unordered-list-item\">\n<p class=\"article-body\">Arktisen merij\u00e4\u00e4n kuukausittainen laajuus oli ajankohdalleen pienin tammi\u2013maaliskuussa sek\u00e4 joulukuussa; maaliskuussa saavutettiin pienin vuotuinen maksimi. Syyskuun minimi oli vasta 13. pienin.<\/p>\n<\/li>\n<li class=\"unordered-list-item\">\n<p class=\"article-body\">Etel\u00e4mantereella merij\u00e4\u00e4n kuukausilaajuus oli helmikuussa vuotuisen minimin osalta nelj\u00e4nneksi pienin ja syyskuussa vuotuisen maksimin osalta kolmanneksi pienin.<\/p>\n<\/li>\n<\/ul>\n<p class=\"article-body nof-ui-body-medium mb-nof-24 px-nof-16\">L\u00e4hde: Ilmatieteen laitos, Copernicus-ilmastopalvelu<\/p>\n","protected":false},"excerpt":{"rendered":"Kuumuudella oli vakavia seurauksia eri puolilla maapalloa. Helsinkil\u00e4iset kertoivat marraskuussa, mit\u00e4 eiv\u00e4t suostu tekem\u00e4\u00e4n ilmastonmuutoksen hillitsemiseksi Vuosi 2025&hellip;\n","protected":false},"author":2,"featured_media":141728,"comment_status":"","ping_status":"","sticky":false,"template":"","format":"standard","meta":{"footnotes":""},"categories":[14],"tags":[22,23,26,27,33,31,30,17,34,24,25,28,29,15,18,21,32,19,20,56,16,59,60,61],"class_list":{"0":"post-141727","1":"post","2":"type-post","3":"status-publish","4":"format-standard","5":"has-post-thumbnail","7":"category-ulkomaat","8":"tag-breaking-news","9":"tag-breakingnews","10":"tag-featured-news","11":"tag-featurednews","12":"tag-fi","13":"tag-finland","14":"tag-finnish","15":"tag-headlines","16":"tag-ilta-sanomat","17":"tag-latest-news","18":"tag-latestnews","19":"tag-main-news","20":"tag-mainnews","21":"tag-news","22":"tag-otsikot","23":"tag-paauutiset","24":"tag-suomi","25":"tag-top-stories","26":"tag-topstories","27":"tag-ulkomaat","28":"tag-uutiset","29":"tag-world","30":"tag-world-news","31":"tag-worldnews"},"share_on_mastodon":{"url":"https:\/\/pubeurope.com\/@fi\/115891450890458083","error":""},"_links":{"self":[{"href":"https:\/\/www.europesays.com\/fi\/wp-json\/wp\/v2\/posts\/141727","targetHints":{"allow":["GET"]}}],"collection":[{"href":"https:\/\/www.europesays.com\/fi\/wp-json\/wp\/v2\/posts"}],"about":[{"href":"https:\/\/www.europesays.com\/fi\/wp-json\/wp\/v2\/types\/post"}],"author":[{"embeddable":true,"href":"https:\/\/www.europesays.com\/fi\/wp-json\/wp\/v2\/users\/2"}],"replies":[{"embeddable":true,"href":"https:\/\/www.europesays.com\/fi\/wp-json\/wp\/v2\/comments?post=141727"}],"version-history":[{"count":0,"href":"https:\/\/www.europesays.com\/fi\/wp-json\/wp\/v2\/posts\/141727\/revisions"}],"wp:featuredmedia":[{"embeddable":true,"href":"https:\/\/www.europesays.com\/fi\/wp-json\/wp\/v2\/media\/141728"}],"wp:attachment":[{"href":"https:\/\/www.europesays.com\/fi\/wp-json\/wp\/v2\/media?parent=141727"}],"wp:term":[{"taxonomy":"category","embeddable":true,"href":"https:\/\/www.europesays.com\/fi\/wp-json\/wp\/v2\/categories?post=141727"},{"taxonomy":"post_tag","embeddable":true,"href":"https:\/\/www.europesays.com\/fi\/wp-json\/wp\/v2\/tags?post=141727"}],"curies":[{"name":"wp","href":"https:\/\/api.w.org\/{rel}","templated":true}]}}