{"id":141736,"date":"2026-01-14T04:17:08","date_gmt":"2026-01-14T04:17:08","guid":{"rendered":"https:\/\/www.europesays.com\/fi\/141736\/"},"modified":"2026-01-14T04:17:08","modified_gmt":"2026-01-14T04:17:08","slug":"nyt-suoratoistona-elokuva-mielen-hauraudesta-ja-muistin-pettamisesta-kirjoitettu-ja-naytelty-erinomaisesti","status":"publish","type":"post","link":"https:\/\/www.europesays.com\/fi\/141736\/","title":{"rendered":"Nyt suoratoistona: Elokuva mielen hauraudesta ja muistin pett\u00e4misest\u00e4 &#8211; &#8221;kirjoitettu ja n\u00e4ytelty erinomaisesti&#8221;"},"content":{"rendered":"<p>HBO Maxin valikoimassa on nyt elokuva Memory (2023). Se on my\u00f6s suoratoistopalvelu Cineastissa.<\/p>\n<p>Sosiaality\u00f6ntekij\u00e4 Sylvia tasapainoilee yksinhuoltaja-arjen ja menneisyyden varjojen keskell\u00e4. H\u00e4nen el\u00e4m\u00e4\u00e4ns\u00e4 rytmitt\u00e4v\u00e4t AA-kokoukset sek\u00e4 s\u00e4\u00e4nn\u00f6lliset tapaamiset sisarensa kanssa. Huolellisesti rakennettu arki j\u00e4rkkyy, kun luokkakokouksessa tapahtuva odottamaton kohtaaminen avaa portit kauan tukahdutettuihin muistoihin.<\/p>\n<p>Memory on koskettava draama mielen hauraudesta ja muistojen voimasta. Sylvian lapsuuden traumat ja perheen vaietut salaisuudet eiv\u00e4t ole kadonneet ajan my\u00f6t\u00e4, vaan painavat yh\u00e4 raskaana h\u00e4nen nykyel\u00e4m\u00e4\u00e4ns\u00e4. Tarinan toinen keskeinen hahmo, Saul, kamppailee puolestaan muistin katoamisen kanssa, kun etenev\u00e4 muistinmenetys uhkaa pyyhki\u00e4 h\u00e4nen eletyn el\u00e4m\u00e4ns\u00e4 j\u00e4ljet.<\/p>\n<p>Elokuvan on k\u00e4sikirjoittanut ja ohjannut <strong>Michel Franco<\/strong>. N\u00e4yttelij\u00f6in\u00e4 <strong>Jessica Chastain, Peter Sarsgaard, Merritt Wever, Brooke Timber, Elsie Fisher, Josh Charles <\/strong>ja <strong>Jessica Harper<\/strong>.<\/p>\n<p>Lue my\u00f6s: <a href=\"https:\/\/www.episodi.fi\/uutiset\/nyt-viaplayssa-tosipohjainen-leffa-kauhistuttavasta-terrori-iskusta-osa-tapauksen-kokeneista-esittaa-itseaan\/\" title=\"Nyt suoratoistona: Tosipohjainen leffa kauhistuttavasta terrori-iskusta \u2013 osa tapauksen kokeneista esitt\u00e4\u00e4 itse\u00e4\u00e4n\" class=\"underline-custom !font-montserrat !font-bold !underline-offset-4 !decoration-4 !decoration-episodi-blue !text-md\" rel=\"nofollow noopener\" target=\"_blank\">Nyt suoratoistona: Tosipohjainen leffa kauhistuttavasta terrori-iskusta \u2013 osa tapauksen kokeneista esitt\u00e4\u00e4 itse\u00e4\u00e4n<\/a><\/p>\n<p>Episodi antoi elokuvalle <a href=\"https:\/\/www.episodi.fi\/elokuvat\/memory-2\/\" target=\"_blank\" rel=\"noreferrer noopener nofollow\">arvostelussa<\/a> nelj\u00e4 t\u00e4hte\u00e4:<\/p>\n<p>\u201dFranco pohtii muistin toimintaa humaanisti. Ovatko kaikki muistij\u00e4ljet tosia? Miten mieli rappeutuu? Hahmot on kirjoitettu ja n\u00e4ytelty erinomaisesti. Ne ovat kuin aitoja ihmisi\u00e4, joilla on omat oikkunsa, puutteensa ja rosonsa.\u201d<\/p>\n<p>Elokuvan kriitikkomittari on luvussa 85. Alla traileri.<\/p>\n<p>Lue my\u00f6s: <a href=\"https:\/\/www.episodi.fi\/uutiset\/listasimme-10-parasta-elokuvaa-vuodelta-2025-onko-suosikkisi-mukana\/\" title=\"Listasimme 10 parasta elokuvaa vuodelta 2025 \u2013\u00a0Onko suosikkisi mukana?\" class=\"underline-custom !font-montserrat !font-bold !underline-offset-4 !decoration-4 !decoration-episodi-blue !text-md\" rel=\"nofollow noopener\" target=\"_blank\">Listasimme 10 parasta elokuvaa vuodelta 2025 \u2013\u00a0Onko suosikkisi mukana?<\/a><\/p>\n<p>Lue my\u00f6s: <a href=\"https:\/\/www.episodi.fi\/uutiset\/nyt-hbo-maxissa-gizmo-on-palannut-suloisen-riivion-oma-sarja-jatkuu-vihdoin-kakkoskauden-jaksoin\/\" title=\"Nyt HBO Maxissa: Gizmo on palannut! Suloisen riivi\u00f6n oma sarja jatkuu vihdoin kakkoskauden jaksoin\" class=\"underline-custom !font-montserrat !font-bold !underline-offset-4 !decoration-4 !decoration-episodi-blue !text-md\" rel=\"nofollow noopener\" target=\"_blank\">Nyt HBO Maxissa: Gizmo on palannut! Suloisen riivi\u00f6n oma sarja jatkuu vihdoin kakkoskauden jaksoin<\/a><\/p>\n<p>Lue my\u00f6s: <a href=\"https:\/\/www.episodi.fi\/?post_type=uutiset&amp;p=251489\" title=\"Netflixist\u00e4 poistuu Clint Eastwoodin erinomainen toimintatrilleri \u2013 Rotten Tomatoes -luku 96!\" class=\"underline-custom !font-montserrat !font-bold !underline-offset-4 !decoration-4 !decoration-episodi-blue !text-md\" rel=\"nofollow noopener\" target=\"_blank\">Netflixist\u00e4 poistuu Clint Eastwoodin erinomainen toimintatrilleri \u2013 Rotten Tomatoes -luku 96!<\/a><\/p>\n<p><img loading=\"lazy\" decoding=\"async\" alt=\"YouTube video\" width=\"480\" height=\"360\" data-pin-nopin=\"true\" nopin=\"nopin\" class=\"perfmatters-lazy\" src=\"https:\/\/www.europesays.com\/fi\/wp-content\/uploads\/2026\/01\/1768364228_795_hqdefault.jpg\"\/><\/p>\n<p>Lue my\u00f6s: <a href=\"https:\/\/www.episodi.fi\/uutiskirje\/?uutiskirjemainos=tekstilinkkimainos\" title=\"Tilaa Episodin uutiskirje ja voit voittaa leffalippuja! Nappaa tv-vinkit suoraan s\u00e4hk\u00f6postiin t\u00e4st\u00e4.\" class=\"underline-custom !font-montserrat !font-bold !underline-offset-4 !decoration-4 !decoration-episodi-blue !text-md\" rel=\"nofollow noopener\" target=\"_blank\">Tilaa Episodin uutiskirje ja voit voittaa leffalippuja! Nappaa katseluvinkit suoraan s\u00e4hk\u00f6postiin t\u00e4st\u00e4.<\/a><\/p>\n","protected":false},"excerpt":{"rendered":"HBO Maxin valikoimassa on nyt elokuva Memory (2023). Se on my\u00f6s suoratoistopalvelu Cineastissa. Sosiaality\u00f6ntekij\u00e4 Sylvia tasapainoilee yksinhuoltaja-arjen ja&hellip;\n","protected":false},"author":2,"featured_media":141737,"comment_status":"","ping_status":"","sticky":false,"template":"","format":"standard","meta":{"footnotes":""},"categories":[131],"tags":[155,137,33,173,31,30,280,172,32,109],"class_list":{"0":"post-141736","1":"post","2":"type-post","3":"status-publish","4":"format-standard","5":"has-post-thumbnail","7":"category-elokuvat","8":"tag-elokuvat","9":"tag-entertainment","10":"tag-fi","11":"tag-film","12":"tag-finland","13":"tag-finnish","14":"tag-hbo-max","15":"tag-movies","16":"tag-suomi","17":"tag-viihde"},"share_on_mastodon":{"url":"https:\/\/pubeurope.com\/@fi\/115891525589035789","error":""},"_links":{"self":[{"href":"https:\/\/www.europesays.com\/fi\/wp-json\/wp\/v2\/posts\/141736","targetHints":{"allow":["GET"]}}],"collection":[{"href":"https:\/\/www.europesays.com\/fi\/wp-json\/wp\/v2\/posts"}],"about":[{"href":"https:\/\/www.europesays.com\/fi\/wp-json\/wp\/v2\/types\/post"}],"author":[{"embeddable":true,"href":"https:\/\/www.europesays.com\/fi\/wp-json\/wp\/v2\/users\/2"}],"replies":[{"embeddable":true,"href":"https:\/\/www.europesays.com\/fi\/wp-json\/wp\/v2\/comments?post=141736"}],"version-history":[{"count":0,"href":"https:\/\/www.europesays.com\/fi\/wp-json\/wp\/v2\/posts\/141736\/revisions"}],"wp:featuredmedia":[{"embeddable":true,"href":"https:\/\/www.europesays.com\/fi\/wp-json\/wp\/v2\/media\/141737"}],"wp:attachment":[{"href":"https:\/\/www.europesays.com\/fi\/wp-json\/wp\/v2\/media?parent=141736"}],"wp:term":[{"taxonomy":"category","embeddable":true,"href":"https:\/\/www.europesays.com\/fi\/wp-json\/wp\/v2\/categories?post=141736"},{"taxonomy":"post_tag","embeddable":true,"href":"https:\/\/www.europesays.com\/fi\/wp-json\/wp\/v2\/tags?post=141736"}],"curies":[{"name":"wp","href":"https:\/\/api.w.org\/{rel}","templated":true}]}}