{"id":141738,"date":"2026-01-14T04:19:09","date_gmt":"2026-01-14T04:19:09","guid":{"rendered":"https:\/\/www.europesays.com\/fi\/141738\/"},"modified":"2026-01-14T04:19:09","modified_gmt":"2026-01-14T04:19:09","slug":"tommi-makinen-ei-ajakaan-mikkelin-sm-rallissa","status":"publish","type":"post","link":"https:\/\/www.europesays.com\/fi\/141738\/","title":{"rendered":"Tommi M\u00e4kinen ei ajakaan Mikkelin SM-rallissa"},"content":{"rendered":"<p><strong class=\"typography-bold\">Tommi M\u00e4kinen ei ajakaan Mikkelin SM-rallissa.<\/strong><\/p>\n<p>Kuljettajan urallaan nelj\u00e4 maailmanmestaruutta voittaneen Tommi M\u00e4kisen tarkoituksena oli ajaa Toyota Yaris WRC:ll\u00e4 nolla-autoa SM-rallikauden avauksessa Mikkeliss\u00e4. Suunnitelmat ovat kuitenkin menneet uusiksi.<\/p>\n<p>\u2013 Auto ei ollutkaan siin\u00e4 kunnossa, ett\u00e4 olisin voinut l\u00e4hte\u00e4 ajamaan. Jousitus piti l\u00e4hett\u00e4\u00e4 Ranskaan huoltoon, enk\u00e4 olisi ehtinyt testata autoa uudella jousituksella, M\u00e4kinen sanoo tiedotteessa.<\/p>\n<p>SM-kauden alkamisen kerrotaan p\u00e4\u00e4sseen yll\u00e4tt\u00e4m\u00e4\u00e4n &#8221;ralliel\u00e4kel\u00e4isen&#8221;.<\/p>\n<p>\u2013 Aikataulun suhteen oli omaa huolimattomuutta, ett\u00e4 en ehtinyt hoitaa kaikkea kuntoon. T\u00e4m\u00e4 on todella harmillinen homma.<\/p>\n<p>Mikkelin SM-ralli kaasutellaan tulevana viikonloppuna. Nolla-autot tarkistavat rallissa erikoiskokeet ennen kuin kilpailijat l\u00e4htev\u00e4t liikkeelle.<\/p>\n<p>T\u00e4htiloistoa Mikkeliss\u00e4 on tarjoamassa muun muassa Skodaa ohjastava viimevuotinen Suomen mestari, MM-ralleista aiemmilta vuosilta tuttu <strong class=\"typography-bold\">Esapekka Lappi<\/strong>.<\/p>\n","protected":false},"excerpt":{"rendered":"Tommi M\u00e4kinen ei ajakaan Mikkelin SM-rallissa. Kuljettajan urallaan nelj\u00e4 maailmanmestaruutta voittaneen Tommi M\u00e4kisen tarkoituksena oli ajaa Toyota Yaris&hellip;\n","protected":false},"author":2,"featured_media":141739,"comment_status":"","ping_status":"","sticky":false,"template":"","format":"standard","meta":{"footnotes":""},"categories":[158],"tags":[33,31,30,159,32,160],"class_list":{"0":"post-141738","1":"post","2":"type-post","3":"status-publish","4":"format-standard","5":"has-post-thumbnail","7":"category-urheilu","8":"tag-fi","9":"tag-finland","10":"tag-finnish","11":"tag-sports","12":"tag-suomi","13":"tag-urheilu"},"share_on_mastodon":{"url":"https:\/\/pubeurope.com\/@fi\/115891533529526494","error":""},"_links":{"self":[{"href":"https:\/\/www.europesays.com\/fi\/wp-json\/wp\/v2\/posts\/141738","targetHints":{"allow":["GET"]}}],"collection":[{"href":"https:\/\/www.europesays.com\/fi\/wp-json\/wp\/v2\/posts"}],"about":[{"href":"https:\/\/www.europesays.com\/fi\/wp-json\/wp\/v2\/types\/post"}],"author":[{"embeddable":true,"href":"https:\/\/www.europesays.com\/fi\/wp-json\/wp\/v2\/users\/2"}],"replies":[{"embeddable":true,"href":"https:\/\/www.europesays.com\/fi\/wp-json\/wp\/v2\/comments?post=141738"}],"version-history":[{"count":0,"href":"https:\/\/www.europesays.com\/fi\/wp-json\/wp\/v2\/posts\/141738\/revisions"}],"wp:featuredmedia":[{"embeddable":true,"href":"https:\/\/www.europesays.com\/fi\/wp-json\/wp\/v2\/media\/141739"}],"wp:attachment":[{"href":"https:\/\/www.europesays.com\/fi\/wp-json\/wp\/v2\/media?parent=141738"}],"wp:term":[{"taxonomy":"category","embeddable":true,"href":"https:\/\/www.europesays.com\/fi\/wp-json\/wp\/v2\/categories?post=141738"},{"taxonomy":"post_tag","embeddable":true,"href":"https:\/\/www.europesays.com\/fi\/wp-json\/wp\/v2\/tags?post=141738"}],"curies":[{"name":"wp","href":"https:\/\/api.w.org\/{rel}","templated":true}]}}