{"id":141740,"date":"2026-01-14T04:20:08","date_gmt":"2026-01-14T04:20:08","guid":{"rendered":"https:\/\/www.europesays.com\/fi\/141740\/"},"modified":"2026-01-14T04:20:08","modified_gmt":"2026-01-14T04:20:08","slug":"60-tayttava-marko-hietala-koki-nightwishista-lahdon-jalkeen-mullistuksen-masennuksensa-hoidossa-ts-fi","status":"publish","type":"post","link":"https:\/\/www.europesays.com\/fi\/141740\/","title":{"rendered":"60 t\u00e4ytt\u00e4v\u00e4 Marko Hietala koki Nightwishista l\u00e4hd\u00f6n j\u00e4lkeen mullistuksen masennuksensa hoidossa &#8211; ts.fi"},"content":{"rendered":"<ol>\n<li><a href=\"https:\/\/news.google.com\/rss\/articles\/CBMiS0FVX3lxTE1zMU5Va09XWTc0aEFJdkprNmdia0F5TVZTekMwR2xuZDZMWHhxSUxFbzBoRW9FNFRVT2g2VDBpcjREV19zdlNRUmRDcw?oc=5\" target=\"_blank\" rel=\"nofollow noopener\">60 t\u00e4ytt\u00e4v\u00e4 Marko Hietala koki Nightwishista l\u00e4hd\u00f6n j\u00e4lkeen mullistuksen masennuksensa hoidossa<\/a>&nbsp;&nbsp;ts.fi<\/li>\n<li><a href=\"https:\/\/news.google.com\/rss\/articles\/CBMiX0FVX3lxTE9qcUYzNzJtVHQ2dG0zRzdvRm93cXZOaGhUVXJWc3ZtTHRrTl9zREZldDFDTUl0MkZIRFV1bHd6MXp1SHlPRVNuMkl5aHJ1OFdGbk05OXhCbzAyVnkwbUdN?oc=5\" target=\"_blank\" rel=\"nofollow noopener\">\u201dPerkeleen ahdistus ja masennus\u201d oli ly\u00f6d\u00e4 Marko Hietalan kanveesiin<\/a>&nbsp;&nbsp;HS.fi<\/li>\n<li><a href=\"https:\/\/news.google.com\/rss\/articles\/CBMiW0FVX3lxTE82SXlxblN0c1FPcXhWdGRMNTZ1RXBuYS1yNnFkNk9DZ1lMVUZLRUZlV2RVWm5LN01zQ2JFekU0T1NWUTJCMThwMEZwSndvSkFjOWV6eVFJQ01KNEE?oc=5\" target=\"_blank\" rel=\"nofollow noopener\">Erikoishaastattelu | Ikivilli Marko Hietala sy\u00f6ksi sukulaisen shokkiin karvoillaan kirkossa \u2013 Rakkausasteikon k\u00e4rjess\u00e4 on nyt jotain ihan muuta<\/a>&nbsp;&nbsp;Savon Sanomat<\/li>\n<li><a href=\"https:\/\/news.google.com\/rss\/articles\/CBMiUEFVX3lxTE5sUzBfaWRSdjk5dHJnSlJ0cWtrSndGVWVOWl9DRmNBQWhKMlA4a0kzc0szU2drTm00dF9faFhWbzdFcElJQTNWTWhJMHh5VHZL?oc=5\" target=\"_blank\" rel=\"nofollow noopener\">Ikivilli Marko Hietala pisti karvoillaan sukulaisen shokkitilaan juhlissa \u2013 nyky\u00e4\u00e4n rakkausasteikon k\u00e4rjess\u00e4 on ihan jotain muuta kuin tukka<\/a>&nbsp;&nbsp;Keskisuomalainen<\/li>\n<\/ol>\n","protected":false},"excerpt":{"rendered":"60 t\u00e4ytt\u00e4v\u00e4 Marko Hietala koki Nightwishista l\u00e4hd\u00f6n j\u00e4lkeen mullistuksen masennuksensa hoidossa&nbsp;&nbsp;ts.fi \u201dPerkeleen ahdistus ja masennus\u201d oli ly\u00f6d\u00e4 Marko&hellip;\n","protected":false},"author":2,"featured_media":141741,"comment_status":"","ping_status":"","sticky":false,"template":"","format":"standard","meta":{"footnotes":""},"categories":[130],"tags":[137,33,31,30,32,109],"class_list":{"0":"post-141740","1":"post","2":"type-post","3":"status-publish","4":"format-standard","5":"has-post-thumbnail","7":"category-viihde","8":"tag-entertainment","9":"tag-fi","10":"tag-finland","11":"tag-finnish","12":"tag-suomi","13":"tag-viihde"},"share_on_mastodon":{"url":"https:\/\/pubeurope.com\/@fi\/115891537342823565","error":""},"_links":{"self":[{"href":"https:\/\/www.europesays.com\/fi\/wp-json\/wp\/v2\/posts\/141740","targetHints":{"allow":["GET"]}}],"collection":[{"href":"https:\/\/www.europesays.com\/fi\/wp-json\/wp\/v2\/posts"}],"about":[{"href":"https:\/\/www.europesays.com\/fi\/wp-json\/wp\/v2\/types\/post"}],"author":[{"embeddable":true,"href":"https:\/\/www.europesays.com\/fi\/wp-json\/wp\/v2\/users\/2"}],"replies":[{"embeddable":true,"href":"https:\/\/www.europesays.com\/fi\/wp-json\/wp\/v2\/comments?post=141740"}],"version-history":[{"count":0,"href":"https:\/\/www.europesays.com\/fi\/wp-json\/wp\/v2\/posts\/141740\/revisions"}],"wp:featuredmedia":[{"embeddable":true,"href":"https:\/\/www.europesays.com\/fi\/wp-json\/wp\/v2\/media\/141741"}],"wp:attachment":[{"href":"https:\/\/www.europesays.com\/fi\/wp-json\/wp\/v2\/media?parent=141740"}],"wp:term":[{"taxonomy":"category","embeddable":true,"href":"https:\/\/www.europesays.com\/fi\/wp-json\/wp\/v2\/categories?post=141740"},{"taxonomy":"post_tag","embeddable":true,"href":"https:\/\/www.europesays.com\/fi\/wp-json\/wp\/v2\/tags?post=141740"}],"curies":[{"name":"wp","href":"https:\/\/api.w.org\/{rel}","templated":true}]}}