{"id":141742,"date":"2026-01-14T04:23:18","date_gmt":"2026-01-14T04:23:18","guid":{"rendered":"https:\/\/www.europesays.com\/fi\/141742\/"},"modified":"2026-01-14T04:23:18","modified_gmt":"2026-01-14T04:23:18","slug":"yhdysvaltain-inflaatio-takaisin-sorvin-aareen","status":"publish","type":"post","link":"https:\/\/www.europesays.com\/fi\/141742\/","title":{"rendered":"Yhdysvaltain inflaatio: Takaisin sorvin \u00e4\u00e4reen"},"content":{"rendered":"<p class=\"MsoNormal\">Yhdysvaltain inflaatioluvuissa palattiin j\u00e4lleen tavalliseen p\u00e4iv\u00e4j\u00e4rjestykseen hallinnon sulun j\u00e4lkeen, ja joulukuun luvut olivat osin odotettua alemmat. Koronlaskua Fedin seuraavassa kokouksessa luvut kuitenkaan tuskin saavat aikaan.<\/p>\n<p>USA:n inflaatio, %<\/p>\n<p><img decoding=\"async\" alt=\"Us Inflaatio\" src=\"https:\/\/www.europesays.com\/fi\/wp-content\/uploads\/2026\/01\/b17dd660-f7d2-437a-b03f-1d91550f5866.PNG\"\/><\/p>\n<p>L\u00e4hde: LSEG<\/p>\n<p class=\"MsoNormal\">Yhdysvaltain inflaatioluvut olivat hieman konsensusodotuksia alempia etenkin pohjahintojen kehityksen osalta. Kuluttajahintojen nousu joulukuussa oli 2,7 % vuoden takaisesta ja pohjahintojen osalta 2,6 %, eli pitk\u00e4lti edellisen kuukauden tasoilla. Asumisen hinnat olivat 0,4 %:n nousullaan t\u00e4ll\u00e4kin kertaa inflaatiota nostava tekij\u00e4, joskin kuukausitason tarkastelu on hieman vaarallista, sill\u00e4 hintoja jouduttiin marraskuun inflaatioluvuissa arvioimaan (mm. vuokrat) liittovaltion hallinnon sulun takia. Yleisesti n\u00e4ytt\u00e4\u00e4 silt\u00e4, ett\u00e4 inflaatio taipuu kohti markkinan t\u00e4m\u00e4n vuoden konsensusennusteita. My\u00f6s Michigan-luottamusindeksin yhteydess\u00e4 julkaistavat kuluttajien inflaatio-odotukset ovat tulleet alas huipuiltaan.<\/p>\n<p>Bloombergin konsensusennuste USA:n inflaatiolle, %<\/p>\n<p><img decoding=\"async\" alt=\"Bloombergin Konsensusennuste Usan Inflaatiolle %\" src=\"https:\/\/www.europesays.com\/fi\/wp-content\/uploads\/2026\/01\/1d5b5d23-1613-4aa7-98fb-554824f04e8d.PNG\"\/><\/p>\n<p>L\u00e4hde: Bloomberg<\/p>\n<p>US: Kuluttajien inflaatio-odotukset 5 vuoden p\u00e4\u00e4h\u00e4n<\/p>\n<p><img decoding=\"async\" alt=\"Us Kuluttajien Inflaatio Odotukset 5 Vuoden P\u00e4\u00e4h\u00e4n\" src=\"https:\/\/www.europesays.com\/fi\/wp-content\/uploads\/2026\/01\/05c0e066-448a-473a-91a8-26b34089bc27.PNG\"\/><\/p>\n<p>L\u00e4hde: LSEG<\/p>\n<p class=\"MsoNormal\">Tiistain lukemat eiv\u00e4t antaneet yht\u00e4k\u00e4\u00e4n syyt\u00e4 olettaa, ett\u00e4 Federal Reserve laskisi ohjauskorkoaan ensi kokouksessa tai l\u00e4hiaikoina. Valkoisen talon hy\u00f6kk\u00e4ys p\u00e4\u00e4johtaja Powellia kohtaan rikossyytteen muodossa aiheuttanee sen, ett\u00e4 Powellin kynnys laskea korkoja \u201dennakoivasti\u201d ilman selv\u00e4\u00e4 taloudellista aihetta on korkea ennen h\u00e4nen virkakautensa p\u00e4\u00e4ttymist\u00e4 toukokuussa.<\/p>\n","protected":false},"excerpt":{"rendered":"Yhdysvaltain inflaatioluvuissa palattiin j\u00e4lleen tavalliseen p\u00e4iv\u00e4j\u00e4rjestykseen hallinnon sulun j\u00e4lkeen, ja joulukuun luvut olivat osin odotettua alemmat. Koronlaskua Fedin&hellip;\n","protected":false},"author":2,"featured_media":141743,"comment_status":"","ping_status":"","sticky":false,"template":"","format":"standard","meta":{"footnotes":""},"categories":[76],"tags":[79,77,33,31,30,32,78],"class_list":{"0":"post-141742","1":"post","2":"type-post","3":"status-publish","4":"format-standard","5":"has-post-thumbnail","7":"category-talous","8":"tag-business","9":"tag-economy","10":"tag-fi","11":"tag-finland","12":"tag-finnish","13":"tag-suomi","14":"tag-talous"},"share_on_mastodon":{"url":"https:\/\/pubeurope.com\/@fi\/115891549254794709","error":""},"_links":{"self":[{"href":"https:\/\/www.europesays.com\/fi\/wp-json\/wp\/v2\/posts\/141742","targetHints":{"allow":["GET"]}}],"collection":[{"href":"https:\/\/www.europesays.com\/fi\/wp-json\/wp\/v2\/posts"}],"about":[{"href":"https:\/\/www.europesays.com\/fi\/wp-json\/wp\/v2\/types\/post"}],"author":[{"embeddable":true,"href":"https:\/\/www.europesays.com\/fi\/wp-json\/wp\/v2\/users\/2"}],"replies":[{"embeddable":true,"href":"https:\/\/www.europesays.com\/fi\/wp-json\/wp\/v2\/comments?post=141742"}],"version-history":[{"count":0,"href":"https:\/\/www.europesays.com\/fi\/wp-json\/wp\/v2\/posts\/141742\/revisions"}],"wp:featuredmedia":[{"embeddable":true,"href":"https:\/\/www.europesays.com\/fi\/wp-json\/wp\/v2\/media\/141743"}],"wp:attachment":[{"href":"https:\/\/www.europesays.com\/fi\/wp-json\/wp\/v2\/media?parent=141742"}],"wp:term":[{"taxonomy":"category","embeddable":true,"href":"https:\/\/www.europesays.com\/fi\/wp-json\/wp\/v2\/categories?post=141742"},{"taxonomy":"post_tag","embeddable":true,"href":"https:\/\/www.europesays.com\/fi\/wp-json\/wp\/v2\/tags?post=141742"}],"curies":[{"name":"wp","href":"https:\/\/api.w.org\/{rel}","templated":true}]}}