{"id":141744,"date":"2026-01-14T04:24:08","date_gmt":"2026-01-14T04:24:08","guid":{"rendered":"https:\/\/www.europesays.com\/fi\/141744\/"},"modified":"2026-01-14T04:24:08","modified_gmt":"2026-01-14T04:24:08","slug":"yhdysvallat-kehottaa-kansalaisiaan-poistumaan-iranista-valittomasti","status":"publish","type":"post","link":"https:\/\/www.europesays.com\/fi\/141744\/","title":{"rendered":"Yhdysvallat kehottaa kansalaisiaan poistumaan Iranista v\u00e4litt\u00f6m\u00e4sti"},"content":{"rendered":"<p>Tiedotteessa suositellaan siirtymist\u00e4 maateitse Turkkiin tai Armeniaan.<\/p>\n<p><img decoding=\"async\" class=\"image image-show image-preview\" src=\"https:\/\/www.europesays.com\/fi\/wp-content\/uploads\/2026\/01\/d4db1c3c7f0cd32706f8eacd07e8aadd9c8ad5effdec658ff919483f59f9ccb3.jpg\" alt=\"\"\/><img decoding=\"async\" class=\"image image-show\" src=\"https:\/\/www.europesays.com\/fi\/wp-content\/uploads\/2026\/01\/1768364648_257_d4db1c3c7f0cd32706f8eacd07e8aadd9c8ad5effdec658ff919483f59f9ccb3.jpg\" alt=\"\"\/><\/p>\n<p>Yhdysvaltoja vastustava graffiti Iranin p\u00e4\u00e4kaupunki Teheranissa. Kuva tammikuulta 2026.  ABEDIN TAHERKENAREH<\/p>\n<p class=\"paragraph\">Yhdysvallat kehottaa kansalaisiaan poistumaan v\u00e4litt\u00f6m\u00e4sti Iranista, kertoo Reuters.<\/p>\n<p class=\"paragraph\">Yhdysvaltain Teheranin virtuaalil\u00e4hetyst\u00f6n tiistaina julkaisemassa tiedotteessa suositellaan siirtymist\u00e4 maateitse Turkkiin tai Armeniaan.<\/p>\n<p class=\"paragraph\">Iranissa on meneill\u00e4\u00e4n suurimmat hallituksen vastaiset mielenosoitukset vuosiin.<\/p>\n<p class=\"paragraph\">Yhdysvalloissa toimivan ihmisoikeusj\u00e4rjest\u00f6 <a href=\"https:\/\/www.en-hrana.org\/day-seventeen-of-irans-protests-continued-internet-shutdown-spike-in-figures-and-intensifying-global-reactions\/\" target=\"_blank\" rel=\"noopener nofollow\">HRANA<\/a> kertoo vahvistaneensa 2,403 mielenosoittajan kuoleman.<\/p>\n<p class=\"paragraph\">J\u00e4rjest\u00f6n mukaan 18,434 ihmist\u00e4 on pid\u00e4tetty. M\u00e4\u00e4r\u00e4 on lis\u00e4\u00e4ntynyt rajusti maanantaista.<\/p>\n<p>Iranissa on meneill\u00e4\u00e4n suurimmat hallituksen vastaiset mielenosoitukset vuosiin.  NEIL HALL<\/p>\n<p>Yhdysvallat uhoaa Iranille<\/p>\n<p class=\"paragraph\">Yhdysvaltain presidentti Donald Trump kommentoi tiistaina Iranin tapahtumia sosiaalisessa mediassa.<\/p>\n<p class=\"paragraph\">Trump rohkaisi mielenosoittajia valtaamaan Iranin instituutiot ja lupasi, ett\u00e4 \u201dapu on tulossa\u201d.<\/p>\n<p class=\"paragraph\">\u2013 Iranilaiset patriootit, jatkakaa mielenosoittamista \u2013 ottakaa instituutionne haltuunne! Ottakaa talteen tappajien ja pahoinpitelij\u00f6iden nimet. He tulevat maksamaan korkean hinnan, Trump puhkuu Truth Social -alustallaan.<\/p>\n<p class=\"paragraph\">Trumpin l\u00e4heisimpiin liittolaisiin kuuluva senaattori <a href=\"https:\/\/www.iltalehti.fi\/henkilot\/Lindsey Graham\" class=\"article-link-person-page\" rel=\"nofollow noopener\" target=\"_blank\">Lindsey Graham<\/a> luonnehtii sosiaalisessa mediassa Irania suurimmaksi uhaksi maailmanj\u00e4rjestykselle.<\/p>\n<p class=\"paragraph\">H\u00e4n uhoaa Yhdysvaltojen p\u00e4\u00e4st\u00e4v\u00e4n Trumpin johdolla \u201dpyh\u00e4n helvetin\u201d valloilleen. Graham lupaa \u201dmassiivista aaltoa\u201d kyberhy\u00f6kk\u00e4yksi\u00e4, sek\u00e4 sotilaallisia ja psykologisia hy\u00f6kk\u00e4yksi\u00e4.<\/p>\n<p class=\"paragraph\"><a href=\"https:\/\/www.theguardian.com\/world\/live\/2026\/jan\/13\/iran-protest-crackdown-regime-crisis-us-donald-trump-tariffs-latest-updates#top-of-blog\" target=\"_blank\" rel=\"noopener nofollow\">The Guardian <\/a>raportoi, ett\u00e4 Iran aikoo teloittaa 26-vuotiaan mielenosoittajan keskiviikkona. Mies pid\u00e4tettiin Karajissa mielenosoituksissa.<\/p>\n<p class=\"paragraph\">Teheranin syytt\u00e4j\u00e4nvirasto on aiemmin ilmoittanut, ett\u00e4 joitakin pid\u00e4tettyj\u00e4 voidaan syytt\u00e4\u00e4 jumalaa vastaan sotimisesta ja ett\u00e4 t\u00e4st\u00e4 voidaan langettaa kuolemantuomio.<\/p>\n<p class=\"paragraph\">Yhdysvaltain presidentti <a href=\"https:\/\/www.iltalehti.fi\/henkilot\/Donald Trump\" class=\"article-link-person-page\" rel=\"nofollow noopener\" target=\"_blank\">Donald Trump<\/a> on uhannut Irania vastatoimilla, mik\u00e4li mielenosoittajia teloitetaan.<\/p>\n<p>Iranin ylin johtaja, ajatollah Ali Khamenei 9. tammikuuta Teheranissa.  Iranian Supreme Leader&#8217;S Office<\/p>\n","protected":false},"excerpt":{"rendered":"Tiedotteessa suositellaan siirtymist\u00e4 maateitse Turkkiin tai Armeniaan. Yhdysvaltoja vastustava graffiti Iranin p\u00e4\u00e4kaupunki Teheranissa. Kuva tammikuulta 2026. ABEDIN TAHERKENAREH&hellip;\n","protected":false},"author":2,"featured_media":141745,"comment_status":"","ping_status":"","sticky":false,"template":"","format":"standard","meta":{"footnotes":""},"categories":[14],"tags":[35,22,23,26,27,33,31,30,17,24,25,28,29,15,18,21,637,144,32,19,20,56,16,59,60,61,143,146,751],"class_list":{"0":"post-141744","1":"post","2":"type-post","3":"status-publish","4":"format-standard","5":"has-post-thumbnail","7":"category-ulkomaat","8":"tag-24h","9":"tag-breaking-news","10":"tag-breakingnews","11":"tag-featured-news","12":"tag-featurednews","13":"tag-fi","14":"tag-finland","15":"tag-finnish","16":"tag-headlines","17":"tag-latest-news","18":"tag-latestnews","19":"tag-main-news","20":"tag-mainnews","21":"tag-news","22":"tag-otsikot","23":"tag-paauutiset","24":"tag-politiikka","25":"tag-presidentti","26":"tag-suomi","27":"tag-top-stories","28":"tag-topstories","29":"tag-ulkomaat","30":"tag-uutiset","31":"tag-world","32":"tag-world-news","33":"tag-worldnews","34":"tag-yhdysvaltain-politiikka","35":"tag-yhdysvaltain-presidentti","36":"tag-yhdysvaltalaiset-poliitikot"},"share_on_mastodon":{"url":"https:\/\/pubeurope.com\/@fi\/115891553116526943","error":""},"_links":{"self":[{"href":"https:\/\/www.europesays.com\/fi\/wp-json\/wp\/v2\/posts\/141744","targetHints":{"allow":["GET"]}}],"collection":[{"href":"https:\/\/www.europesays.com\/fi\/wp-json\/wp\/v2\/posts"}],"about":[{"href":"https:\/\/www.europesays.com\/fi\/wp-json\/wp\/v2\/types\/post"}],"author":[{"embeddable":true,"href":"https:\/\/www.europesays.com\/fi\/wp-json\/wp\/v2\/users\/2"}],"replies":[{"embeddable":true,"href":"https:\/\/www.europesays.com\/fi\/wp-json\/wp\/v2\/comments?post=141744"}],"version-history":[{"count":0,"href":"https:\/\/www.europesays.com\/fi\/wp-json\/wp\/v2\/posts\/141744\/revisions"}],"wp:featuredmedia":[{"embeddable":true,"href":"https:\/\/www.europesays.com\/fi\/wp-json\/wp\/v2\/media\/141745"}],"wp:attachment":[{"href":"https:\/\/www.europesays.com\/fi\/wp-json\/wp\/v2\/media?parent=141744"}],"wp:term":[{"taxonomy":"category","embeddable":true,"href":"https:\/\/www.europesays.com\/fi\/wp-json\/wp\/v2\/categories?post=141744"},{"taxonomy":"post_tag","embeddable":true,"href":"https:\/\/www.europesays.com\/fi\/wp-json\/wp\/v2\/tags?post=141744"}],"curies":[{"name":"wp","href":"https:\/\/api.w.org\/{rel}","templated":true}]}}