{"id":141746,"date":"2026-01-14T04:25:08","date_gmt":"2026-01-14T04:25:08","guid":{"rendered":"https:\/\/www.europesays.com\/fi\/141746\/"},"modified":"2026-01-14T04:25:08","modified_gmt":"2026-01-14T04:25:08","slug":"auran-keskustassa-tulipalo-mtv-uutiset","status":"publish","type":"post","link":"https:\/\/www.europesays.com\/fi\/141746\/","title":{"rendered":"Auran keskustassa tulipalo | MTV Uutiset"},"content":{"rendered":"<p><strong class=\"typography-bold\">H\u00e4lytys tulipalosta tuli tiistai-iltana kello kymmenen j\u00e4lkeen. Pelastuslaitos arvioi alkuy\u00f6st\u00e4, ett\u00e4 sammutusty\u00f6t jatkuvat aamuun saakka.<\/strong><\/p>\n<p>Varsinais-Suomessa Aurassa syttyi tiistaina illalla tuleen suuri kuivurirakennus.<\/p>\n<p>Alueelle annettiin my\u00f6s <a class=\"underline\" data-testid=\"external-link\" href=\"https:\/\/yle.fi\/a\/74-20204120\" rel=\"noopener noreferrer nofollow\" data-sentry-component=\"ExternalLink\" data-sentry-source-file=\"ExternalLink.tsx\" target=\"_blank\">vaaratiedote<\/a> palosta muodostuneen savun vuoksi, mutta keskiviikkona alkuy\u00f6st\u00e4 kello kahden j\u00e4lkeen <a class=\"underline\" data-testid=\"external-link\" href=\"https:\/\/yle.fi\/a\/74-20204124\" rel=\"noopener noreferrer nofollow\" data-sentry-component=\"ExternalLink\" data-sentry-source-file=\"ExternalLink.tsx\" target=\"_blank\">kerrottiin<\/a>, ett\u00e4 vaara on ohi.<\/p>\n<p>Tuleen syttynyt noin 550 neli\u00f6n kokoinen rakennus sijaitsee Auran keskustassa Oikokujalla.\u00a0<\/p>\n<p>Palosta levisi alkujaan savua S\u00e4\u00e4st\u00f6kallion suuntaan, ja alueen asukkaita kehotettiin pysym\u00e4\u00e4n sis\u00e4tiloissa ja sulkemaan ilmanvaihto.<\/p>\n<p>Pelastuslaitos kertoi alkuy\u00f6st\u00e4 puoli yhden aikaan, ett\u00e4 palo on saatu rajattua eik\u00e4 se uhkaa levit\u00e4 muihin rakennuksiin.\u00a0<\/p>\n<p>Tiedotteessa arvioitiin kuitenkin, ett\u00e4 sammutusty\u00f6t jatkuvat aamuun saakka.<\/p>\n<p>Pelastuslaitoksen tietojen mukaan palosta ei ole aiheutunut henkil\u00f6vahinkoja.<\/p>\n<p>H\u00e4lytys tulipalosta tuli tiistai-iltana kello kymmenen j\u00e4lkeen.<\/p>\n<p><strong class=\"typography-bold\">Savua radalle<\/strong><\/p>\n<p>Pelastuslaitos kertoi illalla <a class=\"underline\" data-testid=\"external-link\" href=\"https:\/\/yle.fi\/a\/74-20204119\" rel=\"noopener noreferrer nofollow\" data-sentry-component=\"ExternalLink\" data-sentry-source-file=\"ExternalLink.tsx\" target=\"_blank\">Ylelle<\/a>, ett\u00e4 rakennus sijaitsee Turku\u2013Tampere-junaradan varrella. Palosta levisi ainakin alkuunsa savua radalle p\u00e4in.<\/p>\n<p>VR:n viestinn\u00e4st\u00e4 kerrottiin STT:lle puoleny\u00f6n aikaan, ett\u00e4 tilanteella on ollut vaikutusta yhteen matkustajajunaan, koska radan s\u00e4hk\u00f6t katkaistiin varotoimenpiteen\u00e4.<\/p>\n<p>Tampereelta Turkuun matkalla ollut juna joutui pys\u00e4htym\u00e4\u00e4n noin 40 kilometrin p\u00e4\u00e4h\u00e4n Turusta. Matkustajille j\u00e4rjestettiin linja-autokuljetus Turkuun.<\/p>\n<p>Y\u00f6n aikana kyseisell\u00e4 v\u00e4lill\u00e4 ei kulje muita junia. Seuraavan junan on m\u00e4\u00e4r\u00e4 liikenn\u00f6id\u00e4 rataosuudella ennen aamuseitsem\u00e4\u00e4.<\/p>\n<p>Pelastuslaitoksen mukaan tulipalo aiheutti lis\u00e4ksi liikennehaittaa Turuntielle.<\/p>\n","protected":false},"excerpt":{"rendered":"H\u00e4lytys tulipalosta tuli tiistai-iltana kello kymmenen j\u00e4lkeen. Pelastuslaitos arvioi alkuy\u00f6st\u00e4, ett\u00e4 sammutusty\u00f6t jatkuvat aamuun saakka. Varsinais-Suomessa Aurassa syttyi&hellip;\n","protected":false},"author":2,"featured_media":141747,"comment_status":"","ping_status":"","sticky":false,"template":"","format":"standard","meta":{"footnotes":""},"categories":[12],"tags":[22,23,26,27,33,31,30,17,24,25,28,29,15,18,21,32,19,20,16],"class_list":{"0":"post-141746","1":"post","2":"type-post","3":"status-publish","4":"format-standard","5":"has-post-thumbnail","7":"category-suomi","8":"tag-breaking-news","9":"tag-breakingnews","10":"tag-featured-news","11":"tag-featurednews","12":"tag-fi","13":"tag-finland","14":"tag-finnish","15":"tag-headlines","16":"tag-latest-news","17":"tag-latestnews","18":"tag-main-news","19":"tag-mainnews","20":"tag-news","21":"tag-otsikot","22":"tag-paauutiset","23":"tag-suomi","24":"tag-top-stories","25":"tag-topstories","26":"tag-uutiset"},"share_on_mastodon":{"url":"https:\/\/pubeurope.com\/@fi\/115891557068334306","error":""},"_links":{"self":[{"href":"https:\/\/www.europesays.com\/fi\/wp-json\/wp\/v2\/posts\/141746","targetHints":{"allow":["GET"]}}],"collection":[{"href":"https:\/\/www.europesays.com\/fi\/wp-json\/wp\/v2\/posts"}],"about":[{"href":"https:\/\/www.europesays.com\/fi\/wp-json\/wp\/v2\/types\/post"}],"author":[{"embeddable":true,"href":"https:\/\/www.europesays.com\/fi\/wp-json\/wp\/v2\/users\/2"}],"replies":[{"embeddable":true,"href":"https:\/\/www.europesays.com\/fi\/wp-json\/wp\/v2\/comments?post=141746"}],"version-history":[{"count":0,"href":"https:\/\/www.europesays.com\/fi\/wp-json\/wp\/v2\/posts\/141746\/revisions"}],"wp:featuredmedia":[{"embeddable":true,"href":"https:\/\/www.europesays.com\/fi\/wp-json\/wp\/v2\/media\/141747"}],"wp:attachment":[{"href":"https:\/\/www.europesays.com\/fi\/wp-json\/wp\/v2\/media?parent=141746"}],"wp:term":[{"taxonomy":"category","embeddable":true,"href":"https:\/\/www.europesays.com\/fi\/wp-json\/wp\/v2\/categories?post=141746"},{"taxonomy":"post_tag","embeddable":true,"href":"https:\/\/www.europesays.com\/fi\/wp-json\/wp\/v2\/tags?post=141746"}],"curies":[{"name":"wp","href":"https:\/\/api.w.org\/{rel}","templated":true}]}}