{"id":141752,"date":"2026-01-14T04:41:08","date_gmt":"2026-01-14T04:41:08","guid":{"rendered":"https:\/\/www.europesays.com\/fi\/141752\/"},"modified":"2026-01-14T04:41:08","modified_gmt":"2026-01-14T04:41:08","slug":"salatut-elamat-uudet-nayttelijat-ja-hahmot-esittelyssa","status":"publish","type":"post","link":"https:\/\/www.europesays.com\/fi\/141752\/","title":{"rendered":"Salatut el\u00e4m\u00e4t: Uudet n\u00e4yttelij\u00e4t ja hahmot esittelyss\u00e4"},"content":{"rendered":"<p>\n            Salatut el\u00e4m\u00e4t 26-vuotta.<br \/>\n            Timo Korhonen\n        <\/p>\n<p class=\"subtitle \">Salatut el\u00e4m\u00e4t -sarjaan saapuu pian kolme uutta hahmoa.<\/p>\n<p class=\"article-content article-content-width !bg-background\">Salatut el\u00e4m\u00e4t -sarjassa aloittaa kolme uutta n\u00e4yttelij\u00e4\u00e4.<\/p>\n<p class=\"font-weight-bold m-font-weight-bold article-content article-content-width !bg-background\">Video: Johanna Puhakka kertoo perhearjestaan omakotitalossa.<\/p>\n<p class=\"article-content article-content-width !bg-background\">Alissa Nikkisen () yst\u00e4v\u00e4 Jenna Haarla n\u00e4hd\u00e4\u00e4n televisiossa ensimm\u00e4ist\u00e4 kertaa 19. tammikuuta. Jennaa n\u00e4yttelee .<\/p>\n<p class=\"article-content article-content-width !bg-background\">Eveline on Helsingist\u00e4 kotoisin oleva n\u00e4yttelij\u00e4, joka on jo pienest\u00e4 pit\u00e4en nauttinut esiintymisest\u00e4. Kolmivuotiaana luistelun aloittanut Eveline siirtyi viisivuotiaana muodostelmaluisteluun, jonka parissa h\u00e4n loi uran huippu-urheilijana sek\u00e4 toimi lopulta maajoukkueen kapteenina.<\/p>\n<p>                <img decoding=\"async\" src=\"https:\/\/www.europesays.com\/fi\/wp-content\/uploads\/2026\/01\/2044786.webp.jpeg\" width=\"576\" height=\"274\" alt=\"Viulua soittaneen Evelinen musiikillinen painopiste siirtyi aikuisi\u00e4ll\u00e4 lauluun.\" loading=\"lazy\" \/>            <\/p>\n<p>\n            Viulua soittaneen Evelinen musiikillinen painopiste siirtyi aikuisi\u00e4ll\u00e4 lauluun.<br \/>\n            MTV Oy \/ Kimmo Jaatinen\n        <\/p>\n<p class=\"article-content article-content-width !bg-background\">H\u00e4n opiskeli New Yorkin Academy of Dramatic Artsissa n\u00e4yttelemist\u00e4. Yhdysvalloissa h\u00e4n ty\u00f6skenteli niin n\u00e4ytt\u00e4m\u00f6ll\u00e4 kuin kameran edess\u00e4kin. N\u00e4yttelij\u00e4 haki aikoinaan Salkkareiden Rantabaari-sisarsarjaan.<\/p>\n<p class=\"article-content article-content-width !bg-background\">H\u00e4n kertoo pelk\u00e4\u00e4v\u00e4ns\u00e4 kauhuleffoja, mutta haluaisi joskus n\u00e4ytell\u00e4 sellaisessa.<\/p>\n<p class=\"font-weight-bold m-font-weight-bold article-content article-content-width !bg-background\">Veljekset<\/p>\n<p class=\"article-content article-content-width !bg-background\">21. tammikuuta tv:ss\u00e4 n\u00e4hd\u00e4\u00e4n ensimm\u00e4ist\u00e4 kertaa veljekset Aslan ja Kaspian Nummi. Veljekset k\u00e4yv\u00e4t samaa koulua Salkkarit-nuorison kanssa.<\/p>\n<p class=\"article-content article-content-width !bg-background\">Kaspiania n\u00e4yttelee , joka on helsinkil\u00e4inen n\u00e4yttelij\u00e4 ja yritt\u00e4j\u00e4. Lumo aloitti uransa yhdeks\u00e4nvuotiaana Oronmyllyn kes\u00e4teatterissa. H\u00e4n ilmoittautui ensit\u00f6idens\u00e4 innoittamana roolituspalveluun.<\/p>\n<p>        <a itemprop=\"url\" href=\"https:\/\/www.seiska.fi\/katso\/salatut-elamat-tiesitko-nama-tosielaman-parit\/2040506\" rel=\"nofollow noopener\" target=\"_blank\"><\/p>\n<p>\nSalatut el\u00e4m\u00e4t\n<\/p>\n<p class=\"section-date\">\n        <strong class=\"article-section\" data-section=\"katso\"><br \/>\n            katso<br \/>\n        <\/strong><br \/>\n        11.1. 09:15\n    <\/p>\n<p>Salatut el\u00e4m\u00e4t: Tiesitk\u00f6 n\u00e4m\u00e4 tosiel\u00e4m\u00e4n parit?\n    <\/p>\n<p itemprop=\"description\" class=\"subtitle \">\n    Salatut el\u00e4m\u00e4t -sarjan ja Rantabaari-sisarsarjan kulisseissa romanssit ovat roihuneet.\n<\/p>\n<p>        <\/a><\/p>\n<p>                <img decoding=\"async\" src=\"https:\/\/www.europesays.com\/fi\/wp-content\/uploads\/2026\/01\/2044781.webp.jpeg\" width=\"576\" height=\"274\" alt=\"Lumo on monelle tuttu suomalaisten suosikkisarjoista.\" loading=\"lazy\" \/>            <\/p>\n<p>\n            Lumo on monelle tuttu suomalaisten suosikkisarjoista.<br \/>\n            MTV \/ Kimmo Jaatinen\n        <\/p>\n<p class=\"article-content article-content-width !bg-background\">Lumo on esiintynyt lukuisissa tuotannoissa, kuten Munkkivuoressa, Ivalossa, Risto R\u00e4pp\u00e4\u00e4j\u00e4ss\u00e4, Supermarsussa ja Paratiisissa. H\u00e4n on my\u00f6s esiintynyt Oulun kaupunginteatterissa ja tehnyt useita dubbauksia.<\/p>\n<p class=\"article-content article-content-width !bg-background\">10 vuotta rumpuja soittaneen Lumon perheeseen ja sukuun musiikki kuuluu l\u00e4heisesti. Onpa h\u00e4n laulanut  kanssa Vain el\u00e4m\u00e4\u00e4 -ohjelmassakin.<\/p>\n<p class=\"article-content article-content-width !bg-background\">Lumo on omien sanojensa mukaan hajamielinen.<\/p>\n<p class=\"article-content article-content-width !bg-background\">Aslanin roolissa n\u00e4hd\u00e4\u00e4n juuri ammattikoulusta valmistunut aloitteleva n\u00e4yttelij\u00e4 . H\u00e4n opiskeli liiketoiminnan perustutkinnon, mutta jo alakoului\u00e4st\u00e4 asti veri on vet\u00e4nyt n\u00e4yttelemisen pariin. H\u00e4n ollut mukana er\u00e4\u00e4ss\u00e4 mainoksessa.<\/p>\n<p>        <a itemprop=\"url\" href=\"https:\/\/www.seiska.fi\/katso\/salatut-elamat-juonipaljastukset-hirmuteot-piinaavat-aaroa\/2029004\" rel=\"nofollow noopener\" target=\"_blank\"><\/p>\n<p>\nSalatut el\u00e4m\u00e4t -juonipaljastukset:\n<\/p>\n<p class=\"section-date\">\n        <strong class=\"article-section\" data-section=\"katso\"><br \/>\n            katso<br \/>\n        <\/strong><br \/>\n        8.1. 05:15\n    <\/p>\n<p>Salatut el\u00e4m\u00e4t juonipaljastukset: Hirmuteot piinaavat Aaroa\n    <\/p>\n<p itemprop=\"description\" class=\"subtitle \">\n    Ensi viikon jaksoissa Joanna meinaa turhautua kun kukaan ei palkkaa vankilasta vapautunutta naista. Mutta l\u00f6ytyyh\u00e4n se uusi ty\u00f6.\n<\/p>\n<p>        <\/a><\/p>\n<p>                <img decoding=\"async\" src=\"https:\/\/www.europesays.com\/fi\/wp-content\/uploads\/2026\/01\/2044784.webp.jpeg\" width=\"576\" height=\"274\" alt=\"Pesti Salkkareissa on Eliakselle ensimm\u00e4inen iso rooli.\" loading=\"lazy\" \/>            <\/p>\n<p>\n            Pesti Salkkareissa on Eliakselle ensimm\u00e4inen iso rooli.<br \/>\n            MTV Oy \/ Kimmo Jaatinen\n        <\/p>\n<p class=\"article-content article-content-width !bg-background\">Aslanin rooli on Eliaksen ensimm\u00e4inen isompi rooli. N\u00e4yttelij\u00e4 on tuntenut itsens\u00e4 tervetulleeksi suomalaisten suosikkisarjassa.<\/p>\n<p class=\"article-content article-content-width !bg-background\">Eliaksella on Tuco-niminen m\u00e4yr\u00e4koira. Impulsiivisena luonteena Elias saattaa kutsua kaverin lenkille vaikka keskell\u00e4 y\u00f6t\u00e4.<\/p>\n<p class=\"italic m-italic article-content article-content-width !bg-background\">Salatut el\u00e4m\u00e4t ma-to MTV3:lla ja MTV Katsomossa, seuraavan viikon jaksot perjantaisin MTV Katsomo+ -tilauksella.<\/p>\n<p>        <a itemprop=\"url\" href=\"https:\/\/www.seiska.fi\/katso\/salatut-elamat-kolme-nayttelijaa-ulos-sarjasta\/2034660\" rel=\"nofollow noopener\" target=\"_blank\"><\/p>\n<p>\nSalatut el\u00e4m\u00e4t\n<\/p>\n<p class=\"section-date\">\n        <strong class=\"article-section\" data-section=\"katso\"><br \/>\n            katso<br \/>\n        <\/strong><br \/>\n        5.1. 05:15\n    <\/p>\n<p>Salatut el\u00e4m\u00e4t: Kolme n\u00e4yttelij\u00e4\u00e4 ulos sarjasta!\n    <\/p>\n<p itemprop=\"description\" class=\"subtitle \">\n    Salatut el\u00e4m\u00e4t -p\u00e4ivitt\u00e4issarjan j\u00e4tt\u00e4v\u00e4t n\u00e4yttelij\u00e4t ovat yst\u00e4vyksi\u00e4 entuudestaan.\n<\/p>\n<p>        <\/a><\/p>\n","protected":false},"excerpt":{"rendered":"Salatut el\u00e4m\u00e4t 26-vuotta. Timo Korhonen Salatut el\u00e4m\u00e4t -sarjaan saapuu pian kolme uutta hahmoa. Salatut el\u00e4m\u00e4t -sarjassa aloittaa kolme&hellip;\n","protected":false},"author":2,"featured_media":141753,"comment_status":"","ping_status":"","sticky":false,"template":"","format":"standard","meta":{"footnotes":""},"categories":[133],"tags":[24407,137,24406,33,31,30,13720,24405,905,209,4463,32,206,1318,156,109],"class_list":{"0":"post-141752","1":"post","2":"type-post","3":"status-publish","4":"format-standard","5":"has-post-thumbnail","7":"category-televisiot","8":"tag-elias-onlen","9":"tag-entertainment","10":"tag-eveline-tainio","11":"tag-fi","12":"tag-finland","13":"tag-finnish","14":"tag-johanna-puhakka","15":"tag-lumo-levy","16":"tag-mtv3","17":"tag-salatut-elamat","18":"tag-salkkarit","19":"tag-suomi","20":"tag-televisiot","21":"tag-tv-ohjelma","22":"tag-tv","23":"tag-viihde"},"share_on_mastodon":{"url":"https:\/\/pubeurope.com\/@fi\/115891619971708927","error":""},"_links":{"self":[{"href":"https:\/\/www.europesays.com\/fi\/wp-json\/wp\/v2\/posts\/141752","targetHints":{"allow":["GET"]}}],"collection":[{"href":"https:\/\/www.europesays.com\/fi\/wp-json\/wp\/v2\/posts"}],"about":[{"href":"https:\/\/www.europesays.com\/fi\/wp-json\/wp\/v2\/types\/post"}],"author":[{"embeddable":true,"href":"https:\/\/www.europesays.com\/fi\/wp-json\/wp\/v2\/users\/2"}],"replies":[{"embeddable":true,"href":"https:\/\/www.europesays.com\/fi\/wp-json\/wp\/v2\/comments?post=141752"}],"version-history":[{"count":0,"href":"https:\/\/www.europesays.com\/fi\/wp-json\/wp\/v2\/posts\/141752\/revisions"}],"wp:featuredmedia":[{"embeddable":true,"href":"https:\/\/www.europesays.com\/fi\/wp-json\/wp\/v2\/media\/141753"}],"wp:attachment":[{"href":"https:\/\/www.europesays.com\/fi\/wp-json\/wp\/v2\/media?parent=141752"}],"wp:term":[{"taxonomy":"category","embeddable":true,"href":"https:\/\/www.europesays.com\/fi\/wp-json\/wp\/v2\/categories?post=141752"},{"taxonomy":"post_tag","embeddable":true,"href":"https:\/\/www.europesays.com\/fi\/wp-json\/wp\/v2\/tags?post=141752"}],"curies":[{"name":"wp","href":"https:\/\/api.w.org\/{rel}","templated":true}]}}