{"id":141758,"date":"2026-01-14T04:49:17","date_gmt":"2026-01-14T04:49:17","guid":{"rendered":"https:\/\/www.europesays.com\/fi\/141758\/"},"modified":"2026-01-14T04:49:17","modified_gmt":"2026-01-14T04:49:17","slug":"lentoyhtio-emirates-alkaa-lentaa-helsingin-ja-dubain-valilla-uutisia-lyhyesti","status":"publish","type":"post","link":"https:\/\/www.europesays.com\/fi\/141758\/","title":{"rendered":"Lentoyhti\u00f6 Emirates alkaa lent\u00e4\u00e4 Helsingin ja Dubain v\u00e4lill\u00e4 | Uutisia lyhyesti"},"content":{"rendered":"<p class=\"aw-1gybjub aw-1p7kakr kEtdKx cEmitX yle__article__paragraph\">Arabiemiraattilainen lentoyhti\u00f6 Emirates avaa suoran p\u00e4ivitt\u00e4isen lentoyhteyden Helsingist\u00e4 Dubaihin lokakuussa.<\/p>\n<p class=\"aw-1gybjub aw-1p7kakr kEtdKx cEmitX yle__article__paragraph\">Aikataulut on suunniteltu ajatellen jatkoyhteyksi\u00e4 esimerkiksi Aasiaan, Australiaan ja Uuteen-Seelantiin. Yhti\u00f6n mukaan reitti tarjoaa yhteyksi\u00e4 esimerkiksi Bangkokiin, Tokioon, Pekingiin ja Singaporeen.<\/p>\n<p class=\"aw-1gybjub aw-1p7kakr kEtdKx cEmitX yle__article__paragraph\">Lentoyhti\u00f6n hallituksen varapuheenjohtajan <strong class=\"aw-ak79eh KyCXm yle__article__strong\">Adnan Kazimin<\/strong> mukaan yhti\u00f6 n\u00e4kee mahdollisuuksia houkutella matkustajia, jotka ovat aiemmin valinneet vaihtoehtoisia reittej\u00e4.<\/p>\n<p class=\"aw-1gybjub aw-1p7kakr kEtdKx cEmitX yle__article__paragraph\">Finnair on k\u00e4rsinyt siit\u00e4, ettei se voi lent\u00e4\u00e4 suorinta reitti\u00e4 Aasiaan Ven\u00e4j\u00e4n ylilentokiellon takia.<\/p>\n","protected":false},"excerpt":{"rendered":"Arabiemiraattilainen lentoyhti\u00f6 Emirates avaa suoran p\u00e4ivitt\u00e4isen lentoyhteyden Helsingist\u00e4 Dubaihin lokakuussa. Aikataulut on suunniteltu ajatellen jatkoyhteyksi\u00e4 esimerkiksi Aasiaan, Australiaan&hellip;\n","protected":false},"author":2,"featured_media":141759,"comment_status":"","ping_status":"","sticky":false,"template":"","format":"standard","meta":{"footnotes":""},"categories":[76],"tags":[79,6828,77,24408,33,31,30,71,1224,1161,32,78,56,8708],"class_list":{"0":"post-141758","1":"post","2":"type-post","3":"status-publish","4":"format-standard","5":"has-post-thumbnail","7":"category-talous","8":"tag-business","9":"tag-dubai","10":"tag-economy","11":"tag-emirates","12":"tag-fi","13":"tag-finland","14":"tag-finnish","15":"tag-kotimaa","16":"tag-lentoliikenne","17":"tag-liikenne","18":"tag-suomi","19":"tag-talous","20":"tag-ulkomaat","21":"tag-yhdistyneet-arabiemiirikunnat"},"share_on_mastodon":{"url":"https:\/\/pubeurope.com\/@fi\/115891651613481386","error":""},"_links":{"self":[{"href":"https:\/\/www.europesays.com\/fi\/wp-json\/wp\/v2\/posts\/141758","targetHints":{"allow":["GET"]}}],"collection":[{"href":"https:\/\/www.europesays.com\/fi\/wp-json\/wp\/v2\/posts"}],"about":[{"href":"https:\/\/www.europesays.com\/fi\/wp-json\/wp\/v2\/types\/post"}],"author":[{"embeddable":true,"href":"https:\/\/www.europesays.com\/fi\/wp-json\/wp\/v2\/users\/2"}],"replies":[{"embeddable":true,"href":"https:\/\/www.europesays.com\/fi\/wp-json\/wp\/v2\/comments?post=141758"}],"version-history":[{"count":0,"href":"https:\/\/www.europesays.com\/fi\/wp-json\/wp\/v2\/posts\/141758\/revisions"}],"wp:featuredmedia":[{"embeddable":true,"href":"https:\/\/www.europesays.com\/fi\/wp-json\/wp\/v2\/media\/141759"}],"wp:attachment":[{"href":"https:\/\/www.europesays.com\/fi\/wp-json\/wp\/v2\/media?parent=141758"}],"wp:term":[{"taxonomy":"category","embeddable":true,"href":"https:\/\/www.europesays.com\/fi\/wp-json\/wp\/v2\/categories?post=141758"},{"taxonomy":"post_tag","embeddable":true,"href":"https:\/\/www.europesays.com\/fi\/wp-json\/wp\/v2\/tags?post=141758"}],"curies":[{"name":"wp","href":"https:\/\/api.w.org\/{rel}","templated":true}]}}