{"id":141760,"date":"2026-01-14T04:50:10","date_gmt":"2026-01-14T04:50:10","guid":{"rendered":"https:\/\/www.europesays.com\/fi\/141760\/"},"modified":"2026-01-14T04:50:10","modified_gmt":"2026-01-14T04:50:10","slug":"nain-venaja-lyo-kiilaa-lansimaiden-yhtenaisyyteen","status":"publish","type":"post","link":"https:\/\/www.europesays.com\/fi\/141760\/","title":{"rendered":"N\u00e4in Ven\u00e4j\u00e4 ly\u00f6 kiilaa l\u00e4nsimaiden yhten\u00e4isyyteen"},"content":{"rendered":"<p>Ven\u00e4j\u00e4 on kuin pikkulapsi lautapeliss\u00e4 tai leikiss\u00e4, kuvaa Ven\u00e4j\u00e4-asiantuntija Hanna Smith.<\/p>\n<p>Lue tiivistelm\u00e4<\/p>\n<p class=\"article-body mb-nof-24 px-nof-16 sndp-summary-bullet-point-font\">Ven\u00e4j\u00e4-asiantuntija Hanna Smith sanoo, ett\u00e4 Ven\u00e4j\u00e4 ja presidentti Vladimir Putin ovat onnistuneet hajottamaan l\u00e4nsimaiden yhten\u00e4isyytt\u00e4 muuttamalla jatkuvasti toimintansa luonnetta.<\/p>\n<p class=\"article-body mb-nof-24 px-nof-16 sndp-summary-bullet-point-font\">Ven\u00e4j\u00e4 on k\u00e4ynyt rauhantunnusteluita monella tasolla Yhdysvaltain kanssa ja esitt\u00e4nyt yll\u00e4tt\u00e4vi\u00e4 ehdotuksia, kuten Gr\u00f6nlannin liitt\u00e4mist\u00e4 Ven\u00e4j\u00e4\u00e4n.<\/p>\n<p class=\"article-body mb-nof-24 px-nof-16 sndp-summary-bullet-point-font\">Smith vertaa Ven\u00e4j\u00e4n toimintaa pikkulapseen, joka muuttaa pelis\u00e4\u00e4nt\u00f6j\u00e4 kesken kaiken ja luo ep\u00e4varmuutta l\u00e4nsimaissa.<\/p>\n<p class=\"article-body mb-nof-24 px-nof-16\">Ven\u00e4j\u00e4 on jo kauan pyrkinyt vaikuttamaan l\u00e4nsimaiden v\u00e4lisiin suhteisiin ly\u00f6m\u00e4ll\u00e4 kiilaa l\u00e4nnen yhten\u00e4isyyteen ja h\u00e4mment\u00e4m\u00e4ll\u00e4 pakkaa.<\/p>\n<p class=\"article-body mb-nof-24 px-nof-16\">Miten se sen tekee?<\/p>\n<p class=\"article-body mb-nof-24 px-nof-16\">Lue lis\u00e4\u00e4: <a class=\"underline underline-offset-[0.12em] [text-decoration-thickness:var(--generic-link-underline-thickness)] [text-decoration-color:var(--generic-link-underline-color)] [text-decoration-skip-ink:var(--generic-link-underline-skip-ink)] break-words\" href=\"https:\/\/www.is.fi\/ulkomaat\/art-2000011745639.html\" rel=\"nofollow noopener\" target=\"_blank\">Valkoinen talo julkaisi provosoivan Gr\u00f6nlanti-kuvan \u2013 Trumpin k\u00e4yt\u00f6s kokouksessa puhuttaa edelleen<\/a><\/p>\n<p class=\"article-body mb-nof-24 px-nof-16\">Ven\u00e4j\u00e4-asiantuntija <a class=\"font-bold underline-offset-[0.12em] [text-decoration:var(--person-link-text-decoration)] ![text-decoration-color:var(--person-link-text-decoration-color)]\" href=\"https:\/\/www.is.fi\/haku\/?query=Hanna%20Smith\" rel=\"nofollow noopener\" target=\"_blank\">Hanna Smith<\/a> sanoo, ett\u00e4 Ven\u00e4j\u00e4 ja <a class=\"font-bold underline-offset-[0.12em] [text-decoration:var(--person-link-text-decoration)] ![text-decoration-color:var(--person-link-text-decoration-color)]\" href=\"https:\/\/www.is.fi\/haku\/?query=Vladimir%20Putin\" rel=\"nofollow noopener\" target=\"_blank\">Vladimir Putin<\/a> ovat onnistuneet viime aikoina loistavasti hajottavassa diplomatiassaan.<\/p>\n<p class=\"article-body mb-nof-24 px-nof-16\">Yksi esimerkki oli se, ett\u00e4 Yhdysvaltain presidentti <a class=\"font-bold underline-offset-[0.12em] [text-decoration:var(--person-link-text-decoration)] ![text-decoration-color:var(--person-link-text-decoration-color)]\" href=\"https:\/\/www.is.fi\/haku\/?query=Donald%20Trump\" rel=\"nofollow noopener\" target=\"_blank\">Donald Trump<\/a> oli jo my\u00f6ntym\u00e4ss\u00e4 antamaan Ukrainalle pitk\u00e4n matkan ohjuksia, mutta p\u00e4iv\u00e4\u00e4 ennen <a class=\"font-bold underline-offset-[0.12em] [text-decoration:var(--person-link-text-decoration)] ![text-decoration-color:var(--person-link-text-decoration-color)]\" href=\"https:\/\/www.is.fi\/haku\/?query=Volodymyr%20Zelenskyin\" rel=\"nofollow noopener\" target=\"_blank\">Volodymyr Zelenskyin<\/a> vierailua k\u00e4yty puhelinkeskustelu Putinin kanssa vetikin Trumpin liinat kiinni.<\/p>\n<p class=\"article-body mb-nof-24 px-nof-16\">Lis\u00e4ksi Ven\u00e4j\u00e4 on k\u00e4ynyt rauhantunnusteluista neuvotteluja monella eri tasolla. On neuvoteltu erikoisl\u00e4hettil\u00e4s <a class=\"font-bold underline-offset-[0.12em] [text-decoration:var(--person-link-text-decoration)] ![text-decoration-color:var(--person-link-text-decoration-color)]\" href=\"https:\/\/www.is.fi\/haku\/?query=Steve%20Witkoffin\" rel=\"nofollow noopener\" target=\"_blank\">Steve Witkoffin<\/a> kanssa, on ollut neuvotteluja Trumpin v\u00e4vyn ja liikemiehen <a class=\"font-bold underline-offset-[0.12em] [text-decoration:var(--person-link-text-decoration)] ![text-decoration-color:var(--person-link-text-decoration-color)]\" href=\"https:\/\/www.is.fi\/haku\/?query=Jared%20Kushnerin\" rel=\"nofollow noopener\" target=\"_blank\">Jared Kushnerin<\/a> kanssa ja erikoisl\u00e4hettil\u00e4s <a class=\"font-bold underline-offset-[0.12em] [text-decoration:var(--person-link-text-decoration)] ![text-decoration-color:var(--person-link-text-decoration-color)]\" href=\"https:\/\/www.is.fi\/haku\/?query=Keith%20Kelloggin\" rel=\"nofollow noopener\" target=\"_blank\">Keith Kelloggin <\/a>kanssa.<\/p>\n<p><img decoding=\"async\" src=\"https:\/\/www.europesays.com\/fi\/wp-content\/uploads\/2026\/01\/1768366209_712_468.jpg\" alt=\"Vladimir Putin n\u00e4ytt\u00e4\u00e4 py\u00f6rittelev\u00e4n l\u00e4ntt\u00e4 mennen tullen mielens\u00e4 mukaan.\" class=\"_Img_1rerz_1\" style=\"aspect-ratio:1.6216216216216217\" loading=\"eager\"\/><\/p>\n<p class=\"article-picture-caption\">Vladimir Putin n\u00e4ytt\u00e4\u00e4 py\u00f6rittelev\u00e4n l\u00e4ntt\u00e4 mennen tullen mielens\u00e4 mukaan. Kuva:\u00a0Kreml \/ Zumapress \/ MVPhotos<\/p>\n<p class=\"article-body mb-nof-24 px-nof-16\">Loppujen lopuksi kukaan ei ole pysynyt en\u00e4\u00e4 k\u00e4rryill\u00e4, mist\u00e4 asioista on neuvoteltu kenenkin kanssa, ja yht\u00e4kki\u00e4 marraskuun lopussa p\u00f6yd\u00e4lle ilmestyi maailmaa kohauttanut 28-kohtainen Yhdysvaltain ja Ven\u00e4j\u00e4n rauhansuunnitelma. Ja taas maailma ja l\u00e4nnen pakka olivat sekaisin.<\/p>\n<p class=\"article-body mb-nof-24 px-nof-16\">Tuorein tapaus oli, kun Ven\u00e4j\u00e4n turvallisuusneuvoston varapuheenjohtaja <a class=\"font-bold underline-offset-[0.12em] [text-decoration:var(--person-link-text-decoration)] ![text-decoration-color:var(--person-link-text-decoration-color)]\" href=\"https:\/\/www.is.fi\/haku\/?query=Dmitri%20Medvedev\" rel=\"nofollow noopener\" target=\"_blank\">Dmitri Medvedev<\/a> sanoi uutistoimisto <a class=\"underline underline-offset-[0.12em] [text-decoration-thickness:var(--generic-link-underline-thickness)] [text-decoration-color:var(--generic-link-underline-color)] [text-decoration-skip-ink:var(--generic-link-underline-skip-ink)] break-words\" href=\"https:\/\/ria.ru\/20260112\/ssha-2067482160.html\" rel=\"nofollow noopener\" target=\"_blank\">Ria Novostin <\/a>mukaan, ett\u00e4 gr\u00f6nlantilaiset voisivat \u00e4\u00e4nest\u00e4\u00e4 kansan\u00e4\u00e4nestyksess\u00e4 Gr\u00f6nlannin liittymisest\u00e4 Ven\u00e4j\u00e4\u00e4n.<\/p>\n<p class=\"article-body mb-nof-24 px-nof-16\">Vaikka monet pit\u00e4v\u00e4t Medvedevi\u00e4 aivan sekop\u00e4isen\u00e4 ja h\u00e4nen heittojaan sivuraiteelle joutuneen katkeran miehen m\u00f6l\u00e4ytyksin\u00e4, Smithin mukaan asian voi n\u00e4hd\u00e4 my\u00f6s toisin.<\/p>\n<p><img decoding=\"async\" src=\"https:\/\/www.europesays.com\/fi\/wp-content\/uploads\/2026\/01\/1768366209_685_468.jpg\" alt=\"Dmitri Medvedev antoi taas r\u00e4v\u00e4k\u00e4n kommentin. Harkitsematon m\u00f6l\u00e4ytys vai taitavaa diplomatiaa?\" class=\"_Img_1rerz_1\" style=\"aspect-ratio:1.5\" loading=\"eager\"\/><\/p>\n<p class=\"article-picture-caption\">Dmitri Medvedev antoi taas r\u00e4v\u00e4k\u00e4n kommentin. Harkitsematon m\u00f6l\u00e4ytys vai taitavaa diplomatiaa? Kuva:\u00a0Jekaterina Shtukina \/ Tass \/ Zumapress \/ MVPhotos<\/p>\n<p class=\"article-body mb-nof-24 px-nof-16\">\u2013\u2009Tuohan oli loistava diplomaattinen veto Ven\u00e4j\u00e4lt\u00e4! Vastaukseksi sille, kun Trump on sanonut, ett\u00e4 Yhdysvaltain on ment\u00e4v\u00e4 Gr\u00f6nlantiin, muutoin Ven\u00e4j\u00e4 tai Kiina menee. Useimmat ovat ajatelleet, ett\u00e4 eih\u00e4n nyt Ven\u00e4j\u00e4 ja Kiina Gr\u00f6nlantia havittele, mutta kuka sen voi varmaksi sanoa, ettei heill\u00e4 olisi sellaisia salaisia suunnitelmia?<\/p>\n<p class=\"article-body mb-nof-24 px-nof-16\">\u2013\u2009Jos Ven\u00e4j\u00e4 toistaa viesti\u00e4 tarpeeksi painokkaasti ja ajeluttaa viel\u00e4 vaikka paria sotalaivaa Gr\u00f6nlannin l\u00e4hist\u00f6ll\u00e4, niin Trumpille ei j\u00e4\u00e4 mit\u00e4\u00e4n muuta vaihtoehtoa kuin menn\u00e4 Gr\u00f6nlantiin. Trump on puhunut niin paljon Yhdysvaltain turvallisuudesta, ett\u00e4 siin\u00e4 se sitten olisi \u2013 ja Nato olisi palasina, Smith summaa.<\/p>\n<p class=\"article-body mb-nof-24 px-nof-16\">Ven\u00e4j\u00e4lt\u00e4 on kuulunut muitakin t\u00e4llaisia aivan j\u00e4rjett\u00f6m\u00e4lt\u00e4 kuulostavia ultimaatumeita \u2013 kuten esimerkiksi turvautuminen ydinaseiden k\u00e4ytt\u00f6\u00f6n viimeisen\u00e4 keinona, jos Ven\u00e4j\u00e4 kokee olemassaolonsa uhatuksi.<\/p>\n<p class=\"article-body mb-nof-24 px-nof-16\">\u2013\u2009Koskaan ei saa tuudittautua siihen, ett\u00e4 diplomatia Ven\u00e4j\u00e4n kanssa on valmis. Ven\u00e4j\u00e4 muuttaa aina toimintansa luonnetta ja saattaa lis\u00e4t\u00e4 keskusteluun kokonaan uuden kokonaisuuden, Smith sanoo.<\/p>\n<p><img decoding=\"async\" src=\"https:\/\/www.europesays.com\/fi\/wp-content\/uploads\/2026\/01\/1768366209_558_468.jpg\" alt=\"Ven\u00e4j\u00e4 sanoo iskeneens\u00e4 Ukrainaan keskimatkan ballistisella ohjuksella Oreshnikilla tammikuun alussa. Oreshnik voidaan varustaa my\u00f6s ydink\u00e4rjell\u00e4.\" class=\"_Img_1rerz_1\" style=\"aspect-ratio:1.7777777777777777\" loading=\"eager\"\/><\/p>\n<p class=\"article-picture-caption\">Ven\u00e4j\u00e4 sanoo iskeneens\u00e4 Ukrainaan keskimatkan ballistisella ohjuksella Oreshnikilla tammikuun alussa. Oreshnik voidaan varustaa my\u00f6s ydink\u00e4rjell\u00e4. Kuva:\u00a0Ven\u00e4j\u00e4n puolustusministeri\u00f6 \/ Reuters<\/p>\n<p class=\"article-body mb-nof-24 px-nof-16\">Smith kuvaa osuvasti, ett\u00e4 Ven\u00e4j\u00e4 on kuin pikkulapsi lautapeliss\u00e4 tai leikiss\u00e4: se saattaa silm\u00e4\u00e4 r\u00e4p\u00e4ytt\u00e4m\u00e4tt\u00e4 muuttaa pelis\u00e4\u00e4nt\u00f6j\u00e4 kesken kaiken. Vaikka vanhempi sanoo, etteiv\u00e4t s\u00e4\u00e4nn\u00f6t noin mene, niin lapsi sanoo, ett\u00e4 nyt ne menev\u00e4t.<\/p>\n<p class=\"article-body mb-nof-24 px-nof-16\">\u2013\u2009Peliin tulee lis\u00e4s\u00e4\u00e4nt\u00f6j\u00e4, joita kehitell\u00e4\u00e4n pelin edetess\u00e4, Smith sanoo.<\/p>\n<p class=\"article-body mb-nof-24 px-nof-16\">T\u00e4ll\u00e4 tavoin kukaan ei saa koskaan kiinni siit\u00e4, mit\u00e4 Ven\u00e4j\u00e4 todellisuudessa hamuaa ja aikoo.<\/p>\n<p class=\"article-body mb-nof-24 px-nof-16\">\u2013\u2009Se on t\u00e4llaista \u201dmit\u00e4 jos sittenkin\u201d -ep\u00e4varmuuspeli\u00e4. Kukaan ei voi sanoa satavarmaksi, ettei Ven\u00e4j\u00e4 mene Gr\u00f6nlantiin, ettei se k\u00e4yt\u00e4 ydinaseita tai etteik\u00f6 Ven\u00e4j\u00e4 uhkaisi sotilaallisesti Suomea. Ne kuulostavat j\u00e4rjett\u00f6milt\u00e4 ajatuksilta, mutta ne toimivat ja saavat halutun vaikutuksen.<\/p>\n<p class=\"article-body mb-nof-24 px-nof-16\">\u2013\u2009L\u00e4nness\u00e4 on mietitty, voiko Ven\u00e4j\u00e4 olla niin hullu, ett\u00e4 se k\u00e4ytt\u00e4isi ydinaseita. T\u00e4ytyyk\u00f6 Ven\u00e4j\u00e4\u00e4 lepytell\u00e4? Ent\u00e4 jos Ven\u00e4j\u00e4 tunkeutuisikin Gr\u00f6nlantiin?<\/p>\n<p><img decoding=\"async\" src=\"https:\/\/www.europesays.com\/fi\/wp-content\/uploads\/2026\/01\/1768366209_163_468.jpg\" alt=\"Gr\u00f6nlannin ja Tanskan p\u00e4\u00e4ministerit Jens-Frederik Nielsen (vas.) ja Mette Frederiksen pitiv\u00e4t yhteisen tiedotustilaisuuden K\u00f6\u00f6penhaminassa tiistaina.\" class=\"_Img_1rerz_1\" style=\"aspect-ratio:1.5\" loading=\"eager\"\/><\/p>\n<p class=\"article-picture-caption\">Gr\u00f6nlannin ja Tanskan p\u00e4\u00e4ministerit Jens-Frederik Nielsen (vas.) ja Mette Frederiksen pitiv\u00e4t yhteisen tiedotustilaisuuden K\u00f6\u00f6penhaminassa tiistaina. Kuva:\u00a0Liselotte Sabroe \/ EPA<\/p>\n<p class=\"article-body mb-nof-24 px-nof-16\">Ja juuri t\u00e4m\u00e4 hajottaa l\u00e4ntt\u00e4 kaikista voimakkaimmin. Esimerkiksi Gr\u00f6nlanti-asiassa Nato-liittolaiset Yhdysvallat ja Tanska ovat vastakkain. L\u00e4nsi ei yksinkertaisesti tied\u00e4, mit\u00e4 Ven\u00e4j\u00e4n kanssa pit\u00e4isi tehd\u00e4. Putin vetelee naruista taustalla, ja l\u00e4nsimaiden johtajat s\u00e4tkiv\u00e4t kuka kukin eri suuntaan.<\/p>\n<p class=\"article-body mb-nof-24 px-nof-16\">\u2013\u2009L\u00e4ntisi\u00e4 demokratioita on rakennettu s\u00e4\u00e4nt\u00f6pohjaisen j\u00e4rjestelm\u00e4n varaan. On haluttu rakentaa varmuutta ja stabiliteettia, ja niihin on voitu luottaa. Sitten kun pelikent\u00e4lle tulee toimijoita, jotka tekev\u00e4t asiat niin, ettei heid\u00e4n aikeistaan tied\u00e4, niin se ly\u00f6 kiilaa, Smith kuvaa.<\/p>\n<p class=\"article-body mb-nof-24 px-nof-16\">\u2013\u2009Ven\u00e4j\u00e4 on aina ollut paljon parempi hajottamisessa kuin hallitsemisessa.<\/p>\n<p class=\"article-body mb-nof-24 px-nof-16\">Ven\u00e4j\u00e4n keinoarsenaaliin on kuulunut my\u00f6s hybridivaikuttaminen, mutta Smithin mukaan sill\u00e4 ei ole saatu yht\u00e4 suuria tuloksia aikaan kuin suoralla vaikuttamisella.<\/p>\n<p class=\"article-body mb-nof-24 px-nof-16\">On ollut lentokenttien l\u00e4heisyydess\u00e4 lentoliikennett\u00e4 h\u00e4iritsevi\u00e4 drooneja sek\u00e4 It\u00e4meren pohjassa katkottuja kaapeleita. Monessa niist\u00e4 ep\u00e4ill\u00e4\u00e4n Ven\u00e4j\u00e4\u00e4, mutta pit\u00e4v\u00e4\u00e4 n\u00e4ytt\u00f6\u00e4 ei ole saatu.<\/p>\n<p><img decoding=\"async\" src=\"https:\/\/www.europesays.com\/fi\/wp-content\/uploads\/2026\/01\/1768366209_313_468.jpg\" alt=\"Rahtilaiva Fitburgia ep\u00e4ill\u00e4\u00e4n kaapelirikosta Suomenlahdella uudenvuodenaattona.\" class=\"_Img_1rerz_1\" style=\"aspect-ratio:1.5\" loading=\"eager\"\/><\/p>\n<p class=\"article-picture-caption\">Rahtilaiva Fitburgia ep\u00e4ill\u00e4\u00e4n kaapelirikosta Suomenlahdella uudenvuodenaattona. Kuva:\u00a0Antti H\u00e4m\u00e4l\u00e4inen \/ IS<\/p>\n<p class=\"article-body mb-nof-24 px-nof-16\">\u2013\u2009N\u00e4m\u00e4 eiv\u00e4t yleens\u00e4 ly\u00f6 kiilaa maiden v\u00e4lille, ne voivat p\u00e4invastoin vahvistaa yhten\u00e4isyytt\u00e4. Tietenkin ne vaativat ylim\u00e4\u00e4r\u00e4isi\u00e4 resursseja ja huomion kiinnitt\u00e4mist\u00e4 juuri sinne, miss\u00e4 tapahtuu.<\/p>\n<p class=\"article-body mb-nof-24 px-nof-16\">\u2013\u2009Toki t\u00e4llaiset luovat ep\u00e4varmuutta kohteeksi joutuneessa yhteiskunnassa ja saattavat saada aikaan suoran vastakkainasettelun Ven\u00e4j\u00e4n kanssa, Smith sanoo.<\/p>\n<p class=\"article-body mb-nof-24 px-nof-16\">On my\u00f6s otettu esiin, ett\u00e4 Ven\u00e4j\u00e4 yritt\u00e4\u00e4 hajottaa Euroopan yhten\u00e4isyytt\u00e4 sis\u00e4lt\u00e4p\u00e4in ulottamalla lonkeronsa EU:n p\u00e4\u00e4t\u00f6ksentekoon Ven\u00e4j\u00e4-mielisten j\u00e4senvaltioiden Slovakian ja Unkarin kautta.<\/p>\n<p class=\"article-body mb-nof-24 px-nof-16\">\u2013\u2009Pit\u00e4\u00e4 kuitenkin muistaa, ett\u00e4 kaikki pakotepaketit, kaikkiaan jo 19 kappaletta, on saatu l\u00e4pi. Eli ne narratiivit ovat v\u00e4\u00e4ri\u00e4, ett\u00e4 Ven\u00e4j\u00e4 h\u00e4mment\u00e4\u00e4 EU:n sis\u00e4ll\u00e4 ja EU on p\u00e4\u00e4t\u00f6ksentekokyvyt\u00f6n toimija, Smith painottaa.<\/p>\n<p><img decoding=\"async\" src=\"https:\/\/www.europesays.com\/fi\/wp-content\/uploads\/2026\/01\/1768366210_859_468.jpg\" alt=\"Unkarin p\u00e4\u00e4ministeri Viktor Orban on kaveerannut toistuvasti Vladimir Putinin kanssa.\" class=\"_Img_1rerz_1\" style=\"aspect-ratio:1.5\" loading=\"eager\"\/><\/p>\n<p class=\"article-picture-caption\">Unkarin p\u00e4\u00e4ministeri Viktor Orban on kaveerannut toistuvasti Vladimir Putinin kanssa. Kuva:\u00a0Bernadett Szabo \/ Reuters<\/p>\n<p class=\"article-body mb-nof-24 px-nof-16\">EU on p\u00e4\u00e4t\u00f6ksenteossaan toki hidas \u2013 mutta mit\u00e4 muuta voi odottaa, jos t\u00e4rkeiss\u00e4 asioissa tarvitaan kaikkien 27 j\u00e4senvaltion yksimielisyys.<\/p>\n<p class=\"article-body mb-nof-24 px-nof-16\">\u2013\u2009Kun kunnioitetaan ja kuunnellaan kaikkien mielipiteit\u00e4 ja intressej\u00e4, niin onhan se p\u00e4\u00e4t\u00f6ksentekoprosessi todella hidas.<\/p>\n<p class=\"article-body mb-nof-24 px-nof-16\">Smithin mukaan Ven\u00e4j\u00e4n vaikuttaminen esimerkiksi Unkariin ja Slovakiaan on tapahtunut jo aikaisemmin, kun on tehty mittavia ja pitki\u00e4 sopimuksia energiatoimituksista.<\/p>\n<p class=\"article-body mb-nof-24 px-nof-16\">\u2013\u2009Nykyiset hallitukset toteuttavat energiapolitiikassa niit\u00e4 p\u00e4\u00e4t\u00f6ksi\u00e4, mit\u00e4 edelliset hallinnot ovat tehneet suhteessa ven\u00e4l\u00e4iseen energiaan.<\/p>\n<p><img decoding=\"async\" src=\"https:\/\/www.europesays.com\/fi\/wp-content\/uploads\/2026\/01\/1768366210_835_468.jpg\" alt=\"Hanna Smith sanoo, ett\u00e4 Ven\u00e4j\u00e4 muuttaa toimintansa luonnetta koko ajan.\" class=\"_Img_1rerz_1\" style=\"aspect-ratio:1.5\" loading=\"eager\"\/><\/p>\n<p class=\"article-picture-caption\">Hanna Smith sanoo, ett\u00e4 Ven\u00e4j\u00e4 muuttaa toimintansa luonnetta koko ajan. Kuva:\u00a0Lassi Rinne<\/p>\n<p class=\"article-body mb-nof-24 px-nof-16\">Smith sanoo, ett\u00e4 jos nykyiset hallitukset pyrkisiv\u00e4t ven\u00e4l\u00e4isest\u00e4 energiasta pois niin, ett\u00e4 kansalaisten elinolot heikkenev\u00e4t, se olisi varma keino menett\u00e4\u00e4 oma poliittinen mandaatti seuraavissa vaaleissa.<\/p>\n<p class=\"article-body mb-nof-24 px-nof-16\">\u2013\u2009Ja jos muualla EU:ssa aletaan viritell\u00e4 narratiivia, ett\u00e4 Slovakia ja Unkari tahallaan hidastelevat p\u00e4\u00e4t\u00f6ksentekoprosesseja ja pelaavat Ven\u00e4j\u00e4n pussiin, niin n\u00e4m\u00e4 maat voivat alkaa katsella enenev\u00e4ss\u00e4 m\u00e4\u00e4rin it\u00e4\u00e4n p\u00e4in. Voisi tulla t\u00e4llainen itse-erist\u00e4minen, mik\u00e4 ei olisi EU:n kannalta hyv\u00e4, Smith sanoo.<\/p>\n","protected":false},"excerpt":{"rendered":"Ven\u00e4j\u00e4 on kuin pikkulapsi lautapeliss\u00e4 tai leikiss\u00e4, kuvaa Ven\u00e4j\u00e4-asiantuntija Hanna Smith. Lue tiivistelm\u00e4 Ven\u00e4j\u00e4-asiantuntija Hanna Smith sanoo, ett\u00e4&hellip;\n","protected":false},"author":2,"featured_media":141761,"comment_status":"","ping_status":"","sticky":false,"template":"","format":"standard","meta":{"footnotes":""},"categories":[14],"tags":[22,23,26,27,33,31,30,17,34,24,25,28,29,15,18,21,32,19,20,56,16,59,60,61],"class_list":{"0":"post-141760","1":"post","2":"type-post","3":"status-publish","4":"format-standard","5":"has-post-thumbnail","7":"category-ulkomaat","8":"tag-breaking-news","9":"tag-breakingnews","10":"tag-featured-news","11":"tag-featurednews","12":"tag-fi","13":"tag-finland","14":"tag-finnish","15":"tag-headlines","16":"tag-ilta-sanomat","17":"tag-latest-news","18":"tag-latestnews","19":"tag-main-news","20":"tag-mainnews","21":"tag-news","22":"tag-otsikot","23":"tag-paauutiset","24":"tag-suomi","25":"tag-top-stories","26":"tag-topstories","27":"tag-ulkomaat","28":"tag-uutiset","29":"tag-world","30":"tag-world-news","31":"tag-worldnews"},"share_on_mastodon":{"url":"https:\/\/pubeurope.com\/@fi\/115891655388414064","error":""},"_links":{"self":[{"href":"https:\/\/www.europesays.com\/fi\/wp-json\/wp\/v2\/posts\/141760","targetHints":{"allow":["GET"]}}],"collection":[{"href":"https:\/\/www.europesays.com\/fi\/wp-json\/wp\/v2\/posts"}],"about":[{"href":"https:\/\/www.europesays.com\/fi\/wp-json\/wp\/v2\/types\/post"}],"author":[{"embeddable":true,"href":"https:\/\/www.europesays.com\/fi\/wp-json\/wp\/v2\/users\/2"}],"replies":[{"embeddable":true,"href":"https:\/\/www.europesays.com\/fi\/wp-json\/wp\/v2\/comments?post=141760"}],"version-history":[{"count":0,"href":"https:\/\/www.europesays.com\/fi\/wp-json\/wp\/v2\/posts\/141760\/revisions"}],"wp:featuredmedia":[{"embeddable":true,"href":"https:\/\/www.europesays.com\/fi\/wp-json\/wp\/v2\/media\/141761"}],"wp:attachment":[{"href":"https:\/\/www.europesays.com\/fi\/wp-json\/wp\/v2\/media?parent=141760"}],"wp:term":[{"taxonomy":"category","embeddable":true,"href":"https:\/\/www.europesays.com\/fi\/wp-json\/wp\/v2\/categories?post=141760"},{"taxonomy":"post_tag","embeddable":true,"href":"https:\/\/www.europesays.com\/fi\/wp-json\/wp\/v2\/tags?post=141760"}],"curies":[{"name":"wp","href":"https:\/\/api.w.org\/{rel}","templated":true}]}}