{"id":141766,"date":"2026-01-14T05:04:07","date_gmt":"2026-01-14T05:04:07","guid":{"rendered":"https:\/\/www.europesays.com\/fi\/141766\/"},"modified":"2026-01-14T05:04:07","modified_gmt":"2026-01-14T05:04:07","slug":"sukarit-aiheuttivat-ihmetysta-lentokentalla-salakuva","status":"publish","type":"post","link":"https:\/\/www.europesays.com\/fi\/141766\/","title":{"rendered":"Sukarit aiheuttivat ihmetyst\u00e4 lentokent\u00e4ll\u00e4 \u2013 salakuva"},"content":{"rendered":"<p>\n            20250814, Turku. Topi ja Nadja Sukari.<br \/>\n            Timo Korhonen\n        <\/p>\n<p class=\"subtitle \">Topi Sukari el\u00e4\u00e4 kauniin vaimonsa kanssa el\u00e4m\u00e4\u00e4, josta moni lienee kateellinen.<\/p>\n<p class=\"article-content article-content-width !bg-background\">Sunnuntai-iltana kello 23 aikaan Helsinki-Vantaan lentoasema on hiljainen.<\/p>\n<p class=\"article-content article-content-width !bg-background\">Ei toki niin hiljainen, etteik\u00f6 paikalla olisi julkimoita \u2013 parempaa v\u00e4ke\u00e4, jos sallitte.<\/p>\n<p class=\"article-content article-content-width !bg-background\">Seiskan naispuolinen lukija oli saapunut tuloaulaan \u00e4iti\u00e4\u00e4n vastaan.<\/p>\n<p>        <a itemprop=\"url\" href=\"https:\/\/www.seiska.fi\/vain-seiskassa\/topi-sukari-ja-nadja-rakas-okylomalle-ikava-loppu-salakuva\/2016259\" rel=\"nofollow noopener\" target=\"_blank\"><\/p>\n<p>\nTopi Sukari ja Nadja-rakas\n<\/p>\n<p class=\"section-date\">\n        <strong class=\"article-section\" data-section=\"vain seiskassa\"><br \/>\n            vain seiskassa<br \/>\n        <\/strong><br \/>\n        11.12.2025 06:00\n    <\/p>\n<p>Topi Sukari ja Nadja-rakas: \u00d6kylomalle ik\u00e4v\u00e4 loppu \u2013 salakuva!\n    <\/p>\n<p itemprop=\"description\" class=\"subtitle \">\n    Sukareiden reissu Espanjan auringon alta takaisin kylm\u00e4\u00e4n Pohjolaan oli haastava.\n<\/p>\n<p>        <\/a><\/p>\n<p class=\"article-content article-content-width !bg-background\">Paikalla oli my\u00f6s Turun suurmies  -puolisoineen.<\/p>\n<p class=\"article-content article-content-width !bg-background\">\u2013 Heill\u00e4 vaikutti olevan kr\u00e4n\u00e4\u00e4 p\u00e4\u00e4ll\u00e4 \u2013 selv\u00e4sti oli kire\u00e4 tunnelma.<\/p>\n<p>                <img decoding=\"async\" src=\"https:\/\/www.europesays.com\/fi\/wp-content\/uploads\/2026\/01\/1904422.webp.jpeg\" width=\"576\" height=\"322\" alt=\"Topilla on kaunis vaimo ja nopea auto. Taustalla Turun linna.\" loading=\"lazy\" \/>            <\/p>\n<p>\n            Topilla on kaunis vaimo ja nopea auto. Taustalla Turun linna.<br \/>\n            Timo Korhonen\n        <\/p>\n<p>Topi hiihti edell\u00e4, Nadja tuli per\u00e4ss\u00e4<\/p>\n<p class=\"article-content article-content-width !bg-background\">Lukijan mukaan Nadja k\u00e4veli Topin per\u00e4ss\u00e4 ja tilanne vaikutti kiusalliselta.<\/p>\n<p class=\"article-content article-content-width !bg-background\">\u2013 Ehk\u00e4 sekin oli outoa, kun Nadja tuli miehens\u00e4 per\u00e4ss\u00e4 kantaen painavaa laukkua.<\/p>\n<p>\n            Eiv\u00e4t puhuneet juuri toisilleen.\n            <\/p>\n<p class=\"article-content article-content-width !bg-background\">\u2013 Eiv\u00e4t puhuneet juuri toisilleen.<\/p>\n<p class=\"article-content article-content-width !bg-background\">Lukija nappasi mammansa matkaan ja h\u00e4ipyi samoin kuin Sukaritkin omille teilleen toisaalle.<\/p>\n<p class=\"article-content article-content-width !bg-background\">\u2013 En n\u00e4hnyt, mill\u00e4 l\u00e4htiv\u00e4t.<\/p>\n<p>                <img decoding=\"async\" src=\"https:\/\/www.europesays.com\/fi\/wp-content\/uploads\/2026\/01\/2044600.webp.jpeg\" width=\"576\" height=\"639\" alt=\"Sukarit vaikuttivat lukijan mukaan et\u00e4isilt\u00e4, mutta tyylikk\u00e4ilt\u00e4.\" loading=\"lazy\" \/>            <\/p>\n<p>\n            Sukarit vaikuttivat lukijan mukaan et\u00e4isilt\u00e4, mutta tyylikk\u00e4ilt\u00e4.<br \/>\n            Lukijan kuva\n        <\/p>\n<p>&#8221;Tyylikk\u00e4it\u00e4&#8221;<\/p>\n<p class=\"article-content article-content-width !bg-background\">Yht\u00e4 kaikki, jotain positiivistakin lukija mainitsee.<\/p>\n<p class=\"article-content article-content-width !bg-background\">\u2013 Huh, kyll\u00e4 he tulivat koneesta tuloaulaan n\u00e4ytt\u00e4v\u00e4n n\u00e4k\u00f6isin\u00e4.<\/p>\n<p class=\"article-content article-content-width !bg-background\">\u2013 Olivat todella tyylikk\u00e4it\u00e4.<\/p>\n<p>        <a itemprop=\"url\" href=\"https:\/\/www.seiska.fi\/vain-seiskassa\/topi-sukarin-71-kunto-hammastytti-turussa-salakuvat-miljonaarista\/1831724\" rel=\"nofollow noopener\" target=\"_blank\"><\/p>\n<p>\nSalakuvat!\n<\/p>\n<p class=\"section-date\">\n        <strong class=\"article-section\" data-section=\"vain seiskassa\"><br \/>\n            vain seiskassa<br \/>\n        <\/strong><br \/>\n        14.6.2025 09:00\n    <\/p>\n<p>Topi Sukarin, 71, kunto h\u00e4mm\u00e4stytti Turussa \u2013 salakuvat miljon\u00e4\u00e4rist\u00e4\n    <\/p>\n<p itemprop=\"description\" class=\"subtitle \">\n    Toivo Sukari on liikemiesten cr\u00e8me de la cr\u00e8me.\n<\/p>\n<p>        <\/a><\/p>\n<p class=\"article-content article-content-width !bg-background\">Joka tapauksessa tyylik\u00e4s pari vaikutti lukijan mukaan halunneen nopeasti pois tuloaulasta.<\/p>\n<p class=\"article-content article-content-width !bg-background\">\u2013 Nopealla askeleella siin\u00e4 liikuttiin.<\/p>\n<p>                <img decoding=\"async\" src=\"https:\/\/www.europesays.com\/fi\/wp-content\/uploads\/2026\/01\/2016995.webp.jpeg\" width=\"576\" height=\"322\" alt=\"Topi ja Nadja el\u00e4v\u00e4t el\u00e4m\u00e4\u00e4, mist\u00e4 moni voi vain haaveilla.\" loading=\"lazy\" \/>            <\/p>\n<p>\n            Topi ja Nadja el\u00e4v\u00e4t el\u00e4m\u00e4\u00e4, mist\u00e4 moni voi vain haaveilla.<br \/>\n            Timo Korhonen\n        <\/p>\n<p>&#8221;Olen v\u00e4h\u00e4n ADHD&#8221;<\/p>\n<p class=\"article-content article-content-width !bg-background\">Luonnollisesti Seiska tavoitti my\u00f6s Topin \u2013 tai oikeastaan ensin Nadjan, joka nauraa kuullessaan asiasta.<\/p>\n<p class=\"article-content article-content-width !bg-background\">\u2013 Olen hidas k\u00e4velem\u00e4\u00e4n, Nadja kikattaa Topin puhelimeen.<\/p>\n<p class=\"article-content article-content-width !bg-background\">\u2013 Emme laita matkatavaroita koskaan ruumaan, vaan ne menev\u00e4t k\u00e4simatkatavaroina, jatkaa Topi.<\/p>\n<p>\n            Rakkaus\u2026 se asia on kuule kunnossa.\n            <\/p>\n<p class=\"article-content article-content-width !bg-background\">N\u00e4in ollen koneen laskeuduttua on Topilla kertomansa mukaan aina tapana l\u00e4hte\u00e4 pikavauhtia k\u00e4velem\u00e4\u00e4n.<\/p>\n<p class=\"article-content article-content-width !bg-background\">\u2013 Olen v\u00e4h\u00e4n ADHD, niin on totta, ett\u00e4 vauhdilla olen varmasti k\u00e4vellyt.<\/p>\n<p class=\"article-content article-content-width !bg-background\">\u2013 \u00c4kki\u00e4 olen jo 10 tai 20 metri\u00e4 Nadjaa edell\u00e4, kun k\u00e4velen.<\/p>\n<p>                <img decoding=\"async\" src=\"https:\/\/www.europesays.com\/fi\/wp-content\/uploads\/2026\/01\/1832926.webp.jpeg\" width=\"576\" height=\"274\" alt=\"Topi on bisnesmies par excellence.\" loading=\"lazy\" \/>            <\/p>\n<p>\n            Topi on bisnesmies par excellence.<br \/>\n            Timo Korhonen\n        <\/p>\n<p>&#8221;Se asia on kuule kunnossa&#8221;<\/p>\n<p class=\"article-content article-content-width !bg-background\">Topi \u00e4ityy muistelemaan oman is\u00e4ns\u00e4kin aikanaan ihmetelleen ihmisi\u00e4, jotka esimerkiksi kaupungilla k\u00e4velev\u00e4t hitaasti.<\/p>\n<p class=\"article-content article-content-width !bg-background\">\u2013 Emme juuri koskaan k\u00e4vele rinnakkain, kun tulemme lentokoneesta, Topi jatkaa vauhtiin p\u00e4\u00e4sty\u00e4\u00e4n.<\/p>\n<p class=\"article-content article-content-width !bg-background\">T\u00e4ll\u00e4 kertaa pariskunta lensi Kyprokselta Saksan kautta.<\/p>\n<p>        <a itemprop=\"url\" href=\"https:\/\/www.seiska.fi\/vain-seiskassa\/topi-sukarin-700-nelion-okykoti-ei-kelvannut-nadja-rakkaalle-taalla-he-asuvat-nyt\/1689257\" rel=\"nofollow noopener\" target=\"_blank\"><\/p>\n<p>\n700-neli\u00f6n \u00f6kylukaali ei kelvannut\n<\/p>\n<p class=\"section-date\">\n        <strong class=\"article-section\" data-section=\"vain seiskassa\"><br \/>\n            vain seiskassa<br \/>\n        <\/strong><br \/>\n        3.5.2025 16:30\n    <\/p>\n<p>Topi Sukarin 700-neli\u00f6n \u00f6kykoti ei kelvannut Nadja-rakkaalle \u2013 t\u00e4\u00e4ll\u00e4 he asuvat nyt\n    <\/p>\n<p itemprop=\"description\" class=\"subtitle \">\n    Sukarit avasivat Seiskalle Espanjan miljoonakotinsa ovet.\n<\/p>\n<p>        <\/a><\/p>\n<p class=\"article-content article-content-width !bg-background\">\u2013 Joo, ei meill\u00e4 tosiaan mit\u00e4\u00e4n kr\u00e4n\u00e4\u00e4 tai suukopua ollut.<\/p>\n<p class=\"article-content article-content-width !bg-background\">Rakkaus ja rauha vallitsevat siis Turun Telakkarannassa.<\/p>\n<p class=\"article-content article-content-width !bg-background\">\u2013 Rakkaus\u2026 se asia on kuule kunnossa, Topi vinkkaa.<\/p>\n","protected":false},"excerpt":{"rendered":"20250814, Turku. Topi ja Nadja Sukari. Timo Korhonen Topi Sukari el\u00e4\u00e4 kauniin vaimonsa kanssa el\u00e4m\u00e4\u00e4, josta moni lienee&hellip;\n","protected":false},"author":2,"featured_media":141767,"comment_status":"","ping_status":"","sticky":false,"template":"","format":"standard","meta":{"footnotes":""},"categories":[136],"tags":[407,137,33,31,30,7050,24409,408,15260,1478,5668,32,5964,109],"class_list":{"0":"post-141766","1":"post","2":"type-post","3":"status-publish","4":"format-standard","5":"has-post-thumbnail","7":"category-julkkikset","8":"tag-celebrities","9":"tag-entertainment","10":"tag-fi","11":"tag-finland","12":"tag-finnish","13":"tag-helsinki-vantaan-lentoasema","14":"tag-julkimo","15":"tag-julkkikset","16":"tag-kiusallinen-tilanne","17":"tag-matkailu","18":"tag-nadja-sukari","19":"tag-suomi","20":"tag-toivo-sukari","21":"tag-viihde"},"share_on_mastodon":{"url":"https:\/\/pubeurope.com\/@fi\/115891710410449855","error":""},"_links":{"self":[{"href":"https:\/\/www.europesays.com\/fi\/wp-json\/wp\/v2\/posts\/141766","targetHints":{"allow":["GET"]}}],"collection":[{"href":"https:\/\/www.europesays.com\/fi\/wp-json\/wp\/v2\/posts"}],"about":[{"href":"https:\/\/www.europesays.com\/fi\/wp-json\/wp\/v2\/types\/post"}],"author":[{"embeddable":true,"href":"https:\/\/www.europesays.com\/fi\/wp-json\/wp\/v2\/users\/2"}],"replies":[{"embeddable":true,"href":"https:\/\/www.europesays.com\/fi\/wp-json\/wp\/v2\/comments?post=141766"}],"version-history":[{"count":0,"href":"https:\/\/www.europesays.com\/fi\/wp-json\/wp\/v2\/posts\/141766\/revisions"}],"wp:featuredmedia":[{"embeddable":true,"href":"https:\/\/www.europesays.com\/fi\/wp-json\/wp\/v2\/media\/141767"}],"wp:attachment":[{"href":"https:\/\/www.europesays.com\/fi\/wp-json\/wp\/v2\/media?parent=141766"}],"wp:term":[{"taxonomy":"category","embeddable":true,"href":"https:\/\/www.europesays.com\/fi\/wp-json\/wp\/v2\/categories?post=141766"},{"taxonomy":"post_tag","embeddable":true,"href":"https:\/\/www.europesays.com\/fi\/wp-json\/wp\/v2\/tags?post=141766"}],"curies":[{"name":"wp","href":"https:\/\/api.w.org\/{rel}","templated":true}]}}