{"id":141776,"date":"2026-01-14T05:16:08","date_gmt":"2026-01-14T05:16:08","guid":{"rendered":"https:\/\/www.europesays.com\/fi\/141776\/"},"modified":"2026-01-14T05:16:08","modified_gmt":"2026-01-14T05:16:08","slug":"trump-uhkasi-puuttua-iranin-tilanteeseen-ja-nyt-iran-on-hirttamassa-ensimmaisen-mielenosoittajan","status":"publish","type":"post","link":"https:\/\/www.europesays.com\/fi\/141776\/","title":{"rendered":"Trump uhkasi puuttua Iranin tilanteeseen, ja nyt Iran on hirtt\u00e4m\u00e4ss\u00e4 ensimm\u00e4isen mielenosoittajan"},"content":{"rendered":"<p>T\u00e4m\u00e4 on tilanne nyt|Yhdysvaltain isku Iraniin on mahdollinen, mutta sille on esteit\u00e4.<\/p>\n<p>Lue tiivistelm\u00e4<\/p>\n<p class=\"article-body mb-nof-24 px-nof-16 sndp-summary-bullet-point-font\">Yhdysvaltain presidentti Donald Trump on uhannut Irania eritt\u00e4in kovilla toimilla, jos se hirtt\u00e4\u00e4 vangitsemiaan mielenosoittajia.<\/p>\n<p class=\"article-body mb-nof-24 px-nof-16 sndp-summary-bullet-point-font\">Trump keskusteli Iranin tilanteesta valkoisessa talossa tiistai-iltana ulkoministeri Marco Rubion, puolustusministeri Pete Hegsethin sek\u00e4 tiedustelupalvelujen johtajien kanssa.<\/p>\n<p class=\"article-body mb-nof-24 px-nof-16 sndp-summary-bullet-point-font\">Yhdysvaltojen sotilaallinen isku on mahdollinen, mutta Yhdysvalloilla ei ole lentotukialuksia L\u00e4hi-id\u00e4ss\u00e4 ja alueen maista Saudi-Arabia, Oman ja Qatar vastustavat iskua \u00f6ljymarkkinoiden vakauden vuoksi.<\/p>\n<p class=\"article-body mb-nof-24 px-nof-16 sndp-summary-bullet-point-font\">Iranin hallinto jatkaa mielenosoittajien tappamista, ja uhrilukuarviot vaihtelevat 734:st\u00e4 yli 12\u202f000:een.<\/p>\n<p class=\"article-body mb-nof-24 px-nof-16\">Mielenosoitukset jatkuvat edelleen Iranissa. Iranin valtio tappaa mielenosoittajia, ja Yhdysvaltain presidentti <a class=\"font-bold underline-offset-[0.12em] [text-decoration:var(--person-link-text-decoration)] ![text-decoration-color:var(--person-link-text-decoration-color)]\" href=\"https:\/\/www.hs.fi\/haku\/?query=Donald%20Trump\" rel=\"nofollow noopener\" target=\"_blank\">Donald Trump<\/a> on uhannut puuttua tilanteeseen.<\/p>\n<p class=\"article-body mb-nof-24 px-nof-16\">T\u00e4ss\u00e4 ovat tapahtumien viimeisimm\u00e4t k\u00e4\u00e4nteet:<\/p>\n<ul class=\"mb-nof-16 px-nof-16 article-unordered-list unordered-list\">\n<li class=\"unordered-list-item\">\n<p class=\"article-body\">Trump on uhannut Irania \u201deritt\u00e4in kovilla toimilla\u201d, jos Iran alkaa hirtt\u00e4m\u00e4\u00e4n vangitsemiaan mielenosoittajia.<\/p>\n<\/li>\n<li class=\"unordered-list-item\">\n<p class=\"article-body\">Iran saattaa hirtt\u00e4\u00e4 ensimm\u00e4isen mielenosoittajan t\u00e4n\u00e4\u00e4n keskiviikkona. Kurdeja puolustavan<a class=\"underline underline-offset-[0.12em] [text-decoration-thickness:var(--generic-link-underline-thickness)] [text-decoration-color:var(--generic-link-underline-color)] [text-decoration-skip-ink:var(--generic-link-underline-skip-ink)] break-words\" href=\"https:\/\/www.theguardian.com\/world\/live\/2026\/jan\/14\/iran-protests-live-updates-trump-us-action-death-toll-protester-executions-erfan-soltani?CMP=share_btn_url&amp;page=with%3Ablock-6966eca28f08ae2c6996ebc2#block-6966eca28f08ae2c6996ebc2\" rel=\"nofollow noopener\" target=\"_blank\"> kansalaisj\u00e4rjest\u00f6n mukaan<\/a> 26-vuotiaan mielenosoittajan kuolemantuomio laitettaisiin k\u00e4yt\u00e4nt\u00f6\u00f6n.<\/p>\n<\/li>\n<li class=\"unordered-list-item\">\n<p class=\"article-body\">Trump keskusteli Iranin tilanteesta Valkoisessa talossa tiistai-iltana paikallista aikaa. Trump sanoi, ett\u00e4 h\u00e4nelle annetaan kokonaiskuva uhrien m\u00e4\u00e4r\u00e4st\u00e4, ja h\u00e4n tekee p\u00e4\u00e4t\u00f6ksi\u00e4 sen perusteella.<\/p>\n<\/li>\n<li class=\"unordered-list-item\">\n<p class=\"article-body\">Keskusteluihin osallistuivat ilmeisesti ainakin ulkoministeri <a class=\"font-bold underline-offset-[0.12em] [text-decoration:var(--person-link-text-decoration)] ![text-decoration-color:var(--person-link-text-decoration-color)]\" href=\"https:\/\/www.hs.fi\/haku\/?query=Marco%20Rubio\" rel=\"nofollow noopener\" target=\"_blank\">Marco Rubio<\/a>, puolustusministeri <a class=\"font-bold underline-offset-[0.12em] [text-decoration:var(--person-link-text-decoration)] ![text-decoration-color:var(--person-link-text-decoration-color)]\" href=\"https:\/\/www.hs.fi\/haku\/?query=Pete%20Hegseth\" rel=\"nofollow noopener\" target=\"_blank\">Pete Hegseth<\/a> sek\u00e4 CIA:n ja kansallisen tiedustelupalvelun johtajat.<\/p>\n<\/li>\n<li class=\"unordered-list-item\">\n<p class=\"article-body\">Kyseess\u00e4 oli todenn\u00e4k\u00f6isesti varhainen suunnittelukokous, eik\u00e4 kokous, jossa olisi p\u00e4\u00e4tetty varsinaisista iskuista.<\/p>\n<\/li>\n<\/ul>\n<p>Hy\u00f6kk\u00e4ys on mahdollinen, mutta sille on esteit\u00e4<\/p>\n<p class=\"article-body mb-nof-24 px-nof-16\">Trump ei ole kertonut, millaista sotilaallisia toimia Irania kohtaan on suunniteltu. <a class=\"underline underline-offset-[0.12em] [text-decoration-thickness:var(--generic-link-underline-thickness)] [text-decoration-color:var(--generic-link-underline-color)] [text-decoration-skip-ink:var(--generic-link-underline-skip-ink)] break-words\" href=\"https:\/\/www.wsj.com\/world\/middle-east\/irans-gulf-rivals-warn-u-s-against-strike-on-iran-1388236e\" rel=\"nofollow noopener\" target=\"_blank\">The Wall Street Journalin<\/a> (WSJ) viranomaisl\u00e4hteen mukaan hy\u00f6kk\u00e4ys on todenn\u00e4k\u00f6isemp\u00e4\u00e4 kuin se, ettei Yhdysvallat tekisi mit\u00e4\u00e4n.<\/p>\n<p class=\"article-body mb-nof-24 px-nof-16\">K\u00e4yt\u00e4nn\u00f6n seikat saattavat silti rajoittaa Yhdysvaltojen iskuvalmiutta. <a class=\"underline underline-offset-[0.12em] [text-decoration-thickness:var(--generic-link-underline-thickness)] [text-decoration-color:var(--generic-link-underline-color)] [text-decoration-skip-ink:var(--generic-link-underline-skip-ink)] break-words\" href=\"https:\/\/www.theguardian.com\/world\/2026\/jan\/13\/why-trump-options-are-limited-when-it-comes-to-using-force-against-iran\" rel=\"nofollow noopener\" target=\"_blank\">The Guardianin<\/a> mukaan Yhdysvalloilla ei ole ollut lentotukialuksia L\u00e4hi-id\u00e4ss\u00e4 lokakuun j\u00e4lkeen.<\/p>\n<p class=\"article-body mb-nof-24 px-nof-16\">USS Gerald R. Ford -lentotukialus siirrettiin lehden mukaan kes\u00e4ll\u00e4 Karibialle ja USS Nimitz -alus puolestaan syksyll\u00e4 Yhdysvaltojen l\u00e4nsirannikolle. Siksi kaikki ilma- tai ohjusiskut Irania vastaan jouduttaisiin todenn\u00e4k\u00f6isesti toteuttamaan Yhdysvaltojen ja sen liittolaisten lentotukikohdista L\u00e4hi-id\u00e4ss\u00e4.<\/p>\n<p class=\"article-body mb-nof-24 px-nof-16\">Vaihtoehtona olisi samanlainen pitk\u00e4n matkan B2-pommikoneilla tehty isku, jollaisen Yhdysvallat teki kes\u00e4kuussa Iranin ydinrikaste\u00adlaitoksiin. Pommikoneella lent\u00e4minen kaupunkien yli olisi kuitenkin eritt\u00e4in riskialtista.<\/p>\n<p class=\"article-body mb-nof-24 px-nof-16\">Guardianin mukaan Yhdysvaltojen olisi my\u00f6s pyydett\u00e4v\u00e4 lupaa k\u00e4ytt\u00e4\u00e4 tukikohtia esimerkiksi Qatarissa, Bahrainissa, Irakissa, Arabiemiirikunnissa, Omanissa tai Saudi-Arabiassa.<\/p>\n<p>\u00d6ljyvaltiot vastustavat iskua<\/p>\n<p class=\"article-body mb-nof-24 px-nof-16\">Vaikka Iranin sotilaalliset valmiudet heikkeniv\u00e4t huomattavasti kes\u00e4ll\u00e4 k\u00e4ydyss\u00e4 12-p\u00e4iv\u00e4isess\u00e4 sodassa, sill\u00e4 on edelleen valmius laukaista ballistisia ohjuksia. Yhdysvaltojen iskujen seurauksena Iran saattaisi kostaa my\u00f6s L\u00e4hi-id\u00e4n maille.<\/p>\n<p class=\"article-body mb-nof-24 px-nof-16\">WSJ:n l\u00e4hteiden mukaan Iranin perinteiset vastustajat ovat lobanneet Trumpin hallitusta olemaan iskem\u00e4tt\u00e4 Iraniin. Saudi-Arabia, Oman ja Qatar ovat lehden mukaan viestitt\u00e4neet Trumpin hallinnolle, ett\u00e4 yritys kaataa Iranin hallinto j\u00e4risytt\u00e4isi \u00f6ljymarkkinoita ja vahingoittaisi lopulta Yhdysvaltojen taloutta.<\/p>\n<p>Uhriluku kasvaa Iranissa<\/p>\n<p class=\"article-body mb-nof-24 px-nof-16\">Iranin hallinto jatkaa mielenosoittajien tappamista. Tarkkaa tietoa uhriluvusta ei ole, ja arviot vaihtelevat suuresti. Yhdysvaltalaisen <a class=\"underline underline-offset-[0.12em] [text-decoration-thickness:var(--generic-link-underline-thickness)] [text-decoration-color:var(--generic-link-underline-color)] [text-decoration-skip-ink:var(--generic-link-underline-skip-ink)] break-words\" href=\"https:\/\/www.cbsnews.com\/news\/iran-protest-death-toll-over-12000-feared-higher-video-bodies-at-morgue\/\" rel=\"nofollow noopener\" target=\"_blank\">CBS:n<\/a> iranilaisl\u00e4hteen mukaan tapettuja voi olla jopa yli 12\u202f000.<\/p>\n<p class=\"article-body mb-nof-24 px-nof-16\">Iranin viranomaisten mukaan kuolleita olisi 2\u202f000. My\u00f6s Yhdysvalloissa toimivan kansalaisj\u00e4rjest\u00f6 Human Rights Activists News Agencyn mukaan kuolleita olisi noin 2\u202f400. Norjassa toimivan <a class=\"underline underline-offset-[0.12em] [text-decoration-thickness:var(--generic-link-underline-thickness)] [text-decoration-color:var(--generic-link-underline-color)] [text-decoration-skip-ink:var(--generic-link-underline-skip-ink)] break-words\" href=\"https:\/\/iranhr.net\/en\/articles\/8528\/\" rel=\"nofollow noopener\" target=\"_blank\">Iran Human Rights<\/a> -j\u00e4rjest\u00f6n mukaan tapettuja on ainakin 734.<\/p>\n<p class=\"article-body mb-nof-24 px-nof-16\">Protestiaalto sai sytykkeens\u00e4 talousahdingosta, mutta se on k\u00e4\u00e4ntynyt yh\u00e4 suoremmin maan islamistista pappisvaltaa vastaan.<\/p>\n<p><img decoding=\"async\" src=\"https:\/\/images.sanoma-sndp.fi\/852cc6e82a9b926767549f2efff543bd.svg\" alt=\"\" class=\"_Img_1rerz_1\" style=\"aspect-ratio:0.9466666666666667\" loading=\"eager\"\/><\/p>\n","protected":false},"excerpt":{"rendered":"T\u00e4m\u00e4 on tilanne nyt|Yhdysvaltain isku Iraniin on mahdollinen, mutta sille on esteit\u00e4. Lue tiivistelm\u00e4 Yhdysvaltain presidentti Donald Trump&hellip;\n","protected":false},"author":2,"featured_media":141777,"comment_status":"","ping_status":"","sticky":false,"template":"","format":"standard","meta":{"footnotes":""},"categories":[14],"tags":[22,23,26,27,33,31,30,17,46,24,25,28,29,15,18,21,32,19,20,56,16,59,60,61],"class_list":{"0":"post-141776","1":"post","2":"type-post","3":"status-publish","4":"format-standard","5":"has-post-thumbnail","7":"category-ulkomaat","8":"tag-breaking-news","9":"tag-breakingnews","10":"tag-featured-news","11":"tag-featurednews","12":"tag-fi","13":"tag-finland","14":"tag-finnish","15":"tag-headlines","16":"tag-helsingin-sanomat","17":"tag-latest-news","18":"tag-latestnews","19":"tag-main-news","20":"tag-mainnews","21":"tag-news","22":"tag-otsikot","23":"tag-paauutiset","24":"tag-suomi","25":"tag-top-stories","26":"tag-topstories","27":"tag-ulkomaat","28":"tag-uutiset","29":"tag-world","30":"tag-world-news","31":"tag-worldnews"},"share_on_mastodon":{"url":"https:\/\/pubeurope.com\/@fi\/115891757581900412","error":""},"_links":{"self":[{"href":"https:\/\/www.europesays.com\/fi\/wp-json\/wp\/v2\/posts\/141776","targetHints":{"allow":["GET"]}}],"collection":[{"href":"https:\/\/www.europesays.com\/fi\/wp-json\/wp\/v2\/posts"}],"about":[{"href":"https:\/\/www.europesays.com\/fi\/wp-json\/wp\/v2\/types\/post"}],"author":[{"embeddable":true,"href":"https:\/\/www.europesays.com\/fi\/wp-json\/wp\/v2\/users\/2"}],"replies":[{"embeddable":true,"href":"https:\/\/www.europesays.com\/fi\/wp-json\/wp\/v2\/comments?post=141776"}],"version-history":[{"count":0,"href":"https:\/\/www.europesays.com\/fi\/wp-json\/wp\/v2\/posts\/141776\/revisions"}],"wp:featuredmedia":[{"embeddable":true,"href":"https:\/\/www.europesays.com\/fi\/wp-json\/wp\/v2\/media\/141777"}],"wp:attachment":[{"href":"https:\/\/www.europesays.com\/fi\/wp-json\/wp\/v2\/media?parent=141776"}],"wp:term":[{"taxonomy":"category","embeddable":true,"href":"https:\/\/www.europesays.com\/fi\/wp-json\/wp\/v2\/categories?post=141776"},{"taxonomy":"post_tag","embeddable":true,"href":"https:\/\/www.europesays.com\/fi\/wp-json\/wp\/v2\/tags?post=141776"}],"curies":[{"name":"wp","href":"https:\/\/api.w.org\/{rel}","templated":true}]}}