{"id":141785,"date":"2026-01-14T05:37:07","date_gmt":"2026-01-14T05:37:07","guid":{"rendered":"https:\/\/www.europesays.com\/fi\/141785\/"},"modified":"2026-01-14T05:37:07","modified_gmt":"2026-01-14T05:37:07","slug":"miro-heiskanen-sivuun-ilta-sanomat","status":"publish","type":"post","link":"https:\/\/www.europesays.com\/fi\/141785\/","title":{"rendered":"Miro Heiskanen: sivuun &#8211; Ilta-Sanomat"},"content":{"rendered":"<p>Dallas kohtaa Anaheimin.<\/p>\n<p class=\"article-body mb-nof-24 px-nof-16\">Philadelphia<\/p>\n<p class=\"article-body mb-nof-24 px-nof-16\">Dallas Starsin supert\u00e4hti <a class=\"font-bold underline-offset-[0.12em] [text-decoration:var(--person-link-text-decoration)] ![text-decoration-color:var(--person-link-text-decoration-color)]\" href=\"https:\/\/www.is.fi\/haku\/?query=Miro%20Heiskanen\" rel=\"nofollow noopener\" target=\"_blank\">Miro Heiskanen<\/a> on sivussa Starsin ja Anaheim Ducksin v\u00e4lisest\u00e4 ottelusta tiistain ja keskiviikon v\u00e4lisen\u00e4 y\u00f6n\u00e4 Suomen aikaa.<\/p>\n<p class=\"article-body mb-nof-24 px-nof-16\">Poissaolon syyksi kerrottiin henkil\u00f6kohtainen perheasia. Tarkempaa tietoa ei ole.<\/p>\n<p class=\"article-body mb-nof-24 px-nof-16\">Heiskanen on tehnyt t\u00e4ll\u00e4 kaudella 46 ottelussa 36 (7+29) pistett\u00e4.<\/p>\n<p class=\"article-body mb-nof-24 px-nof-16\">Dallasin ja Anaheimin v\u00e4linen ottelu on viel\u00e4 kesken.<\/p>\n<p class=\"article-body mb-nof-24 px-nof-16\">Jo p\u00e4\u00e4ttyneiss\u00e4 otteluissa tehoille suomalaisista p\u00e4\u00e4siv\u00e4t Nashville Predatorsin <a class=\"font-bold underline-offset-[0.12em] [text-decoration:var(--person-link-text-decoration)] ![text-decoration-color:var(--person-link-text-decoration-color)]\" href=\"https:\/\/www.is.fi\/haku\/?query=Erik%20Haula\" rel=\"nofollow noopener\" target=\"_blank\">Erik Haula <\/a>ja Edmonton Oilersissa hyv\u00e4\u00e4n vireeseen loukkaantumisensa j\u00e4lkeen p\u00e4\u00e4ssyt <a class=\"font-bold underline-offset-[0.12em] [text-decoration:var(--person-link-text-decoration)] ![text-decoration-color:var(--person-link-text-decoration-color)]\" href=\"https:\/\/www.is.fi\/haku\/?query=Kasperi%20Kapanen\" rel=\"nofollow noopener\" target=\"_blank\">Kasperi Kapanen<\/a>.<\/p>\n<p class=\"article-body mb-nof-24 px-nof-16\">Nashville voitti Edmontonin 4\u20133. Haula teki joukkueensa toisen maalin.<\/p>\n<p class=\"article-body mb-nof-24 px-nof-16\">Kapanen sai sy\u00f6tt\u00f6pisteen <a class=\"font-bold underline-offset-[0.12em] [text-decoration:var(--person-link-text-decoration)] ![text-decoration-color:var(--person-link-text-decoration-color)]\" href=\"https:\/\/www.is.fi\/haku\/?query=Leon%20Draisaitlin\" rel=\"nofollow noopener\" target=\"_blank\">Leon Draisaitlin<\/a> viimeistelem\u00e4\u00e4n osumaan toisessa er\u00e4ss\u00e4.<\/p>\n<p class=\"article-body mb-nof-24 px-nof-16\">Kapanen on p\u00e4\u00e4ssyt pelaamaan viime otteluissa Oilersin kakkosketjussa yhdess\u00e4 Draisaitlin ja <a class=\"font-bold underline-offset-[0.12em] [text-decoration:var(--person-link-text-decoration)] ![text-decoration-color:var(--person-link-text-decoration-color)]\" href=\"https:\/\/www.is.fi\/haku\/?query=Vasili%20Podkolzinin\" rel=\"nofollow noopener\" target=\"_blank\">Vasili Podkolzinin <\/a>kanssa.<\/p>\n<p class=\"article-body mb-nof-24 px-nof-16\">Kapanen on tehnyt viidess\u00e4 viime ottelussa yhteens\u00e4 tehot 1+4.<\/p>\n<p class=\"article-body mb-nof-24 px-nof-16\">Kasperin serkku<a class=\"font-bold underline-offset-[0.12em] [text-decoration:var(--person-link-text-decoration)] ![text-decoration-color:var(--person-link-text-decoration-color)]\" href=\"https:\/\/www.is.fi\/haku\/?query=%20Oliver%20Kapanen\" rel=\"nofollow noopener\" target=\"_blank\"> Oliver Kapanen<\/a> j\u00e4i t\u00e4ll\u00e4 kertaa ilman maaleja. Montreal h\u00e4visi Washington Capitalsille jatkoajan j\u00e4lkeen 2\u20133.<\/p>\n<p class=\"article-body mb-nof-24 px-nof-16\">Kapanen kellotti eniten j\u00e4\u00e4aikaa, 23.10 minuuttia, koko Canadiensin joukkueesta.<\/p>\n<p class=\"article-body mb-nof-24 px-nof-16\">Ottawa Senatorsin maalivahti <a class=\"font-bold underline-offset-[0.12em] [text-decoration:var(--person-link-text-decoration)] ![text-decoration-color:var(--person-link-text-decoration-color)]\" href=\"https:\/\/www.is.fi\/haku\/?query=Leevi%20Meril%C3%A4inen\" rel=\"nofollow noopener\" target=\"_blank\">Leevi Meril\u00e4inen<\/a> torjui joukkueelleen t\u00e4rke\u00e4n voiton Vancouver Canucksista.<\/p>\n<p class=\"article-body mb-nof-24 px-nof-16\">Senators voitti lukemin 2\u20131. Ottelun ykk\u00f6st\u00e4hdeksi valitulle Meril\u00e4iselle kertyi 18 torjuntaa. Senators taapersi nelj\u00e4n pelin tappioputkessa, joten voitto teki hyv\u00e4\u00e4.<\/p>\n<p class=\"article-body mb-nof-24 px-nof-16\">Meril\u00e4inen torjui Senatorsin maalilla kaikissa otteluissa tappioputken aikana.<\/p>\n<p class=\"article-body mb-nof-24 px-nof-16\">My\u00f6s Canucksin maalivahti <a class=\"font-bold underline-offset-[0.12em] [text-decoration:var(--person-link-text-decoration)] ![text-decoration-color:var(--person-link-text-decoration-color)]\" href=\"https:\/\/www.is.fi\/haku\/?query=Kevin%20Lankinen\" rel=\"nofollow noopener\" target=\"_blank\">Kevin Lankinen <\/a>oli vireess\u00e4. H\u00e4n torjui per\u00e4ti 38 kertaa. Se ei kuitenkaan juuri pirist\u00e4nyt Canuksin iltaa. Tappio oli joukkueelle jo kahdeksas per\u00e4kk\u00e4inen.<\/p>\n<p class=\"article-body mb-nof-24 px-nof-16\">Lankinen valittiin ottelun kakkost\u00e4hdeksi.<\/p>\n<p class=\"article-body mb-nof-24 px-nof-16\">Toisessa er\u00e4ss\u00e4 Lankinen venytti upean torjunnan. H\u00e4n sai kaavittua kiekon juuri ja juuri k\u00e4dell\u00e4\u00e4n pois maaliviivalta.<\/p>\n<p>NHL-tulokset<\/p>\n<ul class=\"mb-nof-16 px-nof-16 article-unordered-list unordered-list\">\n<li class=\"unordered-list-item\">\n<p class=\"article-body\">Pittsburgh-Tampa Bay 1\u20132 vl.<\/p>\n<\/li>\n<li class=\"unordered-list-item\">\n<p class=\"article-body\">Washington-Montreal 3\u20132 ja.<\/p>\n<\/li>\n<li class=\"unordered-list-item\">\n<p class=\"article-body\">Ottawa-Vancouver 2\u20131<\/p>\n<\/li>\n<li class=\"unordered-list-item\">\n<p class=\"article-body\">Columbus-Calgary 5\u20133<\/p>\n<\/li>\n<li class=\"unordered-list-item\">\n<p class=\"article-body\">Boston-Detroit 3\u20130<\/p>\n<\/li>\n<li class=\"unordered-list-item\">\n<p class=\"article-body\">St. Louis-Carolina 3\u20130<\/p>\n<\/li>\n<li class=\"unordered-list-item\">\n<p class=\"article-body\">Nashville-Edmonton 4\u20133 ja. (NSH: Haula 1+0. Kapanen 0+1)<\/p>\n<\/li>\n<li class=\"unordered-list-item\">\n<p class=\"article-body\">Winnipeg-NY Islanders 5\u20134<\/p>\n<\/li>\n<li class=\"unordered-list-item\">\n<p class=\"article-body\">Anaheim-Dallas my\u00f6h.<\/p>\n<\/li>\n<li class=\"unordered-list-item\">\n<p class=\"article-body\">Utah-Toronto my\u00f6h.<\/p>\n<\/li>\n<\/ul>\n","protected":false},"excerpt":{"rendered":"Dallas kohtaa Anaheimin. Philadelphia Dallas Starsin supert\u00e4hti Miro Heiskanen on sivussa Starsin ja Anaheim Ducksin v\u00e4lisest\u00e4 ottelusta tiistain&hellip;\n","protected":false},"author":2,"featured_media":141786,"comment_status":"","ping_status":"","sticky":false,"template":"","format":"standard","meta":{"footnotes":""},"categories":[158],"tags":[33,31,30,34,159,32,160],"class_list":{"0":"post-141785","1":"post","2":"type-post","3":"status-publish","4":"format-standard","5":"has-post-thumbnail","7":"category-urheilu","8":"tag-fi","9":"tag-finland","10":"tag-finnish","11":"tag-ilta-sanomat","12":"tag-sports","13":"tag-suomi","14":"tag-urheilu"},"share_on_mastodon":{"url":"https:\/\/pubeurope.com\/@fi\/115891840167242427","error":""},"_links":{"self":[{"href":"https:\/\/www.europesays.com\/fi\/wp-json\/wp\/v2\/posts\/141785","targetHints":{"allow":["GET"]}}],"collection":[{"href":"https:\/\/www.europesays.com\/fi\/wp-json\/wp\/v2\/posts"}],"about":[{"href":"https:\/\/www.europesays.com\/fi\/wp-json\/wp\/v2\/types\/post"}],"author":[{"embeddable":true,"href":"https:\/\/www.europesays.com\/fi\/wp-json\/wp\/v2\/users\/2"}],"replies":[{"embeddable":true,"href":"https:\/\/www.europesays.com\/fi\/wp-json\/wp\/v2\/comments?post=141785"}],"version-history":[{"count":0,"href":"https:\/\/www.europesays.com\/fi\/wp-json\/wp\/v2\/posts\/141785\/revisions"}],"wp:featuredmedia":[{"embeddable":true,"href":"https:\/\/www.europesays.com\/fi\/wp-json\/wp\/v2\/media\/141786"}],"wp:attachment":[{"href":"https:\/\/www.europesays.com\/fi\/wp-json\/wp\/v2\/media?parent=141785"}],"wp:term":[{"taxonomy":"category","embeddable":true,"href":"https:\/\/www.europesays.com\/fi\/wp-json\/wp\/v2\/categories?post=141785"},{"taxonomy":"post_tag","embeddable":true,"href":"https:\/\/www.europesays.com\/fi\/wp-json\/wp\/v2\/tags?post=141785"}],"curies":[{"name":"wp","href":"https:\/\/api.w.org\/{rel}","templated":true}]}}