{"id":141791,"date":"2026-01-14T05:42:08","date_gmt":"2026-01-14T05:42:08","guid":{"rendered":"https:\/\/www.europesays.com\/fi\/141791\/"},"modified":"2026-01-14T05:42:08","modified_gmt":"2026-01-14T05:42:08","slug":"thaimaassa-tuhoisa-junaonnettomuus-useita-kuollut-uutisia-lyhyesti","status":"publish","type":"post","link":"https:\/\/www.europesays.com\/fi\/141791\/","title":{"rendered":"Thaimaassa tuhoisa junaonnettomuus \u2013 useita kuollut | Uutisia lyhyesti"},"content":{"rendered":"<p class=\"aw-1gybjub aw-5vja16 kEtdKx kmuxyA yle__article__paragraph\">Rakennusty\u00f6maan nosturi putosi junavaunun p\u00e4\u00e4lle.<\/p>\n<p><img decoding=\"async\" alt=\"Thaimaan kartta, johon merkitty Bangkok ja Nakhon Ratchasima.\" src=\"https:\/\/www.europesays.com\/fi\/wp-content\/uploads\/2026\/01\/39-158080769672bd053c7e.jpeg\" class=\"aw-1l9m598 hKVVvP\"\/><\/p>\n<p>Avaa kuvien katselu<\/p>\n<p>Onnettomuus tapahtui Nakhon Ratchasiman maakunnassa, noin 230 kilometrin p\u00e4\u00e4ss\u00e4 Bangkokista. Kuva: Tina Lund\u00e1n \/ Yle, Mapcreator, OpenStreetMap<\/p>\n<p class=\"aw-1gybjub aw-1p7kakr kEtdKx cEmitX yle__article__paragraph\">Useita ihmisi\u00e4 on kuollut Thaimaassa, kun rakennusty\u00f6maan nosturi putosi junavaunun p\u00e4\u00e4lle keskiviikkoaamuna.<\/p>\n<p class=\"aw-1gybjub aw-1p7kakr kEtdKx cEmitX yle__article__paragraph\">Kuolonuhrien m\u00e4\u00e4r\u00e4 ei ole viel\u00e4 tarkentunut. Uutistoimisto Reutersin mukaan onnettomuudessa on kuollut ainakin 19 ihmist\u00e4 ja loukkaantuneita on 80. Uutistoimisto AFP:n mukaan onnettomuudessa olisi kuollut jopa 22 ihmist\u00e4.<\/p>\n<p class=\"aw-1gybjub aw-1p7kakr kEtdKx cEmitX yle__article__paragraph\">Juna oli matkalla Thaimaan p\u00e4\u00e4kaupungista Bangkokista maan koillisosaan. Onnettomuus tapahtui Sikhion alueella Nakhon Ratchasiman maakunnassa, noin 230 kilometrin p\u00e4\u00e4ss\u00e4 Bangkokista.<\/p>\n<p class=\"aw-1gybjub aw-1p7kakr kEtdKx cEmitX yle__article__paragraph\">Paikallispoliisi kertoi Reutersille, ett\u00e4 junaradan rakennusty\u00f6maalla ollut nosturi kaatui ja osui ohikulkevaan junaan, mik\u00e4 aiheutti suistumisen ja tulipalon.<\/p>\n<p class=\"aw-1gybjub aw-1p7kakr kEtdKx cEmitX yle__article__paragraph\">Poliisin mukaan tulipalo on sammutettu ja pelastusty\u00f6t ovat k\u00e4ynniss\u00e4.<\/p>\n<p class=\"aw-1gybjub aw-1p7kakr kEtdKx cEmitX yle__article__paragraph\">L\u00e4hteet: Reuters, AFP<\/p>\n","protected":false},"excerpt":{"rendered":"Rakennusty\u00f6maan nosturi putosi junavaunun p\u00e4\u00e4lle. Avaa kuvien katselu Onnettomuus tapahtui Nakhon Ratchasiman maakunnassa, noin 230 kilometrin p\u00e4\u00e4ss\u00e4 Bangkokista.&hellip;\n","protected":false},"author":2,"featured_media":141792,"comment_status":"","ping_status":"","sticky":false,"template":"","format":"standard","meta":{"footnotes":""},"categories":[14],"tags":[22,23,26,27,33,31,30,17,24,25,28,29,15,837,18,21,32,2911,19,20,56,16,59,60,61],"class_list":{"0":"post-141791","1":"post","2":"type-post","3":"status-publish","4":"format-standard","5":"has-post-thumbnail","7":"category-ulkomaat","8":"tag-breaking-news","9":"tag-breakingnews","10":"tag-featured-news","11":"tag-featurednews","12":"tag-fi","13":"tag-finland","14":"tag-finnish","15":"tag-headlines","16":"tag-latest-news","17":"tag-latestnews","18":"tag-main-news","19":"tag-mainnews","20":"tag-news","21":"tag-onnettomuudet","22":"tag-otsikot","23":"tag-paauutiset","24":"tag-suomi","25":"tag-thaimaa","26":"tag-top-stories","27":"tag-topstories","28":"tag-ulkomaat","29":"tag-uutiset","30":"tag-world","31":"tag-world-news","32":"tag-worldnews"},"share_on_mastodon":{"url":"https:\/\/pubeurope.com\/@fi\/115891859893050238","error":""},"_links":{"self":[{"href":"https:\/\/www.europesays.com\/fi\/wp-json\/wp\/v2\/posts\/141791","targetHints":{"allow":["GET"]}}],"collection":[{"href":"https:\/\/www.europesays.com\/fi\/wp-json\/wp\/v2\/posts"}],"about":[{"href":"https:\/\/www.europesays.com\/fi\/wp-json\/wp\/v2\/types\/post"}],"author":[{"embeddable":true,"href":"https:\/\/www.europesays.com\/fi\/wp-json\/wp\/v2\/users\/2"}],"replies":[{"embeddable":true,"href":"https:\/\/www.europesays.com\/fi\/wp-json\/wp\/v2\/comments?post=141791"}],"version-history":[{"count":0,"href":"https:\/\/www.europesays.com\/fi\/wp-json\/wp\/v2\/posts\/141791\/revisions"}],"wp:featuredmedia":[{"embeddable":true,"href":"https:\/\/www.europesays.com\/fi\/wp-json\/wp\/v2\/media\/141792"}],"wp:attachment":[{"href":"https:\/\/www.europesays.com\/fi\/wp-json\/wp\/v2\/media?parent=141791"}],"wp:term":[{"taxonomy":"category","embeddable":true,"href":"https:\/\/www.europesays.com\/fi\/wp-json\/wp\/v2\/categories?post=141791"},{"taxonomy":"post_tag","embeddable":true,"href":"https:\/\/www.europesays.com\/fi\/wp-json\/wp\/v2\/tags?post=141791"}],"curies":[{"name":"wp","href":"https:\/\/api.w.org\/{rel}","templated":true}]}}