{"id":141795,"date":"2026-01-14T05:44:08","date_gmt":"2026-01-14T05:44:08","guid":{"rendered":"https:\/\/www.europesays.com\/fi\/141795\/"},"modified":"2026-01-14T05:44:08","modified_gmt":"2026-01-14T05:44:08","slug":"kuolema-minnesotassa-ravistelee-koko-amerikkaa","status":"publish","type":"post","link":"https:\/\/www.europesays.com\/fi\/141795\/","title":{"rendered":"Kuolema Minnesotassa ravistelee koko Amerikkaa"},"content":{"rendered":"<p>Podcast|Maahanmuuttopoliisi tappoi naisen autoonsa. Mit\u00e4 siit\u00e4 seuraa, kun tunteet k\u00e4viv\u00e4t kuumana jo valmiiksi?<\/p>\n<p class=\"article-body mb-nof-24 px-nof-16\">Yhdysvaltain presidentin <a class=\"font-bold underline-offset-[0.12em] [text-decoration:var(--person-link-text-decoration)] ![text-decoration-color:var(--person-link-text-decoration-color)]\" href=\"https:\/\/www.hs.fi\/haku\/?query=Donald%20Trumpin\" rel=\"nofollow noopener\" target=\"_blank\">Donald Trumpin<\/a> mukaan edess\u00e4 voi olla valinta Naton ja Gr\u00f6nlannin v\u00e4lill\u00e4. Mihin Yhdysvaltojen uhittelu voi johtaa?<\/p>\n<p class=\"article-body mb-nof-24 px-nof-16\">Yliannostuskuolemien m\u00e4\u00e4r\u00e4 on k\u00e4\u00e4ntynyt laskuun Yhdysvalloissa. Mik\u00e4 on \u00e4killisen muutoksen samana?<\/p>\n<p class=\"article-body mb-nof-24 px-nof-16\">Nainen kuoli maahanmuuttopoliisin luoteihin Minnesotassa. Mit\u00e4 k\u00e4rjistyneest\u00e4 tilanteesta voi seurata?<\/p>\n<p class=\"article-body mb-nof-24 px-nof-16\">Amerikkapodi on HS:n podcast, jossa analysoidaan Yhdysvaltain politiikkaa ja yhteiskuntaa joka viikko.<\/p>\n<p class=\"article-body mb-nof-24 px-nof-16\">Studiossa toimittajat <a class=\"font-bold underline-offset-[0.12em] [text-decoration:var(--person-link-text-decoration)] ![text-decoration-color:var(--person-link-text-decoration-color)]\" href=\"https:\/\/www.hs.fi\/haku\/?query=Anna-Sofia%20Berner,\" rel=\"nofollow noopener\" target=\"_blank\">Anna-Sofia Berner,<\/a> <a class=\"font-bold underline-offset-[0.12em] [text-decoration:var(--person-link-text-decoration)] ![text-decoration-color:var(--person-link-text-decoration-color)]\" href=\"https:\/\/www.hs.fi\/haku\/?query=Susanne%20Salmi\" rel=\"nofollow noopener\" target=\"_blank\">Susanne Salmi<\/a> ja <a class=\"font-bold underline-offset-[0.12em] [text-decoration:var(--person-link-text-decoration)] ![text-decoration-color:var(--person-link-text-decoration-color)]\" href=\"https:\/\/www.hs.fi\/haku\/?query=Elina%20V%C3%A4nt%C3%B6nen\" rel=\"nofollow noopener\" target=\"_blank\">Elina V\u00e4nt\u00f6nen<\/a>.<\/p>\n","protected":false},"excerpt":{"rendered":"Podcast|Maahanmuuttopoliisi tappoi naisen autoonsa. Mit\u00e4 siit\u00e4 seuraa, kun tunteet k\u00e4viv\u00e4t kuumana jo valmiiksi? Yhdysvaltain presidentin Donald Trumpin mukaan&hellip;\n","protected":false},"author":2,"featured_media":63478,"comment_status":"","ping_status":"","sticky":false,"template":"","format":"standard","meta":{"footnotes":""},"categories":[5],"tags":[22,23,26,27,33,31,30,17,46,24,25,28,29,15,18,21,32,19,20,16],"class_list":{"0":"post-141795","1":"post","2":"type-post","3":"status-publish","4":"format-standard","5":"has-post-thumbnail","7":"category-otsikot","8":"tag-breaking-news","9":"tag-breakingnews","10":"tag-featured-news","11":"tag-featurednews","12":"tag-fi","13":"tag-finland","14":"tag-finnish","15":"tag-headlines","16":"tag-helsingin-sanomat","17":"tag-latest-news","18":"tag-latestnews","19":"tag-main-news","20":"tag-mainnews","21":"tag-news","22":"tag-otsikot","23":"tag-paauutiset","24":"tag-suomi","25":"tag-top-stories","26":"tag-topstories","27":"tag-uutiset"},"share_on_mastodon":{"url":"https:\/\/pubeurope.com\/@fi\/115891867666786368","error":""},"_links":{"self":[{"href":"https:\/\/www.europesays.com\/fi\/wp-json\/wp\/v2\/posts\/141795","targetHints":{"allow":["GET"]}}],"collection":[{"href":"https:\/\/www.europesays.com\/fi\/wp-json\/wp\/v2\/posts"}],"about":[{"href":"https:\/\/www.europesays.com\/fi\/wp-json\/wp\/v2\/types\/post"}],"author":[{"embeddable":true,"href":"https:\/\/www.europesays.com\/fi\/wp-json\/wp\/v2\/users\/2"}],"replies":[{"embeddable":true,"href":"https:\/\/www.europesays.com\/fi\/wp-json\/wp\/v2\/comments?post=141795"}],"version-history":[{"count":0,"href":"https:\/\/www.europesays.com\/fi\/wp-json\/wp\/v2\/posts\/141795\/revisions"}],"wp:featuredmedia":[{"embeddable":true,"href":"https:\/\/www.europesays.com\/fi\/wp-json\/wp\/v2\/media\/63478"}],"wp:attachment":[{"href":"https:\/\/www.europesays.com\/fi\/wp-json\/wp\/v2\/media?parent=141795"}],"wp:term":[{"taxonomy":"category","embeddable":true,"href":"https:\/\/www.europesays.com\/fi\/wp-json\/wp\/v2\/categories?post=141795"},{"taxonomy":"post_tag","embeddable":true,"href":"https:\/\/www.europesays.com\/fi\/wp-json\/wp\/v2\/tags?post=141795"}],"curies":[{"name":"wp","href":"https:\/\/api.w.org\/{rel}","templated":true}]}}