{"id":141799,"date":"2026-01-14T06:03:08","date_gmt":"2026-01-14T06:03:08","guid":{"rendered":"https:\/\/www.europesays.com\/fi\/141799\/"},"modified":"2026-01-14T06:03:08","modified_gmt":"2026-01-14T06:03:08","slug":"kanadan-olympiajoukkueen-hyokkaaja-loukkaantui-tassa-mahdolliset-korvaajat","status":"publish","type":"post","link":"https:\/\/www.europesays.com\/fi\/141799\/","title":{"rendered":"Kanadan olympiajoukkueen hy\u00f6kk\u00e4\u00e4j\u00e4 loukkaantui \u2013 T\u00e4ss\u00e4 mahdolliset korvaajat"},"content":{"rendered":"<p>Brayden Pointin olympiamatka on vaarassa j\u00e4\u00e4d\u00e4 v\u00e4liin.<\/p>\n<p><img decoding=\"async\" class=\"image image-show image-preview\" src=\"https:\/\/www.europesays.com\/fi\/wp-content\/uploads\/2026\/01\/fb6d8688bdaf7a27287ebf5673616a5cae3d4abf0828de122d822300e79fb163.jpg\" alt=\"\"\/><img decoding=\"async\" class=\"image image-show\" src=\"https:\/\/www.europesays.com\/fi\/wp-content\/uploads\/2026\/01\/1768370588_568_fb6d8688bdaf7a27287ebf5673616a5cae3d4abf0828de122d822300e79fb163.jpg\" alt=\"\"\/><\/p>\n<p>Brayden Pointin satutti oikean polvensa Philadelphia ottelussa. AOP<\/p>\n<p class=\"paragraph\">Kanadan olympiajoukkueeseen nimetty <strong>Brayden Point<\/strong> loukkaantui maanantai-iltana Philadelphiaa vastaan.<\/p>\n<p class=\"paragraph\">Tampa Bayn sentterin oikea polvi v\u00e4\u00e4ntyi maalineduskamppailussa <strong>Cam Yorkin<\/strong> kanssa heti, kun h\u00e4n oli tehnyt maalin. Point talutettiin ulos j\u00e4\u00e4lt\u00e4 suoraan pukukoppiin.<\/p>\n<p class=\"paragraph\">Ensimm\u00e4isen ennusteen mukaan hy\u00f6kk\u00e4\u00e4j\u00e4 on sivussa viikkoja. Tampa Bayn p\u00e4\u00e4valmentajan <strong>Jon Cooperin<\/strong> mukaan \u201dpahimmalta v\u00e4ltyttiin\u201d.<\/p>\n<p class=\"paragraph\">\u2013 H\u00e4nen kautensa ei ole ohi, Cooper kertoi Sportsnetille.<\/p>\n<p class=\"paragraph\">Jos video ei n\u00e4y laitteellasi, voit katsoa sen <a href=\"https:\/\/x.com\/Sportsnet\/status\/2010887338000621908\" target=\"_blank\" rel=\"noopener nofollow\">t\u00e4\u00e4lt\u00e4<\/a>.<\/p>\n<p class=\"paragraph\">Point on pelannut t\u00e4ll\u00e4 kaudella 36 peli\u00e4 tehoilla 11+19=30. Mik\u00e4li miehen olympiamatka j\u00e4\u00e4 v\u00e4liin, Kanadan varamiesten listalla ovat The Athleticin mukaan <strong>Sam Bennett<\/strong>, <strong>Connor Bedard<\/strong>, <strong>Wyatt Johnston<\/strong>, <strong>Mark Scheifele<\/strong>, <strong>Seth Jarvis<\/strong> ja <strong>Travis Konecny<\/strong>.<\/p>\n<p class=\"paragraph\">Tampa Bay voitti Philadelphian 5\u20131. Viime y\u00f6n\u00e4 joukkue venytti voittoletkunsa jo 11 ottelun mittaiseksi, kun se kaatoi Pittsburghin voittolaukauksilla 2\u20131.<\/p>\n<p class=\"paragraph\">Huippuvireen ansiosta Tampa Bay on noussut jo id\u00e4n k\u00e4rkijoukkueeksi.<\/p>\n","protected":false},"excerpt":{"rendered":"Brayden Pointin olympiamatka on vaarassa j\u00e4\u00e4d\u00e4 v\u00e4liin. Brayden Pointin satutti oikean polvensa Philadelphia ottelussa. AOP Kanadan olympiajoukkueeseen nimetty&hellip;\n","protected":false},"author":2,"featured_media":141800,"comment_status":"","ping_status":"","sticky":false,"template":"","format":"standard","meta":{"footnotes":""},"categories":[158],"tags":[35,1274,33,31,30,1143,41,159,32,1145,160,161],"class_list":{"0":"post-141799","1":"post","2":"type-post","3":"status-publish","4":"format-standard","5":"has-post-thumbnail","7":"category-urheilu","8":"tag-24h","9":"tag-ammattiurheilu","10":"tag-fi","11":"tag-finland","12":"tag-finnish","13":"tag-jaakiekko","14":"tag-liikunta-ja-urheilu","15":"tag-sports","16":"tag-suomi","17":"tag-talviurheilu","18":"tag-urheilu","19":"tag-urheilutapahtumat"},"share_on_mastodon":{"url":"https:\/\/pubeurope.com\/@fi\/115891942466517212","error":""},"_links":{"self":[{"href":"https:\/\/www.europesays.com\/fi\/wp-json\/wp\/v2\/posts\/141799","targetHints":{"allow":["GET"]}}],"collection":[{"href":"https:\/\/www.europesays.com\/fi\/wp-json\/wp\/v2\/posts"}],"about":[{"href":"https:\/\/www.europesays.com\/fi\/wp-json\/wp\/v2\/types\/post"}],"author":[{"embeddable":true,"href":"https:\/\/www.europesays.com\/fi\/wp-json\/wp\/v2\/users\/2"}],"replies":[{"embeddable":true,"href":"https:\/\/www.europesays.com\/fi\/wp-json\/wp\/v2\/comments?post=141799"}],"version-history":[{"count":0,"href":"https:\/\/www.europesays.com\/fi\/wp-json\/wp\/v2\/posts\/141799\/revisions"}],"wp:featuredmedia":[{"embeddable":true,"href":"https:\/\/www.europesays.com\/fi\/wp-json\/wp\/v2\/media\/141800"}],"wp:attachment":[{"href":"https:\/\/www.europesays.com\/fi\/wp-json\/wp\/v2\/media?parent=141799"}],"wp:term":[{"taxonomy":"category","embeddable":true,"href":"https:\/\/www.europesays.com\/fi\/wp-json\/wp\/v2\/categories?post=141799"},{"taxonomy":"post_tag","embeddable":true,"href":"https:\/\/www.europesays.com\/fi\/wp-json\/wp\/v2\/tags?post=141799"}],"curies":[{"name":"wp","href":"https:\/\/api.w.org\/{rel}","templated":true}]}}