{"id":141805,"date":"2026-01-14T06:13:10","date_gmt":"2026-01-14T06:13:10","guid":{"rendered":"https:\/\/www.europesays.com\/fi\/141805\/"},"modified":"2026-01-14T06:13:10","modified_gmt":"2026-01-14T06:13:10","slug":"turku-selvitti-viiden-uuden-asuinalueen-asukkaat-paaosin-tyytyvaisia-alueeseensa","status":"publish","type":"post","link":"https:\/\/www.europesays.com\/fi\/141805\/","title":{"rendered":"Turku selvitti: Viiden uuden asuinalueen asukkaat p\u00e4\u00e4osin tyytyv\u00e4isi\u00e4 alueeseensa"},"content":{"rendered":"<p>Tavoitteena tyytyv\u00e4iset asukkaat kasvavassa kaupungissa<\/p>\n<p>Turkuun on rakentunut vauhdilla uusia asuinalueita viimeisen vuosikymmenen aikana. Koska kaupungin tavoitteisiin kuuluu, ett\u00e4 turkulaiset ovat kaikkein tyytyv\u00e4isimpi\u00e4 suurten kaupunkien asukkaita, kaupunkisuunnittelu kyseli asukkailta hiljattain valmistuneiden asuinalueiden ominaisuuksista.<\/p>\n<p>Valtaosa suosittelisi asuinaluettaan uutta kotia etsiville<\/p>\n<p>Kyselyyn vastanneista yli 85 % suosittelisi keskustan Linnanf\u00e4ltin ja Telakkarannan asuinalueita uutta kotia etsiville. My\u00f6s pientaloalueita Vakiniittua ja Pohjois-Haarlaa suositeltiin yht\u00e4 auliisti. L\u00e4nsi-P\u00e4\u00e4skyvuortakin suosittelisi 60 % asukkaista, vaikka alueen pys\u00e4k\u00f6intij\u00e4rjestelyihin toivottiin parannusta.<\/p>\n<p>&#8211; Hienoa ett\u00e4 tulokset ovat n\u00e4in positiivisia.\u00a0 On t\u00e4rke\u00e4\u00e4 saada tutkittua tietoa niist\u00e4 tekij\u00f6ist\u00e4, joita asukkaat arvostavat omassa elinymp\u00e4rist\u00f6ss\u00e4\u00e4n, jotta voimme vastata siihen, mit\u00e4 kaupunkilaiset toivovat tulevilta asuinalueiltaan, sanoo kaavoitusp\u00e4\u00e4llikk\u00f6 <strong>Paula Keskikastari\u00a0<\/strong>kaupunkiymp\u00e4rist\u00f6n kaavoitysyksik\u00f6st\u00e4.<\/p>\n<p>Liikkumisen helppous, asumisen rauhallisuus ja luonnonl\u00e4heisyys koettiin hyv\u00e4n\u00e4<\/p>\n<p>Yleisesti kiitosta uusilla alueilla ker\u00e4siv\u00e4t py\u00f6r\u00e4ilyn sujuvuus, asuinymp\u00e4rist\u00f6n rauhallisuus ja omakotitonttien koot. Kaupunki on aktiivisesti pyrkinyt parantamaan py\u00f6r\u00e4ilyn olosuhteita jo vuosia.<\/p>\n<p>Kyselytutkimuksessa tutkittiin viitt\u00e4 eri aluetta. Linnanf\u00e4ltiss\u00e4 v\u00e4rit ja rakennusten kauneus saivat kiitosta. Kaavoituksen ja rakennuttajan yhteisty\u00f6n p\u00e4\u00e4m\u00e4\u00e4r\u00e4n\u00e4 oli synnytt\u00e4\u00e4 puurakentamisen avulla viihtyisi\u00e4 ja esimerkiksi kelpaava uusi asuinmilj\u00f6\u00f6.\u00a0<\/p>\n<p>Telakkarantaa suunniteltaessa kaupunki tutki tarkkaan alueen n\u00e4kymi\u00e4 ja suojeli historialliset nosturit. T\u00e4m\u00e4 kannatti, sill\u00e4 nykyiset asukkaat arvostavat alueen n\u00e4kymi\u00e4, valoisuutta ja v\u00e4ljyytt\u00e4.\u00a0<\/p>\n<p>Pohjois-Haarlassa ja P\u00e4\u00e4skyvuoressa pidettiin alueiden hiljaisuudesta ja luonnon l\u00e4heisyydest\u00e4, kun taas Vakiniitussa kiiteltiin hyvist\u00e4 kulkuyhteyksist\u00e4 ja alueen turvallisuudesta. N\u00e4ill\u00e4 seuduilla kaupunki onkin halunnut varjella alueen t\u00e4rkeit\u00e4 mets\u00e4alueita ja helpottaa ulkoilua.<\/p>\n<p>&#8211; Kaupunkisuunnittelu on hyvin pitk\u00e4j\u00e4nteist\u00e4 ty\u00f6t\u00e4. Ty\u00f6n laadun kokonaisvaltainen arviointi on hyvin vaikeaa pelkkien kaavakarttojen, lupapiirustusten tai muiden asiakirjojen perusteella. Todellinen laatu n\u00e4kyy vasta kun alueet ovat valmistuneet ja asukkaat kokevat valmista ymp\u00e4rist\u00f6\u00e4 arjessaan. Siksi t\u00e4llaiset jo valmistuneita alueita koskevat kyselyt antavat hyvin arvokasta viisautta tulevien alueiden suunnitteluun, kuvaa kaupunkisuunnittelujohtaja <strong>Timo Hintsanen<\/strong> valmistuneen tutkimuksen merkityst\u00e4.<\/p>\n<p>Turun asukastyytyv\u00e4isyyskysely toteutettiin loppuvuonna 2025. Kyselyn kohderyhm\u00e4n\u00e4 olivat viidell\u00e4 eri asuinalueella olevat asukkaat, joista vastasi noin 450. Tutkimus toistetaan tulevina vuosina uusien asuinalueiden valmistuttua.\u00a0<\/p>\n","protected":false},"excerpt":{"rendered":"Tavoitteena tyytyv\u00e4iset asukkaat kasvavassa kaupungissa Turkuun on rakentunut vauhdilla uusia asuinalueita viimeisen vuosikymmenen aikana. Koska kaupungin tavoitteisiin kuuluu,&hellip;\n","protected":false},"author":2,"featured_media":141806,"comment_status":"","ping_status":"","sticky":false,"template":"","format":"standard","meta":{"footnotes":""},"categories":[12],"tags":[22,23,26,27,33,31,30,17,24,25,28,29,15,18,21,32,19,20,16],"class_list":{"0":"post-141805","1":"post","2":"type-post","3":"status-publish","4":"format-standard","5":"has-post-thumbnail","7":"category-suomi","8":"tag-breaking-news","9":"tag-breakingnews","10":"tag-featured-news","11":"tag-featurednews","12":"tag-fi","13":"tag-finland","14":"tag-finnish","15":"tag-headlines","16":"tag-latest-news","17":"tag-latestnews","18":"tag-main-news","19":"tag-mainnews","20":"tag-news","21":"tag-otsikot","22":"tag-paauutiset","23":"tag-suomi","24":"tag-top-stories","25":"tag-topstories","26":"tag-uutiset"},"share_on_mastodon":{"url":"https:\/\/pubeurope.com\/@fi\/115891981722689557","error":""},"_links":{"self":[{"href":"https:\/\/www.europesays.com\/fi\/wp-json\/wp\/v2\/posts\/141805","targetHints":{"allow":["GET"]}}],"collection":[{"href":"https:\/\/www.europesays.com\/fi\/wp-json\/wp\/v2\/posts"}],"about":[{"href":"https:\/\/www.europesays.com\/fi\/wp-json\/wp\/v2\/types\/post"}],"author":[{"embeddable":true,"href":"https:\/\/www.europesays.com\/fi\/wp-json\/wp\/v2\/users\/2"}],"replies":[{"embeddable":true,"href":"https:\/\/www.europesays.com\/fi\/wp-json\/wp\/v2\/comments?post=141805"}],"version-history":[{"count":0,"href":"https:\/\/www.europesays.com\/fi\/wp-json\/wp\/v2\/posts\/141805\/revisions"}],"wp:featuredmedia":[{"embeddable":true,"href":"https:\/\/www.europesays.com\/fi\/wp-json\/wp\/v2\/media\/141806"}],"wp:attachment":[{"href":"https:\/\/www.europesays.com\/fi\/wp-json\/wp\/v2\/media?parent=141805"}],"wp:term":[{"taxonomy":"category","embeddable":true,"href":"https:\/\/www.europesays.com\/fi\/wp-json\/wp\/v2\/categories?post=141805"},{"taxonomy":"post_tag","embeddable":true,"href":"https:\/\/www.europesays.com\/fi\/wp-json\/wp\/v2\/tags?post=141805"}],"curies":[{"name":"wp","href":"https:\/\/api.w.org\/{rel}","templated":true}]}}