{"id":141811,"date":"2026-01-14T06:29:07","date_gmt":"2026-01-14T06:29:07","guid":{"rendered":"https:\/\/www.europesays.com\/fi\/141811\/"},"modified":"2026-01-14T06:29:07","modified_gmt":"2026-01-14T06:29:07","slug":"emmerdale-juonipaljastukset-tom-vangitaan-ericin-sijoitusongelmat-ja-rubyn-isan-sairaus","status":"publish","type":"post","link":"https:\/\/www.europesays.com\/fi\/141811\/","title":{"rendered":"Emmerdale juonipaljastukset: Tom vangitaan, Ericin sijoitusongelmat ja Rubyn is\u00e4n sairaus"},"content":{"rendered":"<p>            ITV\n        <\/p>\n<p class=\"subtitle \">Ensi viikon Emmerdalessa Tom pakenee, Ericin sijoitukset haihtuvat savuna ilmaan ja Rubyn is\u00e4 kertoo olevansa sairas.<\/p>\n<p class=\"article-content article-content-width !bg-background\">Tom vakuuttelee Amelialle, ett\u00e4 on syyt\u00f6n. Tom v\u00e4itt\u00e4\u00e4 pakenevansa Saudi-Arabiaan ja tahtoo Amelian mukaan.<\/p>\n<p class=\"article-content article-content-width !bg-background\">Tom uhkaa Belle\u00e4, ett\u00e4 h\u00e4n palaa viel\u00e4 kostamaan. Belle pyyt\u00e4\u00e4 Tomia selvitt\u00e4m\u00e4\u00e4n ongelmansa. Tom yritt\u00e4\u00e4 paeta, mutta poliisi nappaa h\u00e4net pian, koska Belle teki pienen jekun.\u00a0<\/p>\n<p class=\"article-content article-content-width !bg-background\">Tom pannaan telkien taakse, miss\u00e4 h\u00e4n ryhtyy juonimaan vastaiskua. Ameliakin tajuaa viimein, mik\u00e4 Tom on miehi\u00e4\u00e4n ja sotkee vihoissaan Jimmyn etuoven. Angelica soittaa Tomille vankilaan, ja Tom puhuu h\u00e4net puolelleen valheillaan.<\/p>\n<p>        <a itemprop=\"url\" href=\"https:\/\/www.seiska.fi\/katso\/emmerdalessa-murheellinen-juonenkaanne-nayttelijatkin-itkivat\/2033806\" rel=\"nofollow noopener\" target=\"_blank\"><\/p>\n<p>\nTraaginen juonenk\u00e4\u00e4nne\n<\/p>\n<p class=\"section-date\">\n        <strong class=\"article-section\" data-section=\"katso\"><br \/>\n            katso<br \/>\n        <\/strong><br \/>\n        3.1. 13:15\n    <\/p>\n<p>Emmerdalessa murheellinen juonenk\u00e4\u00e4nne \u2013 n\u00e4yttelij\u00e4tkin itkiv\u00e4t\n    <\/p>\n<p itemprop=\"description\" class=\"subtitle \">\n    Suosikkisarjassa piipahtaa piakkoin edesmennyt hahmo.\n<\/p>\n<p>        <\/a><\/p>\n<p>Kihlajaiset saavat ik\u00e4v\u00e4n k\u00e4\u00e4nteen<\/p>\n<p class=\"article-content article-content-width !bg-background\">Eric lirkuttelee Brendalle kauniisti Leylan j\u00e4rjest\u00e4miss\u00e4 kalliissa kihlajaisjuhlissaan. Rodney ja muut ihmettev\u00e4t Ericin rahank\u00e4ytt\u00f6\u00e4. Kesken juhlien Ericille paljastuu ik\u00e4v\u00e4 yll\u00e4tys h\u00e4nen sijoituksistaan. Eric jatkaa riskinottoa vedonly\u00f6nnill\u00e4. Liam huolestuu Ericin k\u00e4yt\u00f6ksest\u00e4 ja pohtii, onko l\u00e4\u00e4kitys kohdillaan. Brenda ihmettelee, miksi h\u00e4nen tilins\u00e4 on yht\u00e4kki\u00e4 typ\u00f6tyhj\u00e4. Eric on menett\u00e4nyt sek\u00e4 omat ett\u00e4 Brendan rahat. Brenda kysyy, oliko kosintakaan aito.<\/p>\n<p>                <img decoding=\"async\" src=\"https:\/\/www.europesays.com\/fi\/wp-content\/uploads\/2026\/01\/2044646.webp.jpeg\" width=\"576\" height=\"274\" alt=\"Eric on h\u00e4vinnyt sek\u00e4 omansa ett\u00e4 Brendan rahat.\" loading=\"lazy\" \/>            <\/p>\n<p>\n            Eric on h\u00e4vinnyt sek\u00e4 omansa ett\u00e4 Brendan rahat.<br \/>\n            ITV\n        <\/p>\n<p class=\"article-content article-content-width !bg-background\">Chas puhuu Ellalle h\u00e4nen ja Liamin suhteesta. Ella vastaa s\u00e4ttim\u00e4ll\u00e4. Liam uskaltautuu kertomaan Cainille suhteestaan Chasiin.<\/p>\n<p>        <a itemprop=\"url\" href=\"https:\/\/www.seiska.fi\/katso\/emmerdalen-juonipaljastukset-cain-pettaa-moiraa\/2025062\" rel=\"nofollow noopener\" target=\"_blank\"><\/p>\n<p>\nEmmerdalen juonipaljastukset\n<\/p>\n<p class=\"section-date\">\n        <strong class=\"article-section\" data-section=\"katso\"><br \/>\n            katso<br \/>\n        <\/strong><br \/>\n        31.12.2025 05:15\n    <\/p>\n<p>Emmerdalen juonipaljastukset: Cain pett\u00e4\u00e4 Moiraa\n    <\/p>\n<p itemprop=\"description\" class=\"subtitle \">\n    Ensi viikon Emmerdalessa Moiralle suoritetaan aivoleikkaus, Rubyn vihaama sukulainen ilmestyy kyl\u00e4\u00e4n ja Cain tunaroi toden teolla.\n<\/p>\n<p>        <\/a><\/p>\n<p>Anthony palaa kyl\u00e4\u00e4n<\/p>\n<p class=\"article-content article-content-width !bg-background\">Rubyn is\u00e4 Anthony kertoo, ett\u00e4 h\u00e4nell\u00e4 on eturauhassy\u00f6p\u00e4. Steph toivoo, ett\u00e4 diagnoosi auttaa korjaamaan Anthonyn ja Rubyn v\u00e4lit. Ruby ei kuitenkaan usko, ett\u00e4 h\u00e4nen is\u00e4ns\u00e4 on oikeasti sairas. Caleb ja Steph maanittelevat Ruby\u00e4 hyv\u00e4ksym\u00e4\u00e4n Anthonyn perheen el\u00e4m\u00e4\u00e4n. Ruby saa ahdistuskohtauksen.<\/p>\n<p>        <a itemprop=\"url\" href=\"https:\/\/www.seiska.fi\/katso\/emmerdaleen-ilmestyy-ilkea-pahis-tytarkin-vihaa\/2025347\" rel=\"nofollow noopener\" target=\"_blank\"><\/p>\n<p>\nEmmerdaleen uusi hahmo\n<\/p>\n<p class=\"section-date\">\n        <strong class=\"article-section\" data-section=\"katso\"><br \/>\n            katso<br \/>\n        <\/strong><br \/>\n        29.12.2025 06:15\n    <\/p>\n<p>Emmerdaleen ilmestyy ilke\u00e4 pahis \u2013 tyt\u00e4rkin vihaa\n    <\/p>\n<p itemprop=\"description\" class=\"subtitle \">\n    Suosikkisarjaan saapuu per\u00e4ti kaksi uutta hahmoa.\n<\/p>\n<p>        <\/a><\/p>\n<p class=\"article-content article-content-width !bg-background\">Mackenziell\u00e4 on yht\u00e4kki\u00e4 paljon rahaa ja h\u00e4n tuhlailee joululahjaostoksilla. Mackenzie l\u00e4hentyy Mosesin kanssa, mik\u00e4 suututtaa Rossia. Ross yritt\u00e4\u00e4 hankkia uhkailevan Jaden ottelurahat takaisin. Jade huomaa kyl\u00e4ss\u00e4 Aprilin ja tekee tuttavuutta.<\/p>\n<p class=\"italic m-italic article-content article-content-width !bg-background\">Emmerdale MTV3:lla maanantaista perjantaihin.<\/p>\n<p>        <a itemprop=\"url\" href=\"https:\/\/www.seiska.fi\/katso\/per-muutti-thaimaahan-rakkauden-perassa-oli-menettaa-henkensa\/2032576\" rel=\"nofollow noopener\" target=\"_blank\"><\/p>\n<p>\nPer muutti Thaimaahan\n<\/p>\n<p class=\"section-date\">\n        <strong class=\"article-section\" data-section=\"katso\"><br \/>\n            katso<br \/>\n        <\/strong><br \/>\n        29.12.2025 10:25\n    <\/p>\n<p>Per muutti Thaimaahan rakkauden per\u00e4ss\u00e4 \u2013 oli menett\u00e4\u00e4 henkens\u00e4\n    <\/p>\n<p itemprop=\"description\" class=\"subtitle \">\n    Miesten paratiisi -sarjan toisella kaudella seurataan tanskalaismiehi\u00e4, jotka el\u00e4v\u00e4t Thaimaassa.\n<\/p>\n<p>        <\/a><\/p>\n","protected":false},"excerpt":{"rendered":"ITV Ensi viikon Emmerdalessa Tom pakenee, Ericin sijoitukset haihtuvat savuna ilmaan ja Rubyn is\u00e4 kertoo olevansa sairas. Tom&hellip;\n","protected":false},"author":2,"featured_media":141812,"comment_status":"","ping_status":"","sticky":false,"template":"","format":"standard","meta":{"footnotes":""},"categories":[133],"tags":[1192,15297,22634,1182,24411,24412,6532,1183,6534,137,33,31,30,101,5413,905,32,206,156,109],"class_list":{"0":"post-141811","1":"post","2":"type-post","3":"status-publish","4":"format-standard","5":"has-post-thumbnail","7":"category-televisiot","8":"tag-draamasarja","9":"tag-emmerdale-amelia","10":"tag-emmerdale-anthony","11":"tag-emmerdale-belle","12":"tag-emmerdale-brenda","13":"tag-emmerdale-eric","14":"tag-emmerdale-ruby","15":"tag-emmerdale-tom-king","16":"tag-emmerdalen-juonipaljastukset","17":"tag-entertainment","18":"tag-fi","19":"tag-finland","20":"tag-finnish","21":"tag-ihmissuhteet","22":"tag-kihlajaiset","23":"tag-mtv3","24":"tag-suomi","25":"tag-televisiot","26":"tag-tv","27":"tag-viihde"},"share_on_mastodon":{"url":"https:\/\/pubeurope.com\/@fi\/115892044702072303","error":""},"_links":{"self":[{"href":"https:\/\/www.europesays.com\/fi\/wp-json\/wp\/v2\/posts\/141811","targetHints":{"allow":["GET"]}}],"collection":[{"href":"https:\/\/www.europesays.com\/fi\/wp-json\/wp\/v2\/posts"}],"about":[{"href":"https:\/\/www.europesays.com\/fi\/wp-json\/wp\/v2\/types\/post"}],"author":[{"embeddable":true,"href":"https:\/\/www.europesays.com\/fi\/wp-json\/wp\/v2\/users\/2"}],"replies":[{"embeddable":true,"href":"https:\/\/www.europesays.com\/fi\/wp-json\/wp\/v2\/comments?post=141811"}],"version-history":[{"count":0,"href":"https:\/\/www.europesays.com\/fi\/wp-json\/wp\/v2\/posts\/141811\/revisions"}],"wp:featuredmedia":[{"embeddable":true,"href":"https:\/\/www.europesays.com\/fi\/wp-json\/wp\/v2\/media\/141812"}],"wp:attachment":[{"href":"https:\/\/www.europesays.com\/fi\/wp-json\/wp\/v2\/media?parent=141811"}],"wp:term":[{"taxonomy":"category","embeddable":true,"href":"https:\/\/www.europesays.com\/fi\/wp-json\/wp\/v2\/categories?post=141811"},{"taxonomy":"post_tag","embeddable":true,"href":"https:\/\/www.europesays.com\/fi\/wp-json\/wp\/v2\/tags?post=141811"}],"curies":[{"name":"wp","href":"https:\/\/api.w.org\/{rel}","templated":true}]}}