{"id":141813,"date":"2026-01-14T06:30:07","date_gmt":"2026-01-14T06:30:07","guid":{"rendered":"https:\/\/www.europesays.com\/fi\/141813\/"},"modified":"2026-01-14T06:30:07","modified_gmt":"2026-01-14T06:30:07","slug":"yle-jaadytti-umkn-facebook-sivut-tassa-syy","status":"publish","type":"post","link":"https:\/\/www.europesays.com\/fi\/141813\/","title":{"rendered":"Yle j\u00e4\u00e4dytti UMK:n Facebook-sivut \u2013 T\u00e4ss\u00e4 syy"},"content":{"rendered":"<p>Suomen viisuedustaja valitaan ensi kuussa.<\/p>\n<p><img decoding=\"async\" class=\"image image-show image-preview\" src=\"https:\/\/www.europesays.com\/fi\/wp-content\/uploads\/2026\/01\/83075c3e6c799002842e6f5f24ad5d45323e1e68f108f1a54d64bc1f6d58b5e1.jpg\" alt=\"\"\/><img decoding=\"async\" class=\"image image-show\" src=\"https:\/\/www.europesays.com\/fi\/wp-content\/uploads\/2026\/01\/1768372207_192_83075c3e6c799002842e6f5f24ad5d45323e1e68f108f1a54d64bc1f6d58b5e1.jpg\" alt=\"\"\/><\/p>\n<p>UMK-voittaja valittiin my\u00f6s viime vuonna Nokia-areenalla Tampereella. Sveitsiss\u00e4 Suomea edusti Erika Vikman. Roosa Br\u00f6ijer<\/p>\n<p class=\"paragraph\">Suomen Euroviisujen edustaja It\u00e4valtaan valitaan 28. helmikuuta Tampereella. T\u00e4n\u00e4\u00e4n julkistetaan suorassa l\u00e4hetyksess\u00e4 paikasta kilpailevat artistit. UMK26: Artistijulkistus -ohjelma tulee TV1:lt\u00e4.<\/p>\n<p class=\"paragraph\">Viel\u00e4 viime vuonna katsojat k\u00e4viv\u00e4t v\u00e4lill\u00e4 kiivastakin keskustelua Uuden musiikin kilpailun <a href=\"https:\/\/www.facebook.com\/UudenMusiikinKilpailu\" target=\"_blank\" rel=\"noopener nofollow\">Facebookissa<\/a>. En\u00e4\u00e4 sama ei onnistu. UMK j\u00e4tti Fb:n Sveitsin Baselissa j\u00e4rjestetyn Eurovision laulukilpailun j\u00e4lkeen. Hyv\u00e4stej\u00e4 perusteltiin muun muassa n\u00e4in:<\/p>\n<p class=\"paragraph\">\u2013\u2009Syyn\u00e4 p\u00e4\u00e4t\u00f6kseen on keskustelukulttuurin merkitt\u00e4v\u00e4 heikentyminen Facebookissa. Ylen keskusteluohjeen mukaisesti emme julkaise vihapuhetta, kuten uhkauksia, pilkkaa, yksityisyyden loukkauksia, rasistisia viestej\u00e4, emmek\u00e4 ulkon\u00e4\u00f6n tai luonteen tarpeetonta ruodintaa, aiheen ohi kommentointia tai tarpeetonta provokaatiota.<\/p>\n<p class=\"paragraph\">\u2013\u2009Valitettavasti juuri t\u00e4llaiset sis\u00e4ll\u00f6t ovat yleistyneet Facebookin kommenttikentiss\u00e4 etenkin kuluneella UMK-kaudella, emmek\u00e4 pysty en\u00e4\u00e4 moderoimaan niit\u00e4 sill\u00e4 nopeudella ja tarkkuudella, jota vastuullinen keskustelu vaatisi.<\/p>\n<p class=\"paragraph\">Sivu ehti olla alustalla vuodesta 2012 l\u00e4htien. Nyt korostuvat muut somekanavat eli Youtube, Instagram ja Tiktok.<\/p>\n<p class=\"paragraph\">\u2013 UMK el\u00e4\u00e4 ajassa ja siirtyy sinne, miss\u00e4 keskustelua on mahdollista k\u00e4yd\u00e4 turvallisesti ja kunnioittavasti.<\/p>\n<p>UMK on t\u00e4t\u00e4 nyky\u00e4 l\u00e4sn\u00e4 Tiktokissa, Youtubessa ja Instagramissa. Yle<\/p>\n<p class=\"paragraph\">Esimerkiksi Tiktokissa onkin jo julkaistu tuttuun tapaan Starter pack -arvuutteluja, joiden perusteella voi veikkailla t\u00e4m\u00e4n vuoden artisteja. Heit\u00e4 on seitsem\u00e4n. Halukkaita oli moninkertaisesti enemm\u00e4n. Kisaan l\u00e4hetettiin l\u00e4hemm\u00e4s 500 kappaletta, joista UMK26-biisit karsittiin.<\/p>\n<p class=\"paragraph\">Kaikki seitsem\u00e4n UMK-artistien kappaletta musiikkivideoineen esitet\u00e4\u00e4n huomisesta alkaen arkip\u00e4ivisin TV1:ll\u00e4 juuri ennen iltakuuden uutisia. Areenassa kappaleet julkaistaan heti puolilta\u00f6in vuorokauden vaihduttua.<\/p>\n<p>Ylen p\u00e4\u00e4t\u00f6ksen mukaisesti my\u00f6s Efter nio -ohjelma poistui viime vuoden lopulla Facebookista. Frida L\u00f6nnroos, Yle<\/p>\n<p class=\"paragraph\">UMK:n omien Fb-sivujen j\u00e4\u00e4dytt\u00e4minen liittyy my\u00f6s laajemmin <a href=\"https:\/\/www.iltalehti.fi\/tv-ja-leffat\/c8e28a39-e924-442b-b512-59bccea5d2c2\" rel=\"nofollow noopener\" target=\"_blank\">Ylen tavoitteeseen lakkauttaa ja keskitt\u00e4\u00e4 somekanavien m\u00e4\u00e4r\u00e4\u00e4<\/a>. T\u00e4m\u00e4 strategia on koitunut my\u00f6s esimerkiksi Efter nion ja Puoli seitsem\u00e4n Facebook-sivujen kohtaloksi.<\/p>\n<p class=\"paragraph\">UMK26: Artistijulkistus t\u00e4n\u00e4\u00e4n TV1:ll\u00e4 kello 19.30 &amp; Areenassa. <a href=\"https:\/\/www.iltalehti.fi\/telkku\/\" rel=\"nofollow noopener\" target=\"_blank\">Katso kaikki\u00a0TV-ohjelmat ja l\u00e4hetysajat Telkun TV-oppaasta<\/a>.<\/p>\n","protected":false},"excerpt":{"rendered":"Suomen viisuedustaja valitaan ensi kuussa. UMK-voittaja valittiin my\u00f6s viime vuonna Nokia-areenalla Tampereella. Sveitsiss\u00e4 Suomea edusti Erika Vikman. Roosa&hellip;\n","protected":false},"author":2,"featured_media":141814,"comment_status":"","ping_status":"","sticky":false,"template":"","format":"standard","meta":{"footnotes":""},"categories":[132],"tags":[35,138,137,33,31,30,195,47,141,979,32,484,109],"class_list":{"0":"post-141813","1":"post","2":"type-post","3":"status-publish","4":"format-standard","5":"has-post-thumbnail","7":"category-musiikki","8":"tag-24h","9":"tag-audio","10":"tag-entertainment","11":"tag-fi","12":"tag-finland","13":"tag-finnish","14":"tag-music","15":"tag-musiikki","16":"tag-muusikot-bandit","17":"tag-sahkoinen-media","18":"tag-suomi","19":"tag-taiteellinen-ilmaisu-ja-mediat","20":"tag-viihde"},"share_on_mastodon":{"url":"https:\/\/pubeurope.com\/@fi\/115892048516668567","error":""},"_links":{"self":[{"href":"https:\/\/www.europesays.com\/fi\/wp-json\/wp\/v2\/posts\/141813","targetHints":{"allow":["GET"]}}],"collection":[{"href":"https:\/\/www.europesays.com\/fi\/wp-json\/wp\/v2\/posts"}],"about":[{"href":"https:\/\/www.europesays.com\/fi\/wp-json\/wp\/v2\/types\/post"}],"author":[{"embeddable":true,"href":"https:\/\/www.europesays.com\/fi\/wp-json\/wp\/v2\/users\/2"}],"replies":[{"embeddable":true,"href":"https:\/\/www.europesays.com\/fi\/wp-json\/wp\/v2\/comments?post=141813"}],"version-history":[{"count":0,"href":"https:\/\/www.europesays.com\/fi\/wp-json\/wp\/v2\/posts\/141813\/revisions"}],"wp:featuredmedia":[{"embeddable":true,"href":"https:\/\/www.europesays.com\/fi\/wp-json\/wp\/v2\/media\/141814"}],"wp:attachment":[{"href":"https:\/\/www.europesays.com\/fi\/wp-json\/wp\/v2\/media?parent=141813"}],"wp:term":[{"taxonomy":"category","embeddable":true,"href":"https:\/\/www.europesays.com\/fi\/wp-json\/wp\/v2\/categories?post=141813"},{"taxonomy":"post_tag","embeddable":true,"href":"https:\/\/www.europesays.com\/fi\/wp-json\/wp\/v2\/tags?post=141813"}],"curies":[{"name":"wp","href":"https:\/\/api.w.org\/{rel}","templated":true}]}}