{"id":141821,"date":"2026-01-14T06:37:09","date_gmt":"2026-01-14T06:37:09","guid":{"rendered":"https:\/\/www.europesays.com\/fi\/141821\/"},"modified":"2026-01-14T06:37:09","modified_gmt":"2026-01-14T06:37:09","slug":"suomalainen-menestysresepti-kilpailun-voittajan-julkistus-27-1-sok","status":"publish","type":"post","link":"https:\/\/www.europesays.com\/fi\/141821\/","title":{"rendered":"Suomalainen menestysresepti -kilpailun voittajan julkistus 27.1. | SOK"},"content":{"rendered":"<p><strong><\/p>\n<p><strong>Tervetuloa Suomalainen menestysresepti -kilpailun mediatilaisuuteen tiistaina 27.1. klo 10\u201311.30 Flavour studiolle Helsingin Teurastamolle (Ty\u00f6pajankatu 2, Helsinki). Tilaisuudessa julkistamme embargolla kilpailun seitsem\u00e4nnen tuotantokauden voittajan. Aamup\u00e4iv\u00e4n aikana p\u00e4\u00e4set jututtamaan kilpailun voittajaa ja <a href=\"https:\/\/s-ryhma.fi\/uutinen\/suomalainen-menestysresepti-ohjelman-finalistit-on\/4osIwCF4v0rqNG4IGsaMSO\" rel=\"nofollow noopener\" target=\"_blank\">finalisteja<\/a> sek\u00e4 maistelemaan ennakkoon heid\u00e4n kehitt\u00e4mi\u00e4\u00e4n uutuustuotteita.\u00a0 <\/strong><a href=\"https:\/\/forms.office.com\/Pages\/ResponsePage.aspx?id=w61SprN7EkOOsGqzI_fWzfM06heZxK1HiReMeUky_sRUQkxSV0lJMlhOMTVUVjVCSDJLMDg0TVEzNy4u\" rel=\"nofollow noopener\" target=\"_blank\">Ilmoittaudu mukaan t\u00e4st\u00e4!<\/a><\/p>\n<p><\/strong><\/p>\n<p>Kilpailun voittaja selvi\u00e4\u00e4 katsojille ja koko Suomen kansalle samana iltana MTV3-kanavalla esitett\u00e4v\u00e4ss\u00e4 finaalijaksossa. <strong>Aihe on julkaisuvapaa heti finaalijakson p\u00e4\u00e4tytty\u00e4 27.1. klo 21. <\/strong>Tuotteet lanseerataan S-ryhm\u00e4n ruokakaupoissa kautta maan seuraavana p\u00e4iv\u00e4n\u00e4 28.1.<\/p>\n<p>Paikalla haastateltavana ovat my\u00f6s kilpailun tuomaristosta tutut\u00a0<strong>Jyrki Sukula <\/strong>ja S-ryhm\u00e4n p\u00e4ivitt\u00e4istavarakaupan johtaja <strong>Antti Oksa<\/strong>.<\/p>\n<p>Osallistuvat saavat tilaisuuden p\u00e4\u00e4tteeksi tiedotteen embargolla etuk\u00e4teen ja mukaan uutuustuotteiden tuoten\u00e4ytteet.<\/p>\n<p><a href=\"https:\/\/forms.office.com\/Pages\/ResponsePage.aspx?id=w61SprN7EkOOsGqzI_fWzfM06heZxK1HiReMeUky_sRUQkxSV0lJMlhOMTVUVjVCSDJLMDg0TVEzNy4u\" rel=\"nofollow noopener\" target=\"_blank\">Ilmoittaudu tilaisuuteen t\u00e4st\u00e4<\/a> ja tutustu alta aamup\u00e4iv\u00e4n tarkempaan ohjelmaan. Tervetuloa mukaan!\u00a0<\/p>\n<p>klo 10.00 Tilaisuus alkaa<\/p>\n<p>klo 10.20 Finalistien esittelyt<\/p>\n<p>klo 10.30 Maistelukierros<\/p>\n<p>klo 11.00 Voittajan paljastus (julkivapaa klo 21)<\/p>\n<p>klo 11.10 Aikaa haastatteluille, valokuvaukselle ja tuotteisiin tutustumiselle<\/p>\n<p>klo 11.30 Tilaisuus p\u00e4\u00e4ttyy<\/p>\n","protected":false},"excerpt":{"rendered":"Tervetuloa Suomalainen menestysresepti -kilpailun mediatilaisuuteen tiistaina 27.1. klo 10\u201311.30 Flavour studiolle Helsingin Teurastamolle (Ty\u00f6pajankatu 2, Helsinki). Tilaisuudessa julkistamme&hellip;\n","protected":false},"author":2,"featured_media":141822,"comment_status":"","ping_status":"","sticky":false,"template":"","format":"standard","meta":{"footnotes":""},"categories":[76],"tags":[79,77,33,31,30,32,78],"class_list":{"0":"post-141821","1":"post","2":"type-post","3":"status-publish","4":"format-standard","5":"has-post-thumbnail","7":"category-talous","8":"tag-business","9":"tag-economy","10":"tag-fi","11":"tag-finland","12":"tag-finnish","13":"tag-suomi","14":"tag-talous"},"share_on_mastodon":{"url":"https:\/\/pubeurope.com\/@fi\/115892076181169684","error":""},"_links":{"self":[{"href":"https:\/\/www.europesays.com\/fi\/wp-json\/wp\/v2\/posts\/141821","targetHints":{"allow":["GET"]}}],"collection":[{"href":"https:\/\/www.europesays.com\/fi\/wp-json\/wp\/v2\/posts"}],"about":[{"href":"https:\/\/www.europesays.com\/fi\/wp-json\/wp\/v2\/types\/post"}],"author":[{"embeddable":true,"href":"https:\/\/www.europesays.com\/fi\/wp-json\/wp\/v2\/users\/2"}],"replies":[{"embeddable":true,"href":"https:\/\/www.europesays.com\/fi\/wp-json\/wp\/v2\/comments?post=141821"}],"version-history":[{"count":0,"href":"https:\/\/www.europesays.com\/fi\/wp-json\/wp\/v2\/posts\/141821\/revisions"}],"wp:featuredmedia":[{"embeddable":true,"href":"https:\/\/www.europesays.com\/fi\/wp-json\/wp\/v2\/media\/141822"}],"wp:attachment":[{"href":"https:\/\/www.europesays.com\/fi\/wp-json\/wp\/v2\/media?parent=141821"}],"wp:term":[{"taxonomy":"category","embeddable":true,"href":"https:\/\/www.europesays.com\/fi\/wp-json\/wp\/v2\/categories?post=141821"},{"taxonomy":"post_tag","embeddable":true,"href":"https:\/\/www.europesays.com\/fi\/wp-json\/wp\/v2\/tags?post=141821"}],"curies":[{"name":"wp","href":"https:\/\/api.w.org\/{rel}","templated":true}]}}