{"id":141823,"date":"2026-01-14T06:38:07","date_gmt":"2026-01-14T06:38:07","guid":{"rendered":"https:\/\/www.europesays.com\/fi\/141823\/"},"modified":"2026-01-14T06:38:07","modified_gmt":"2026-01-14T06:38:07","slug":"ruotsi-kulkee-nyt-aivan-eri-suuntaan-kuin-suomi-lahtenyt-tanskan-tueksi","status":"publish","type":"post","link":"https:\/\/www.europesays.com\/fi\/141823\/","title":{"rendered":"Ruotsi kulkee nyt aivan eri suuntaan kuin Suomi \u2013 &#8221;L\u00e4htenyt Tanskan tueksi&#8221;"},"content":{"rendered":"<p>Ruotsi ja Tanska ottavat et\u00e4isyytt\u00e4 Yhdysvaltoihin ja tukeutuvat enemm\u00e4n Eurooppaan. Suomi vaalii yh\u00e4 tiivist\u00e4 suhdettaan suurvaltaan.<\/p>\n<p><img decoding=\"async\" class=\"image image-show image-preview\" src=\"https:\/\/www.europesays.com\/fi\/wp-content\/uploads\/2026\/01\/7afb2384490575b3e9ff40d7b0df7a212e04d9c78e386f080a4e597a0d994656.jpg\" alt=\"\"\/><img decoding=\"async\" class=\"image image-show\" src=\"https:\/\/www.europesays.com\/fi\/wp-content\/uploads\/2026\/01\/1768372687_318_7afb2384490575b3e9ff40d7b0df7a212e04d9c78e386f080a4e597a0d994656.jpg\" alt=\"\"\/><\/p>\n<p>Ulf Kristersson S\u00e4lenin turvallisuuskonferensissa. Evelina Carborn<\/p>\n<p class=\"paragraph\">Ruotsin ulkopoliittinen linja suhteessa Yhdysvaltoihin on muuttunut aiempaa jyrkemm\u00e4ksi ja suorasanaisemmaksi, erityisesti verrattuna Suomeen.<\/p>\n<p class=\"paragraph\">Muutos <a href=\"https:\/\/www.iltalehti.fi\/politiikka\/acd5b97b-7018-48e7-8789-e1ed0fe306f9\" rel=\"nofollow noopener\" target=\"_blank\">n\u00e4kyi<\/a> S\u00e4lenin turvallisuuskonferenssissa, jossa Ruotsin p\u00e4\u00e4ministeri <a href=\"https:\/\/www.iltalehti.fi\/henkilot\/Ulf Kristersson\" class=\"article-link-person-page\" rel=\"nofollow noopener\" target=\"_blank\">Ulf Kristersson<\/a> tylytti julkisesti Yhdysvaltain presidentti <a href=\"https:\/\/www.iltalehti.fi\/henkilot\/Donald Trump\" class=\"article-link-person-page\" rel=\"nofollow noopener\" target=\"_blank\">Donald Trumpia<\/a>.<\/p>\n<p class=\"paragraph\">\u2013 USA:n pit\u00e4isi p\u00e4invastoin kiitt\u00e4\u00e4 Tanskaa, joka on l\u00e4pi vuosien ollut eritt\u00e4in lojaali liittolainen. Afganistanissa ja Irakissa yli 50 tanskalaista sotilasta maksoi korkeimman mahdollisen hinnan lojaaliudestaan, Kristersson sanoi.<\/p>\n<p class=\"paragraph\">Kristerssonin mukaan Euroopan maat nousevat yhdess\u00e4 puolustamaan Tanskaa. Lis\u00e4ksi h\u00e4n <a href=\"https:\/\/x.com\/SwedishPM\/status\/2009910302385545340\" target=\"_blank\" rel=\"noopener nofollow\">kutsui<\/a> viestipalvelu X:ss\u00e4 teknomiljard\u00f6\u00f6ri <a href=\"https:\/\/www.iltalehti.fi\/henkilot\/Elon Musk\" class=\"article-link-person-page\" rel=\"nofollow noopener\" target=\"_blank\">Elon Muskia<\/a> kusip\u00e4\u00e4ksi (engl. asshole).<\/p>\n<p class=\"paragraph\">L\u00e4nsinaapurissamme on my\u00f6s <a href=\"https:\/\/www.iltalehti.fi\/ulkomaat\/a9d135ae-3712-433e-926f-367110869039\" rel=\"nofollow noopener\" target=\"_blank\">her\u00e4nnyt huoli<\/a> Trumpin imperialististen pyrkimysten ulottumisesta my\u00f6s Ruotsin maaper\u00e4lle.<\/p>\n<p class=\"paragraph\">Samaan aikaan Suomen suhde Yhdysvaltoihin jatkuu \u201dpoikkeuksellisen tiiviin\u00e4\u201d, <a href=\"https:\/\/www.iltalehti.fi\/ulkomaat\/30539271-9018-4639-87e5-e4cee08d44e9\" rel=\"nofollow noopener\" target=\"_blank\">arvioi<\/a> ulkopolitiikan asiantuntija <strong>Henri Vanhanen<\/strong>. Suomen valtiojohto on pyrkinyt v\u00e4ltt\u00e4m\u00e4\u00e4n Trumpia suututtavia lausuntoja, vaikkakin \u00e4\u00e4nens\u00e4vy on viime aikoina kiristynyt.<\/p>\n<p>Tanskan tukena<\/p>\n<p class=\"paragraph\">Helsingin yliopiston Pohjoismaiden tutkimuksen professori <a href=\"https:\/\/www.iltalehti.fi\/henkilot\/Johan Strang\" class=\"article-link-person-page\" rel=\"nofollow noopener\" target=\"_blank\">Johan Strang<\/a> on huomannut Ruotsin linjan muuttuneen. H\u00e4n l\u00e4hestyy asiaa kuitenkin Tanskan ja Pohjoismaiden solidaarisuuden kannalta.<\/p>\n<p>Johan Strangin mukaan Ruotsin suhtautuminen Yhdysvaltoihin on viime aikoina muuttunut selv\u00e4sti suorasanaisemmaksi. Helsingin yliopisto<\/p>\n<p class=\"paragraph\">Strangin mukaan Ruotsilla on kolme l\u00e4hinaapuria, joiden kaikkien kanssa se pyrkii olemaan paras yst\u00e4v\u00e4.<\/p>\n<p class=\"paragraph\">\u2013 Tanska on l\u00e4htenyt jyrkimmin torjumaan Trumpin vaatimuksia ja Ruotsi on ik\u00e4\u00e4n kuin l\u00e4htenyt Tanskan tueksi siihen.<\/p>\n<p class=\"paragraph\">S\u00e4lenin konferenssin ainoa Pohjoismaista tuleva vieras oli Strangin mukaan Suomen ulkoministeri <a href=\"https:\/\/www.iltalehti.fi\/henkilot\/Elina Valtonen\" class=\"article-link-person-page\" rel=\"nofollow noopener\" target=\"_blank\">Elina Valtonen<\/a> (kok).<\/p>\n<p class=\"paragraph\">\u2013 H\u00e4n j\u00e4i v\u00e4h\u00e4n varjoon juuri t\u00e4m\u00e4n Gr\u00f6nlanti-kysymyksen takia, oli hyvin varovainen lausunnossaan ja puhui l\u00e4hinn\u00e4 Ven\u00e4j\u00e4n uhasta.<\/p>\n<p>Ei odotuksia<\/p>\n<p class=\"paragraph\">Strang arvioi ruotsalaisten ja tanskalaisten ymm\u00e4rt\u00e4v\u00e4n hyvin, mist\u00e4 Suomen linja kumpuaa.<\/p>\n<p class=\"paragraph\">\u2013 Suomen maantieteellinen ja geopoliittinen asema n\u00e4hd\u00e4\u00e4n sellaisena, ettei Suomelta odotetakaan jyrkki\u00e4 ulostuloja Yhdysvaltojen suuntaan. Suomi on mukana yhteispohjoismaisissa ja eurooppalaisissa linjauksissa, mutta oma turvallisuusagenda rajoittaa liikkumatilaa.<\/p>\n<p class=\"paragraph\">Gr\u00f6nlantiin liittyen Ruotsissa on esitetty ajatuksia esimerkiksi joukkojen l\u00e4hett\u00e4misest\u00e4 alueelle \u2013 ei Yhdysvaltoja vastaan, vaan symbolisena eleen\u00e4, jolla Eurooppa ja Pohjoismaat osoittaisivat ottavansa vastuun alueen turvallisuudesta.<\/p>\n<p>Ruotsi aikoo sijoittaa mekanisoidun pataljoonan my\u00f6s Suomen Lappiin. Kuvituskuva. AOP<\/p>\n<p class=\"paragraph\">\u2013 Ruotsin Nato-j\u00e4senyys oli poliittisesti vaikeampi prosessi kuin Suomessa, ja Ruotsissa on yh\u00e4 Suomea suurempi Nato-skeptinen joukko. T\u00e4st\u00e4 huolimatta sek\u00e4 Ruotsissa ett\u00e4 Tanskassa on n\u00e4ht\u00e4viss\u00e4 selke\u00e4 k\u00e4\u00e4nne kohti Eurooppaa ja pois yksinomaisesta Yhdysvaltoihin nojaamisesta.<\/p>\n<p class=\"paragraph\">Ruotsissa ja Tanskassa k\u00e4yd\u00e4\u00e4n Strangin mukaan t\u00e4ll\u00e4 hetkell\u00e4 avoimempaa ja rehellisemp\u00e4\u00e4 keskustelua Yhdysvaltojen roolista kuin Suomessa.<\/p>\n<p class=\"paragraph\">\u2013 Meill\u00e4 on v\u00e4h\u00e4n oma agenda aina ja kyll\u00e4 se Ruotsissa ja Tanskassa ymm\u00e4rret\u00e4\u00e4n. Ei t\u00e4\u00e4lt\u00e4 mit\u00e4\u00e4n jyrkki\u00e4 lausuntoja odoteta.<\/p>\n<p>Stubbin poikkeuksellisen tiivis yhteydenpito Valkoiseen taloon on tuonut h\u00e4nelle lis\u00e4nimen   \u201dTrump-kuiskaaja\u201d. Will Oliver \/ EPA<\/p>\n","protected":false},"excerpt":{"rendered":"Ruotsi ja Tanska ottavat et\u00e4isyytt\u00e4 Yhdysvaltoihin ja tukeutuvat enemm\u00e4n Eurooppaan. Suomi vaalii yh\u00e4 tiivist\u00e4 suhdettaan suurvaltaan. Ulf Kristersson&hellip;\n","protected":false},"author":2,"featured_media":141824,"comment_status":"","ping_status":"","sticky":false,"template":"","format":"standard","meta":{"footnotes":""},"categories":[14],"tags":[35,22,23,26,27,33,31,30,17,24,25,28,29,15,18,21,142,637,144,886,32,19,20,56,16,638,59,60,61],"class_list":{"0":"post-141823","1":"post","2":"type-post","3":"status-publish","4":"format-standard","5":"has-post-thumbnail","7":"category-ulkomaat","8":"tag-24h","9":"tag-breaking-news","10":"tag-breakingnews","11":"tag-featured-news","12":"tag-featurednews","13":"tag-fi","14":"tag-finland","15":"tag-finnish","16":"tag-headlines","17":"tag-latest-news","18":"tag-latestnews","19":"tag-main-news","20":"tag-mainnews","21":"tag-news","22":"tag-otsikot","23":"tag-paauutiset","24":"tag-poliitikot","25":"tag-politiikka","26":"tag-presidentti","27":"tag-puolueet","28":"tag-suomi","29":"tag-top-stories","30":"tag-topstories","31":"tag-ulkomaat","32":"tag-uutiset","33":"tag-valtiovalta","34":"tag-world","35":"tag-world-news","36":"tag-worldnews"},"share_on_mastodon":{"url":"https:\/\/pubeurope.com\/@fi\/115892080103210063","error":""},"_links":{"self":[{"href":"https:\/\/www.europesays.com\/fi\/wp-json\/wp\/v2\/posts\/141823","targetHints":{"allow":["GET"]}}],"collection":[{"href":"https:\/\/www.europesays.com\/fi\/wp-json\/wp\/v2\/posts"}],"about":[{"href":"https:\/\/www.europesays.com\/fi\/wp-json\/wp\/v2\/types\/post"}],"author":[{"embeddable":true,"href":"https:\/\/www.europesays.com\/fi\/wp-json\/wp\/v2\/users\/2"}],"replies":[{"embeddable":true,"href":"https:\/\/www.europesays.com\/fi\/wp-json\/wp\/v2\/comments?post=141823"}],"version-history":[{"count":0,"href":"https:\/\/www.europesays.com\/fi\/wp-json\/wp\/v2\/posts\/141823\/revisions"}],"wp:featuredmedia":[{"embeddable":true,"href":"https:\/\/www.europesays.com\/fi\/wp-json\/wp\/v2\/media\/141824"}],"wp:attachment":[{"href":"https:\/\/www.europesays.com\/fi\/wp-json\/wp\/v2\/media?parent=141823"}],"wp:term":[{"taxonomy":"category","embeddable":true,"href":"https:\/\/www.europesays.com\/fi\/wp-json\/wp\/v2\/categories?post=141823"},{"taxonomy":"post_tag","embeddable":true,"href":"https:\/\/www.europesays.com\/fi\/wp-json\/wp\/v2\/tags?post=141823"}],"curies":[{"name":"wp","href":"https:\/\/api.w.org\/{rel}","templated":true}]}}