{"id":141825,"date":"2026-01-14T06:39:06","date_gmt":"2026-01-14T06:39:06","guid":{"rendered":"https:\/\/www.europesays.com\/fi\/141825\/"},"modified":"2026-01-14T06:39:06","modified_gmt":"2026-01-14T06:39:06","slug":"jyvaskylan-yliopisto-kehittaa-uudenlaista-kaksikielista-varhaiskasvatuksen-opettajakoulutusta","status":"publish","type":"post","link":"https:\/\/www.europesays.com\/fi\/141825\/","title":{"rendered":"Jyv\u00e4skyl\u00e4n yliopisto kehitt\u00e4\u00e4 uudenlaista kaksikielist\u00e4 varhaiskasvatuksen opettajakoulutusta"},"content":{"rendered":"<p><strong><\/p>\n<p>Jyv\u00e4skyl\u00e4n yliopisto sai opetus- ja kulttuuriministeri\u00f6lt\u00e4 300\u202f000 euron rahoituksen toiminnallisesti kaksikielisen varhaiskasvatuksen kandidaattiohjelman kehitt\u00e4miseen.<\/p>\n<p><\/strong><\/p>\n<p>Uuden ohjelman tavoitteena on yhdist\u00e4\u00e4 kieliopinnot ja varhaiskasvatustieteen opinnot siten, ett\u00e4 opiskelijan suomen tai ruotsin kielen taito kehittyy riitt\u00e4v\u00e4n vahvaksi ty\u00f6skentelyyn suomalaisilla ty\u00f6markkinoilla.<\/p>\n<p>Koulutus aloitetaan englannin kielell\u00e4 ja siit\u00e4 siirryt\u00e4\u00e4n tavoitteellisesti ja systemaattisesti suomenkieliseen opetukseen ja toimintaan. P\u00e4\u00e4osalle opiskelijoista l\u00e4ht\u00f6kohtana on Suomeen ty\u00f6llistyminen, suomen kielen tavoitteellinen opiskelu ja osaamisen kehitt\u00e4minen. Ohjelma mahdollistaa valmistumisen j\u00e4lkeen my\u00f6s akateemisten opintojen jatkamisen tai ty\u00f6llistymisen Suomen ulkopuolelle.<\/p>\n<p>Toiminnallisesti kaksikielinen koulutus on yliopistokent\u00e4ss\u00e4 uusi avaus. Kaksikielist\u00e4 koulutusta kehitet\u00e4\u00e4n ammattikorkeakoulusektorin kokemuksiin nojaten. Yhteisty\u00f6kumppanina hankkeessa on JAMK.<\/p>\n<p>&#8211; Ideana toiminnallisesti kaksikielisess\u00e4 koulutuksessa on se, ett\u00e4 viestint\u00e4- ja kieliopinnot nivotaan koulutukseen siten, ett\u00e4 koulutuksen aikana opiskelijoiden on mahdollista kehitt\u00e4\u00e4 suomen tai ruotsin taito sille tasolle, jota varhaiskasvatuksen opettajana ty\u00f6skentely edellytt\u00e4\u00e4. Itse tutkinto-ohjelman rakenne ja opetus on kaikille samaa, mutta siin\u00e4 on erityisen vahva painotus suomen kielen tavoitteellisen oppimisen mahdollistamiseen, johtaja\u00a0<strong>Peppi Taalas<\/strong>\u00a0kertoo.<\/p>\n<p>Ensimm\u00e4iset 25 opiskelijaa aloittavat opintonsa tutkinto-ohjelmassa syksyll\u00e4 2027.<\/p>\n<p>Lis\u00e4tietoja:<br \/>Johtaja Peppi Taalas, <a href=\"https:\/\/www.sttinfo.fi\/tiedote\/71732705\/mailto:peppi.taalas@jyu.fi\" rel=\"nofollow noopener\" target=\"_blank\">peppi.taalas@jyu.fi<\/a><br \/>Yliopistonopettaja Olli Merjovaara, <a href=\"https:\/\/www.sttinfo.fi\/tiedote\/71732705\/mailto:olli.z.merjovaara@jyu.fi\" rel=\"nofollow noopener\" target=\"_blank\">olli.z.merjovaara@jyu.fi<\/a><br \/>Koulutuksesta vastaava varajohtaja Susanna Paloniemi, <a href=\"https:\/\/www.sttinfo.fi\/tiedote\/71732705\/mailto:susanna.paloniemi@jyu.fi\" rel=\"nofollow noopener\" target=\"_blank\">susanna.paloniemi@jyu.fi<\/a><br \/>Laitosjohtaja Tarja Ladonlahti, <a href=\"https:\/\/www.sttinfo.fi\/tiedote\/71732705\/mailto:tarja.ladonlahti@jyu.fi\" rel=\"nofollow noopener\" target=\"_blank\">tarja.ladonlahti@jyu.fi<\/a><\/p>\n","protected":false},"excerpt":{"rendered":"Jyv\u00e4skyl\u00e4n yliopisto sai opetus- ja kulttuuriministeri\u00f6lt\u00e4 300\u202f000 euron rahoituksen toiminnallisesti kaksikielisen varhaiskasvatuksen kandidaattiohjelman kehitt\u00e4miseen. Uuden ohjelman tavoitteena on&hellip;\n","protected":false},"author":2,"featured_media":141826,"comment_status":"","ping_status":"","sticky":false,"template":"","format":"standard","meta":{"footnotes":""},"categories":[12],"tags":[22,23,26,27,33,31,30,17,24,25,28,29,15,18,21,32,19,20,16],"class_list":{"0":"post-141825","1":"post","2":"type-post","3":"status-publish","4":"format-standard","5":"has-post-thumbnail","7":"category-suomi","8":"tag-breaking-news","9":"tag-breakingnews","10":"tag-featured-news","11":"tag-featurednews","12":"tag-fi","13":"tag-finland","14":"tag-finnish","15":"tag-headlines","16":"tag-latest-news","17":"tag-latestnews","18":"tag-main-news","19":"tag-mainnews","20":"tag-news","21":"tag-otsikot","22":"tag-paauutiset","23":"tag-suomi","24":"tag-top-stories","25":"tag-topstories","26":"tag-uutiset"},"share_on_mastodon":{"url":"https:\/\/pubeurope.com\/@fi\/115892084072142188","error":""},"_links":{"self":[{"href":"https:\/\/www.europesays.com\/fi\/wp-json\/wp\/v2\/posts\/141825","targetHints":{"allow":["GET"]}}],"collection":[{"href":"https:\/\/www.europesays.com\/fi\/wp-json\/wp\/v2\/posts"}],"about":[{"href":"https:\/\/www.europesays.com\/fi\/wp-json\/wp\/v2\/types\/post"}],"author":[{"embeddable":true,"href":"https:\/\/www.europesays.com\/fi\/wp-json\/wp\/v2\/users\/2"}],"replies":[{"embeddable":true,"href":"https:\/\/www.europesays.com\/fi\/wp-json\/wp\/v2\/comments?post=141825"}],"version-history":[{"count":0,"href":"https:\/\/www.europesays.com\/fi\/wp-json\/wp\/v2\/posts\/141825\/revisions"}],"wp:featuredmedia":[{"embeddable":true,"href":"https:\/\/www.europesays.com\/fi\/wp-json\/wp\/v2\/media\/141826"}],"wp:attachment":[{"href":"https:\/\/www.europesays.com\/fi\/wp-json\/wp\/v2\/media?parent=141825"}],"wp:term":[{"taxonomy":"category","embeddable":true,"href":"https:\/\/www.europesays.com\/fi\/wp-json\/wp\/v2\/categories?post=141825"},{"taxonomy":"post_tag","embeddable":true,"href":"https:\/\/www.europesays.com\/fi\/wp-json\/wp\/v2\/tags?post=141825"}],"curies":[{"name":"wp","href":"https:\/\/api.w.org\/{rel}","templated":true}]}}