{"id":141829,"date":"2026-01-14T06:51:09","date_gmt":"2026-01-14T06:51:09","guid":{"rendered":"https:\/\/www.europesays.com\/fi\/141829\/"},"modified":"2026-01-14T06:51:09","modified_gmt":"2026-01-14T06:51:09","slug":"honor-julkistaa-pian-kiinassa-kompaktin-magic8-pro-airin-ja-magic8-rsr-porsche-designin-taydentamaan-huippupuhelinten-sarjaansa-ensimmaiset-kuvat-julki","status":"publish","type":"post","link":"https:\/\/www.europesays.com\/fi\/141829\/","title":{"rendered":"Honor julkistaa pian Kiinassa kompaktin Magic8 Pro Airin ja Magic8 RSR Porsche Designin t\u00e4ydent\u00e4m\u00e4\u00e4n huippupuhelinten sarjaansa \u2013 ensimm\u00e4iset kuvat julki"},"content":{"rendered":"<p><a href=\"https:\/\/www.europesays.com\/fi\/wp-content\/uploads\/2026\/01\/honor_magic8_series_teaser.jpg\" data-lightbox=\"image\"><img fetchpriority=\"high\" decoding=\"async\" aria-describedby=\"caption-attachment-271596\" class=\"size-full wp-image-271596\" src=\"data:image\/svg+xml,%3Csvg%20xmlns=\" http:=\"\" alt=\"Honor Magic8 RSR Porsche Design ja Magic8 Pro Air ovat t\u00e4ydent\u00e4m\u00e4ss\u00e4 Honorin huippupuhelinvalikoimaa ainakin Kiinassa.\" width=\"1024\" height=\"1024\" data-lazy- data-lazy- data-lazy-src=\"https:\/\/www.europesays.com\/fi\/wp-content\/uploads\/2026\/01\/honor_magic8_series_teaser.jpg\"\/><\/a><\/p>\n<p id=\"caption-attachment-271596\" class=\"wp-caption-text\">Honor Magic8 RSR Porsche Design ja Magic8 Pro Air ovat t\u00e4ydent\u00e4m\u00e4ss\u00e4 Honorin huippupuhelinvalikoimaa ainakin Kiinassa.<\/p>\n<p>Honor on pian jatkamassa Magic8-sarjan huippupuhelintenjulkistuksia.<\/p>\n<p>Honor <a href=\"https:\/\/mobiili.fi\/2025\/10\/15\/honor-julkisti-magic8-sarjan-huippupuhelimensa-kiinassa-varustettu-snapdragon-8-elite-gen-5lla-ja-huippukameroilla\/\" rel=\"nofollow noopener\" target=\"_blank\">julkisti Kiinassa uudet Magic8-sarjan huippupuhelimensa Magic8:n ja Magic8 Pron jo 15. lokakuuta<\/a>. N\u00e4ist\u00e4 Euroopassa saapuu tuttuun tapaan myyntiin parempi Pro-malli, ja <a href=\"https:\/\/mobiili.fi\/2025\/12\/15\/honor-vahvisti-magic8-pro-huippupuhelin-ja-magic8-lite-tulossa-suomeen-tammikuussa\/\" rel=\"nofollow noopener\" target=\"_blank\">se on tulossa saataville Suomessa viel\u00e4 tammikuun aikana yhdess\u00e4 edullisemman keskihintaluokan Magic8 Liten kanssa<\/a>.<\/p>\n<p>Magic8-sarjaan on pitk\u00e4\u00e4n ohuttu kompaktia ja ohutta minimallia, jonka nimeksi on nyt paljastunut Magic8 Pro Air. Lis\u00e4ksi Magic8-sarjaa laajentaa my\u00f6s Magic8 RSR Porsche Design -erikoismalli. Tulevat uutuudet on nyt n\u00e4hty Magic8:n ja Magic8 Pron rinnalla Honorin jo Kiinassa jakamassa kuvassa.<\/p>\n<p style=\"width: 98%; text-align: center; font-size:13px; border-bottom: 1px solid #C8C8C8; line-height: 0.1em; margin: 8px 1% 16px 1%;\">MAINOS (ARTIKKELI JATKUU ALLA)<\/p>\n<p>Magic8 Pro Airin on odotettu tarjoavan 6,3 tuuman n\u00e4yt\u00f6n sek\u00e4 5 500 milliampeeritunnin akun. Samalla paksuutta puhelimella on tiett\u00e4v\u00e4sti vain 6,3 millimetri\u00e4 ja painoa 158 grammaa.<\/p>\n<p>Huolimatta kompaktista koosta Honor Magic8 Pro Air tulee sis\u00e4lt\u00e4m\u00e4\u00e4n suurella 1\/1,3\u2033 kennolla varustetun p\u00e4\u00e4kameran. J\u00e4rjestelm\u00e4piirin\u00e4 Magic8 Pro Airin odotetaan sis\u00e4lt\u00e4v\u00e4n MediaTekin Dimensity 9500:n.<\/p>\n<p><a href=\"https:\/\/www.europesays.com\/fi\/wp-content\/uploads\/2026\/01\/honor_magic8_pro_air_colors.jpg\" data-lightbox=\"image\"><img loading=\"lazy\" decoding=\"async\" aria-describedby=\"caption-attachment-271597\" class=\"size-full wp-image-271597\" src=\"data:image\/svg+xml,%3Csvg%20xmlns=\" http:=\"\" alt=\"Magic8 Pro Airin v\u00e4rivaihtoehdot vuotaneessa kuvassa.\" width=\"847\" height=\"588\" data-lazy- data-lazy- data-lazy-src=\"https:\/\/www.europesays.com\/fi\/wp-content\/uploads\/2026\/01\/honor_magic8_pro_air_colors.jpg\"\/><\/a><\/p>\n<p id=\"caption-attachment-271597\" class=\"wp-caption-text\">Magic8 Pro Airin v\u00e4rivaihtoehdot vuotaneessa kuvassa.<\/p>\n<p>Magic8 Pro Airin leve\u00e4 kamerakohouma muistuttaa hieman Applen iPhone Airia, mutta kameroita on enemm\u00e4n. Lis\u00e4ksi Honor Power2:n tavoin oranssi v\u00e4ri muistuttaa vahvasti iPhone 17 Pro -puhelimia.<\/p>\n<p style=\"width: 98%; text-align: center; font-size:13px; border-bottom: 1px solid #C8C8C8; line-height: 0.1em; margin: 8px 1% 16px 1%;\">MAINOS (ARTIKKELI JATKUU ALLA)<\/p>\n<p>Honorin julkaiseman kuvan lis\u00e4ksi Magic8 Pro Airin v\u00e4rivaihtoehdot on jo n\u00e4hty vuotokuvassa.<\/p>\n<p>Magic8 RSR Porsche Design on asettumassa malliston huipulle Magic8 Prosta hiottuna erikoisversiona, jossa on erottuva uurrettu muotoilu.<\/p>\n<p>Magic8 Pron tavoin Magic8 RSR Porsche Design odotetaan tarjoavan 6,71 tuuman n\u00e4yt\u00f6n, Qualcomm Snapdragon 8 Elite Gen 5 -j\u00e4rjestelm\u00e4piirin sek\u00e4 7 200 milliampeeritunnin akun 120 watin pikalatauksella.<\/p>\n<p>Mahdollisesti Magic8 RSR Porsche Design tarjoaa kuitenkin kameroiden saralla viel\u00e4 Magic8 Protakin vakuuttavamman kokonaisuuden.<\/p>\n<p>Mainos: <a href=\"https:\/\/hinta.fi\/?src=gPp6fX03\" target=\"_blank\" rel=\"nofollow noopener\">Noin 1 600 000 tuotteen hintavertailu ja hintaseuranta &#8211; katso Hinta.fist\u00e4 mist\u00e4 saat halvimmalla<\/a><\/p>\n","protected":false},"excerpt":{"rendered":"Honor Magic8 RSR Porsche Design ja Magic8 Pro Air ovat t\u00e4ydent\u00e4m\u00e4ss\u00e4 Honorin huippupuhelinvalikoimaa ainakin Kiinassa. Honor on pian&hellip;\n","protected":false},"author":2,"featured_media":141830,"comment_status":"","ping_status":"","sticky":false,"template":"","format":"standard","meta":{"footnotes":""},"categories":[85],"tags":[33,31,30,419,418,32,91,92],"class_list":{"0":"post-141829","1":"post","2":"type-post","3":"status-publish","4":"format-standard","5":"has-post-thumbnail","7":"category-mobiili","8":"tag-fi","9":"tag-finland","10":"tag-finnish","11":"tag-mobiili","12":"tag-mobile","13":"tag-suomi","14":"tag-technology","15":"tag-teknologia"},"share_on_mastodon":{"url":"https:\/\/pubeurope.com\/@fi\/115892131304001388","error":""},"_links":{"self":[{"href":"https:\/\/www.europesays.com\/fi\/wp-json\/wp\/v2\/posts\/141829","targetHints":{"allow":["GET"]}}],"collection":[{"href":"https:\/\/www.europesays.com\/fi\/wp-json\/wp\/v2\/posts"}],"about":[{"href":"https:\/\/www.europesays.com\/fi\/wp-json\/wp\/v2\/types\/post"}],"author":[{"embeddable":true,"href":"https:\/\/www.europesays.com\/fi\/wp-json\/wp\/v2\/users\/2"}],"replies":[{"embeddable":true,"href":"https:\/\/www.europesays.com\/fi\/wp-json\/wp\/v2\/comments?post=141829"}],"version-history":[{"count":0,"href":"https:\/\/www.europesays.com\/fi\/wp-json\/wp\/v2\/posts\/141829\/revisions"}],"wp:featuredmedia":[{"embeddable":true,"href":"https:\/\/www.europesays.com\/fi\/wp-json\/wp\/v2\/media\/141830"}],"wp:attachment":[{"href":"https:\/\/www.europesays.com\/fi\/wp-json\/wp\/v2\/media?parent=141829"}],"wp:term":[{"taxonomy":"category","embeddable":true,"href":"https:\/\/www.europesays.com\/fi\/wp-json\/wp\/v2\/categories?post=141829"},{"taxonomy":"post_tag","embeddable":true,"href":"https:\/\/www.europesays.com\/fi\/wp-json\/wp\/v2\/tags?post=141829"}],"curies":[{"name":"wp","href":"https:\/\/api.w.org\/{rel}","templated":true}]}}