{"id":141831,"date":"2026-01-14T06:52:09","date_gmt":"2026-01-14T06:52:09","guid":{"rendered":"https:\/\/www.europesays.com\/fi\/141831\/"},"modified":"2026-01-14T06:52:09","modified_gmt":"2026-01-14T06:52:09","slug":"marko-hietala-60-vuotta-avoimena-diagnoosistaan","status":"publish","type":"post","link":"https:\/\/www.europesays.com\/fi\/141831\/","title":{"rendered":"Marko Hietala 60 vuotta: Avoimena diagnoosistaan"},"content":{"rendered":"<p class=\"article-content article-content-width !bg-background\">Tasan viisi tuntia.<\/p>\n<p class=\"article-content article-content-width !bg-background\">Vaikka  on noussut el\u00e4m\u00e4ss\u00e4\u00e4n tuhansia kertoja yleis\u00f6n eteen, yksi asia ei muutu. Koko esiintymisp\u00e4iv\u00e4n ajan takaraivossa on tieto siit\u00e4, paljonko on viel\u00e4 aikaa siihen, kun h\u00e4n astuu lavalle.<\/p>\n<p class=\"font-weight-bold m-font-weight-bold article-content article-content-width !bg-background\">Katso arkistovideo: Marko esittelee Nadja-koiransa<\/p>\n<p class=\"article-content article-content-width !bg-background\">Nuo viisi tuntia h\u00e4n viett\u00e4\u00e4 t\u00e4ss\u00e4 Helsingin j\u00e4\u00e4hallin pukukopissa ennen kuin Raskasta joulua -kiertueen konsertti alkaa. Jalkojen alla on kiekkoilijoiden luistimien takia kumia ja pukuhuoneen keskusp\u00f6yd\u00e4ll\u00e4 p\u00e4hkin\u00f6it\u00e4, hedelmi\u00e4, proteiinipatukoita, vesipulloja.<\/p>\n<p class=\"article-content article-content-width !bg-background\">Ja onhan siell\u00e4 viini\u00e4 kartongissa sek\u00e4 isot pullot jaloviinaa ja vodkaa. Mutta niihin Marko Hietala ei en\u00e4\u00e4 koske. Ei siin\u00e4 mit\u00e4\u00e4n, nousussa olevat muusikot ovat viihdytt\u00e4v\u00e4\u00e4 seuraa, mutta eiv\u00e4t en\u00e4\u00e4 siin\u00e4 vaiheessa, kun alkavat sammaltaa.<\/p>\n<p class=\"article-content article-content-width !bg-background\">Hietala vaihtaa valokuvaajaa varten esiintymistakkiinsa. Tiukkaa tekee.<\/p>\n<p class=\"article-content article-content-width !bg-background\">\u2013\u2009T\u00e4ss\u00e4 on niin turvonnut olo, kun on vet\u00e4nyt kolme p\u00e4iv\u00e4\u00e4 m\u00f6mm\u00f6j\u00e4 ja Buranaa. Pit\u00e4isik\u00f6 laimentaa v\u00e4h\u00e4n saldoa, Hietala sanoo ja korkkaa vesipullon.<\/p>\n<p class=\"article-content article-content-width !bg-background\">Pukuhuoneessa vaeltaa muita kiertueella olijoita. Rundi on kest\u00e4nyt jo kuukauden, sen kuulee siit\u00e4, miten levottomia juttuja ilmoille tulee.<\/p>\n<p class=\"article-content article-content-width !bg-background\">Hietala laittaa t\u00f6k\u00f6tti\u00e4 leukapartaansa ja l\u00e4htee n\u00e4ytt\u00e4m\u00e4\u00e4n, milt\u00e4 lava n\u00e4ytt\u00e4\u00e4.<\/p>\n<p>        <a itemprop=\"url\" href=\"https:\/\/www.seiska.fi\/kotimaa\/marko-hietalalta-radikaali-ratkaisu-jouluna-lataa-suorat-sanat-minulle-on-ihan-turha\/1525213\" rel=\"nofollow noopener\" target=\"_blank\"><\/p>\n<p class=\"section-date\">\n        <strong class=\"article-section\" data-section=\"kotimaa\"><br \/>\n            kotimaa<br \/>\n        <\/strong><br \/>\n        25.12.2024 07:00\n    <\/p>\n<p>Marko Hietalalta radikaali ratkaisu jouluna \u2013 lataa suorat sanat: \u201dMinulle on ihan turha\u2026\u201d\n    <\/p>\n<p itemprop=\"description\" class=\"subtitle \">\n    Rokkit\u00e4hti ja Vain el\u00e4m\u00e4\u00e4 -stara kehottaa kansalaisia hiljentym\u00e4\u00e4n jouluna.\n<\/p>\n<p>        <\/a><\/p>\n<p>                <img decoding=\"async\" src=\"https:\/\/www.europesays.com\/fi\/wp-content\/uploads\/2026\/01\/2041357.webp.jpeg\" width=\"576\" height=\"322\" alt=\"Syntt\u00e4reit\u00e4\u00e4n juhlivalla Marko Hietalalla on takanaan vuosikymmeni\u00e4 kest\u00e4nyt musiikkiura.\" loading=\"lazy\" \/>            <\/p>\n<p>\n            Syntt\u00e4reit\u00e4\u00e4n juhlivalla Marko Hietalalla on takanaan vuosikymmeni\u00e4 kest\u00e4nyt musiikkiura.<br \/>\n            Antti Aimo-Koivisto\n        <\/p>\n<p class=\"article-content article-content-width !bg-background\">Oo, oo, oo, oo, oo. Kiivetess\u00e4\u00e4n valokuvaajaa varten lavalle Hietala laulaa alasp\u00e4in laskeutuvan asteikon.<\/p>\n<p class=\"article-content article-content-width !bg-background\">Se ei ole falsettia, vaan ohennetta. Ne ovat eri asioita, ja Marko Hietala tiet\u00e4\u00e4 n\u00e4m\u00e4 asiat tarkalleen.<\/p>\n<p class=\"article-content article-content-width !bg-background\">H\u00e4n on laulanut raskasta rockia pitk\u00e4lti yli 40 vuotta, siit\u00e4 l\u00e4htien kun kitaristiveljen kanssa perustetussa triossa kukaan muu ei kehdannut laulaa. N\u00e4in pitk\u00e4\u00e4 uraa ei ole tehty luonnonlahjoilla, vaan opettelemalla ja opiskelemalla.<\/p>\n<p>        <a itemprop=\"url\" href=\"https:\/\/www.seiska.fi\/kotimaa\/herttinen-raskasta-joulua-tahdet-villitsivat-kirkossa-yleisosta-paljonpuhuva-kommentti\/1555813\" rel=\"nofollow noopener\" target=\"_blank\"><\/p>\n<p class=\"section-date\">\n        <strong class=\"article-section\" data-section=\"kotimaa\"><br \/>\n            kotimaa<br \/>\n        <\/strong><br \/>\n        17.12.2024 16:30\n    <\/p>\n<p>Herttinen! Raskasta joulua -t\u00e4hdet villitsiv\u00e4t kirkossa \u2013 yleis\u00f6st\u00e4 paljonpuhuva kommentti\n    <\/p>\n<p itemprop=\"description\" class=\"subtitle \">\n    Loppuunmyyty Raskasta joulua -konsertti veti Kuusankosken kirkon \u00e4\u00e4ri\u00e4\u00e4n my\u00f6ten t\u00e4yteen.\n<\/p>\n<p>        <\/a><\/p>\n<p class=\"article-content article-content-width !bg-background\">Koiraa ulkoiluttaessaan Kuopion tai Espanjan rannoilla ja puistoissa Hietala p\u00e4\u00e4stelee ilmoille harjoituksia. Se opettaa my\u00f6s olemaan olematta tietoinen itsest\u00e4\u00e4n, vaikka toiset koiranulkoilijat tuijottaisivat, mik\u00e4 sekop\u00e4\u00e4 tuolla m\u00f6lisee.<\/p>\n<p class=\"article-content article-content-width !bg-background\">\u2013\u2009Kun sut pannaan lavalle ison ihmism\u00e4\u00e4r\u00e4n eteen, siin\u00e4 tulee taistele tai pakene -reaktio. Kun pysyy mahdollisimman rentona ja l\u00e4sn\u00e4, mutta et itsetietoisena, silloin se menee parhaiten, Hietala sanoo ja kauhaisee suuhunsa inkiv\u00e4\u00e4ri\u00e4.<\/p>\n<p>                <img decoding=\"async\" src=\"https:\/\/www.europesays.com\/fi\/wp-content\/uploads\/2026\/01\/2041298.webp.jpeg\" width=\"576\" height=\"322\" alt=\"Marko Hietala t\u00e4ytti py\u00f6re\u00e4t 60 vuotta 14. tammikuuta.\" loading=\"lazy\" \/>            <\/p>\n<p>\n            Marko Hietala t\u00e4ytti py\u00f6re\u00e4t 60 vuotta 14. tammikuuta.<br \/>\n            Antti Aimo-Koivisto\n        <\/p>\n<p>Planeetat oikeaan jonoon<\/p>\n<p class=\"article-content article-content-width !bg-background\">Inkiv\u00e4\u00e4ri helpottaa vuosikymmeni\u00e4 bassokitaran kaulaa puristaneen vasemman k\u00e4den nivelrikkokipua. Nyt sit\u00e4 voi viel\u00e4 ottaa, kun lavalle astumiseen on nelj\u00e4 ja puoli tuntia, mutta ei en\u00e4\u00e4 ennen keikkaa, koska inkiv\u00e4\u00e4ri turvottaa \u00e4\u00e4nentuottoelimist\u00f6\u00e4.<\/p>\n<p>        <a itemprop=\"url\" href=\"https:\/\/www.seiska.fi\/terveys\/marko-hietala-sai-diagnoosin\/1514648\" rel=\"nofollow noopener\" target=\"_blank\"><\/p>\n<p class=\"section-date\">\n        <strong class=\"article-section\" data-section=\"terveys\"><br \/>\n            terveys<br \/>\n        <\/strong><br \/>\n        12.11.2024 16:00\n    <\/p>\n<p>Marko Hietala sai diagnoosin\n    <\/p>\n<p itemprop=\"description\" class=\"subtitle \">\n    Muusikko Marko Hietala kertoo aikuisi\u00e4ll\u00e4 saamastaan diagnoosista Vain el\u00e4m\u00e4\u00e4 -ohjelmassa.\n<\/p>\n<p>        <\/a><\/p>\n<p class=\"article-content article-content-width !bg-background\">Vuonna 1997 Hietala joutui \u00e4\u00e4nihuulileikkaukseen. Polyyppi l\u00e4hti, mutta samalla tuli hermovaurio.<\/p>\n<p class=\"article-content article-content-width !bg-background\">\u2013\u2009Se on ikuisuusprojekti. Range tipahti pysyv\u00e4sti, mutta sit\u00e4 pystyy ty\u00f6st\u00e4m\u00e4\u00e4n. Eik\u00e4 t\u00e4m\u00e4 el\u00e4m\u00e4 ole varsinaisesti ep\u00e4onnistunut, Hietala sanoo ja v\u00e4l\u00e4ytt\u00e4\u00e4 leve\u00e4n hymyns\u00e4.<\/p>\n<p class=\"article-content article-content-width !bg-background\">Vuosituhannen alussa Hietalaa pyydettiin liittym\u00e4\u00e4n nousussa olleeseen Nightwishiin, jonka edellisell\u00e4 kiertueella h\u00e4n oli ollut mukana l\u00e4mmittelyb\u00e4ndiss\u00e4.<\/p>\n<p>                <img decoding=\"async\" src=\"https:\/\/www.europesays.com\/fi\/wp-content\/uploads\/2026\/01\/2041300.webp.jpeg\" width=\"576\" height=\"317\" alt=\"Marko oli Nightwishissa liki 20 vuotta, vuodet 2002\u20132021. H\u00e4n siirtyi sittemmin soolouralle.\" loading=\"lazy\" \/>            <\/p>\n<p>\n            Marko oli Nightwishissa liki 20 vuotta, vuodet 2002\u20132021. H\u00e4n siirtyi sittemmin soolouralle.<br \/>\n            Jari Tertti\n        <\/p>\n<p class=\"article-content article-content-width !bg-background\">Hietala oli 35-vuotias kahden pikkupojan is\u00e4. H\u00e4nell\u00e4 oli repussaan vuosien koulu Kuopiossa  Studio Soundissa mainosmusiikin tekij\u00e4n\u00e4 ja pitk\u00e4 p\u00e4tk\u00e4 keikkamuusikon el\u00e4m\u00e4\u00e4.<\/p>\n<p class=\"article-content article-content-width !bg-background\">\u2013\u2009Tajusin heti, ett\u00e4 t\u00e4m\u00e4 on hyv\u00e4 pesti. P\u00e4\u00e4sin toteuttamaan ambitioita ja takaamaan, ett\u00e4 pikkupojilla oli leip\u00e4\u00e4 p\u00f6yd\u00e4ss\u00e4. Ne olivat energisi\u00e4 ja hienoja vuosia.<\/p>\n<p class=\"article-content article-content-width !bg-background\">\u2013\u2009Siin\u00e4 i\u00e4ss\u00e4 tiedosti, etteiv\u00e4t n\u00e4m\u00e4 asiat onnistuisi, ellei aika moni planeetta menisi oikeaan jonoon.<\/p>\n<p class=\"article-content article-content-width !bg-background\">El\u00e4m\u00e4nkokemusta oli jo sen verran, ettei Hietala ostanut Porschea eik\u00e4 miekkoja, vaan marssi pankkineuvojan puheille. Jotain piti tietenkin hankkia.<\/p>\n<p class=\"article-content article-content-width !bg-background\">\u2013\u2009No ostin m\u00e4 auton. Sitten ensimm\u00e4isen oman asunnon, sitten oman talon. Ostin ekan plasmatelkkarin ja Genelecin kaiuttimet.<\/p>\n<p class=\"article-content article-content-width !bg-background\">Parinkymmenen menestyksekk\u00e4\u00e4n vuoden j\u00e4lkeen Hietala l\u00e4hti kev\u00e4\u00e4ll\u00e4 2021 Nightwishista. H\u00e4n kertoi julkisuuteen k\u00e4rsineens\u00e4 masennuksesta ja laukoi kriittisi\u00e4 n\u00e4kemyksi\u00e4 siit\u00e4, miten musiikkialan talous nyky\u00e4\u00e4n toimii.<\/p>\n<p class=\"article-content article-content-width !bg-background\">\u2013\u2009Onhan se v\u00e4h\u00e4n paskaa, kun (Spotifyn toimitusjohtaja)  ja sen kaverit Spotifyn huipulta elelee Bahamalla ja sijoittavat rahojaan aseteollisuuteen. Ne kaverit, jotka kirjoittavat biisit, josta nuo rahastavat, ne el\u00e4v\u00e4t pennosilla. Siin\u00e4 koko kaavassa on jotain suuresti v\u00e4\u00e4rin.<\/p>\n<p>        <a itemprop=\"url\" href=\"https:\/\/www.seiska.fi\/katso\/masennus-vei-marko-hietalalta-muistin\/1514594\" rel=\"nofollow noopener\" target=\"_blank\"><\/p>\n<p class=\"section-date\">\n        <strong class=\"article-section\" data-section=\"katso\"><br \/>\n            katso<br \/>\n        <\/strong><br \/>\n        12.11.2024 12:15\n    <\/p>\n<p>Masennus vei Marko Hietalalta muistin\n    <\/p>\n<p itemprop=\"description\" class=\"subtitle \">\n    Marko Hietala kertoo avoimesti mielen sairaudestaan Vain el\u00e4m\u00e4\u00e4 -ohjelmassa.\n<\/p>\n<p>        <\/a><\/p>\n<p class=\"article-content article-content-width !bg-background\">Hietalan n\u00e4kemykset musiikkialasta eiv\u00e4t ole muuttuneet, mutta pitk\u00e4\u00e4n oireilleen masennuksen hoidossa tuli mullistus muutama vuosi sitten.<\/p>\n<p class=\"article-content article-content-width !bg-background\">\u2013\u2009Masennus ja ahdistus olivatkin oireita vieraantumisesta muista ihmisist\u00e4 ja sosiaalisesta e\u00e4m\u00e4st\u00e4. Kun sit\u00e4 tutkittiin, kyll\u00e4h\u00e4n sielt\u00e4 ihan napakka adhd l\u00f6ytyi. Se on enemm\u00e4n ajatusten puolella, joskus se lipsahtaa impulsiiviseen fyysiseenkin sekoiluun. Mutta ei kyll\u00e4 l\u00e4hesk\u00e4\u00e4n niin paljon kuin silloin kun join viinaa.<\/p>\n<p class=\"article-content article-content-width !bg-background\">\u2013\u2009Kun adhd-pilleri tuli, meni kolmisen viikkoa, kun hortoilin takapihalla. Oli tosi outo olo. Se ahdistus oli poissa.<\/p>\n<p>        <a itemprop=\"url\" href=\"https:\/\/www.seiska.fi\/vain-seiskassa\/marko-hietala-hoitaa-kaamosmasennusta-espanjassa-tama-vain-pahenee-vuosi-vuodelta\/1437324\" rel=\"nofollow noopener\" target=\"_blank\"><\/p>\n<p>\nVain Seiskassa!\n<\/p>\n<p class=\"section-date\">\n        <strong class=\"article-section\" data-section=\"vain seiskassa\"><br \/>\n            vain seiskassa<br \/>\n        <\/strong><br \/>\n        24.8.2024 17:00\n    <\/p>\n<p>Marko Hietala hoitaa kaamosmasennusta Espanjassa: &#8221;T\u00e4m\u00e4 vain pahenee vuosi vuodelta&#8221;\n    <\/p>\n<p itemprop=\"description\" class=\"subtitle \">\n    Marko kertoo alkaneensa harkita jo nelj\u00e4-viisi vuotta sitten kakkoskotia auringosta.\n<\/p>\n<p>        <\/a><\/p>\n<p>                <img decoding=\"async\" src=\"https:\/\/www.europesays.com\/fi\/wp-content\/uploads\/2026\/01\/2041302.webp.jpeg\" width=\"576\" height=\"269\" alt=\"Marko osallistui Vain el\u00e4m\u00e4\u00e4 -ohjelman 15. tuotantokaudelle.\" loading=\"lazy\" \/>            <\/p>\n<p>\n            Marko osallistui Vain el\u00e4m\u00e4\u00e4 -ohjelman 15. tuotantokaudelle.<br \/>\n            Petri Aho\n        <\/p>\n<p>Vanha tarvitsee haasteita<\/p>\n<p class=\"article-content article-content-width !bg-background\">Konsertin alkuun on runsaat nelj\u00e4 tuntia.<\/p>\n<p class=\"article-content article-content-width !bg-background\">\u2013\u2009Edelleenkin nautin show&#8217;n tekemisest\u00e4 ja nautin muiden kuuntelemisesta. T\u00e4t\u00e4 voisi tehd\u00e4 suoraan hautaan saakka, jos vain saataisiin teleportti, ett\u00e4 matkustaminen saataisiin hoidettua jotenkin helpommin.<\/p>\n<p class=\"article-content article-content-width !bg-background\">Matkoja varten Hietalalla on padille ladattuna satoja kirjoja. H\u00e4n ei kuuntele \u00e4\u00e4nikirjoja, vaan nimenomaan lukee niin kuin on lukenut siit\u00e4 l\u00e4htien kun oppi nelj\u00e4vuotiaana lukemaan naapurin kaverin kanssa Aku Ankkaa tuijottaessaan. &#8217;<\/p>\n<p class=\"article-content article-content-width !bg-background\">Se hetki on j\u00e4\u00e4nyt pysyv\u00e4n\u00e4 v\u00e4l\u00e4hdyksen\u00e4 Hietalan muistiin, samoin kuin se, kun isoveli k\u00e4vi lainaamassa naapurin pojalta Black Sabbathin pitk\u00e4soiton Master of Realityn. Hietala oli yhdeks\u00e4nvuotias.<\/p>\n<p class=\"article-content article-content-width !bg-background\">\u2013\u2009Meik\u00e4l\u00e4inen luki Muumipeikkoa ja Pyrst\u00f6t\u00e4hte\u00e4. Todellinen maailmanlopun meininki. T\u00e4sm\u00e4si heti musan kanssa, Hietala virnist\u00e4\u00e4.<\/p>\n<p>        <a itemprop=\"url\" href=\"https:\/\/www.seiska.fi\/vain-seiskassa\/taman-takia-vain-elamaa-artistit-jannittivat-marko-hietalan-kohtaamista\/1438017\" rel=\"nofollow noopener\" target=\"_blank\"><\/p>\n<p>\nVain Seiskassa!\n<\/p>\n<p class=\"section-date\">\n        <strong class=\"article-section\" data-section=\"vain seiskassa\"><br \/>\n            vain seiskassa<br \/>\n        <\/strong><br \/>\n        23.8.2024 06:30\n    <\/p>\n<p>T\u00e4m\u00e4n takia Vain el\u00e4m\u00e4\u00e4 -artistit j\u00e4nnittiv\u00e4t Marko Hietalan kohtaamista\n    <\/p>\n<p itemprop=\"description\" class=\"subtitle \">\n    Nightwishin entisen vokalisti-basistin tapaaminen j\u00e4nnitti Satulinnaan astuneita artisteja.\n<\/p>\n<p>        <\/a><\/p>\n<p class=\"article-content article-content-width !bg-background\">Jos kirjat eiv\u00e4t riit\u00e4, on Nintendo ja pukuhuoneen penkill\u00e4 nytkin esill\u00e4 oleva pienoiskitara. Vanhalla j\u00e4b\u00e4ll\u00e4 pit\u00e4\u00e4 olla haastetta, joten nyt ty\u00f6n alla on oikean k\u00e4den viisisormitekniikka.<\/p>\n<p class=\"article-content article-content-width !bg-background\">Siihen on helppo upota. Mutta v\u00e4h\u00e4n v\u00e4li\u00e4 tulee vilkaistua pukuhuoneen oven vieress\u00e4 tikitt\u00e4v\u00e4n kellon punaisina v\u00e4lkkyvi\u00e4 numeroita.<\/p>\n<p class=\"article-content article-content-width !bg-background\">Kolme tuntia ja 54 minuuttia.<\/p>\n<p>                <img decoding=\"async\" src=\"https:\/\/www.europesays.com\/fi\/wp-content\/uploads\/2026\/01\/2041304.webp.jpeg\" width=\"576\" height=\"322\" alt=\"Markon rakkaus musiikkiin ei ole kaikonnut minnek\u00e4\u00e4n. \u2013\u2009Edelleenkin nautin show'n tekemisest\u00e4 ja nautin muiden kuuntelemisesta. T\u00e4t\u00e4 voisi tehd\u00e4 suoraan hautaan saakka, jos vain saataisiin teleportti, ett\u00e4 matkustaminen saataisiin hoidettua jotenkin helpommin.\" loading=\"lazy\" \/>            <\/p>\n<p>\n            Markon rakkaus musiikkiin ei ole kaikonnut minnek\u00e4\u00e4n. \u2013\u2009Edelleenkin nautin show&#8217;n tekemisest\u00e4 ja nautin muiden kuuntelemisesta. T\u00e4t\u00e4 voisi tehd\u00e4 suoraan hautaan saakka, jos vain saataisiin teleportti, ett\u00e4 matkustaminen saataisiin hoidettua jotenkin helpommin.<br \/>\n            Antti Aimo-Koivisto\n        <\/p>\n","protected":false},"excerpt":{"rendered":"Tasan viisi tuntia. Vaikka on noussut el\u00e4m\u00e4ss\u00e4\u00e4n tuhansia kertoja yleis\u00f6n eteen, yksi asia ei muutu. Koko esiintymisp\u00e4iv\u00e4n ajan&hellip;\n","protected":false},"author":2,"featured_media":141832,"comment_status":"","ping_status":"","sticky":false,"template":"","format":"standard","meta":{"footnotes":""},"categories":[136],"tags":[21174,598,407,4634,137,33,31,30,408,212,17235,47,6595,7111,9984,32,410,109],"class_list":{"0":"post-141831","1":"post","2":"type-post","3":"status-publish","4":"format-standard","5":"has-post-thumbnail","7":"category-julkkikset","8":"tag-60-vuotta","9":"tag-adhd","10":"tag-celebrities","11":"tag-diagnoosi","12":"tag-entertainment","13":"tag-fi","14":"tag-finland","15":"tag-finnish","16":"tag-julkkikset","17":"tag-lifestyle","18":"tag-marko-hietala","19":"tag-musiikki","20":"tag-musiikkiala","21":"tag-musiikkiura","22":"tag-nightwish","23":"tag-suomi","24":"tag-syntymapaiva","25":"tag-viihde"},"share_on_mastodon":{"url":"https:\/\/pubeurope.com\/@fi\/115892135097496426","error":""},"_links":{"self":[{"href":"https:\/\/www.europesays.com\/fi\/wp-json\/wp\/v2\/posts\/141831","targetHints":{"allow":["GET"]}}],"collection":[{"href":"https:\/\/www.europesays.com\/fi\/wp-json\/wp\/v2\/posts"}],"about":[{"href":"https:\/\/www.europesays.com\/fi\/wp-json\/wp\/v2\/types\/post"}],"author":[{"embeddable":true,"href":"https:\/\/www.europesays.com\/fi\/wp-json\/wp\/v2\/users\/2"}],"replies":[{"embeddable":true,"href":"https:\/\/www.europesays.com\/fi\/wp-json\/wp\/v2\/comments?post=141831"}],"version-history":[{"count":0,"href":"https:\/\/www.europesays.com\/fi\/wp-json\/wp\/v2\/posts\/141831\/revisions"}],"wp:featuredmedia":[{"embeddable":true,"href":"https:\/\/www.europesays.com\/fi\/wp-json\/wp\/v2\/media\/141832"}],"wp:attachment":[{"href":"https:\/\/www.europesays.com\/fi\/wp-json\/wp\/v2\/media?parent=141831"}],"wp:term":[{"taxonomy":"category","embeddable":true,"href":"https:\/\/www.europesays.com\/fi\/wp-json\/wp\/v2\/categories?post=141831"},{"taxonomy":"post_tag","embeddable":true,"href":"https:\/\/www.europesays.com\/fi\/wp-json\/wp\/v2\/tags?post=141831"}],"curies":[{"name":"wp","href":"https:\/\/api.w.org\/{rel}","templated":true}]}}